{"id":108525,"date":"2018-03-11T10:33:24","date_gmt":"2018-03-11T10:33:24","guid":{"rendered":"https:\/\/www.deberes.net\/tesis\/sin-categoria\/aula-hospitalaria-calidad-de-vida\/"},"modified":"2018-03-11T10:33:24","modified_gmt":"2018-03-11T10:33:24","slug":"aula-hospitalaria-calidad-de-vida","status":"publish","type":"post","link":"https:\/\/www.deberes.net\/tesis\/pedagogia-experimental\/aula-hospitalaria-calidad-de-vida\/","title":{"rendered":"Aula hospitalaria : calidad de vida"},"content":{"rendered":"<h2>Tesis doctoral de <strong> Mar\u00eda Antonia Castillo Mel\u00e9ndez <\/strong><\/h2>\n<p>La educaci\u00f3n es un derecho de todo ni\u00f1o y como tal, responsabilidad de los estados el definir pol\u00edticas que garanticen el acceso a la educaci\u00f3n.  la investigaci\u00f3n que se presenta, analiza la realidad que envuelve al ni\u00f1o enfermo hospitalizado, destacando las necesidades espec\u00edficas que manifiestan por su situaci\u00f3n de enfermedad, dando relevancia a factores que inciden en el proceso. Para ello, se ha elaborado un marco te\u00f3rico con el objetivo de situar el estudio dentro del contexto bibliogr\u00e1fico espec\u00edfico sobre el tema.  Se expone desde el concepto de enfermedad hasta las repercusiones que la patolog\u00eda, en los pacientes pedi\u00e1tricos puede ocasionar, situ\u00e1ndonos frente a los episodios de adaptaci\u00f3n que manifiestan los ni\u00f1os ante el ingreso hospitalario. Centrando el tema de la pedagog\u00eda hospitalaria como herramienta de normalizaci\u00f3n y de inclusi\u00f3n equitativa desde una visi\u00f3n europea. Los proyectos que se realizan y las funciones a desempe\u00f1ar por los docentes hospitalarios, as\u00ed como, las coordinaciones necesarias, ser\u00e1n la puerta de entrada a las aulas hospitalarias, como unidades donde se desarrolla la atenci\u00f3n educativa hospitalaria. A modo de ejemplo, se har\u00e1 referencia a la atenci\u00f3n a ni\u00f1os enfermos en la comunidad aut\u00f3noma de catalu\u00f1a. Sin obviarlas herramientas como las tics facilitadoras de conexiones  la investigaci\u00f3n est\u00e1 basada en la metodolog\u00eda cualitativa, teniendo su base en la investigaci\u00f3n aplicada y descriptiva. Mediante cuestionarios, se obtiene una serie de datos relacionados con la funcionalidad del aula hospitalaria, (tomando como referencia el aula hospitalaria dr. Antoni cambrod\u00ed del hospital universitario arnau de vilanova de lleida), as\u00ed como, la percepci\u00f3n de ni\u00f1os, padres y profesionales en contacto con la unidad educativa. El an\u00e1lisis de la realidad  nos da informaci\u00f3n sobre las vivencias de los ni\u00f1os hospitalizados en relaci\u00f3n a la asistencia al aula hospitalaria durante el proceso de enfermedad, dando lugar a las conclusiones.  en s\u00edntesis, se ha intentado explorar en la pr\u00e1ctica educativa de un aula hospitalaria concreta, como elemento que puede favorecer la calidad de vida de los ni\u00f1os hospitalizados, conociendo cu\u00e1les son las necesidades, participaci\u00f3n e implicaci\u00f3n en el aula, y tomando como referencia a toda la comunidad en contacto con el ni\u00f1o. El trabajo concluye con las referencias bibliografi\u00edtas y anexos complementarios al tema.<\/p>\n<p>&nbsp;<\/p>\n<h3>Datos acad\u00e9micos de la tesis doctoral \u00ab<strong>Aula hospitalaria : calidad de vida<\/strong>\u00ab<\/h3>\n<ul>\n<li><strong>T\u00edtulo de la tesis:<\/strong>\u00a0 Aula hospitalaria : calidad de vida <\/li>\n<li><strong>Autor:<\/strong>\u00a0 Mar\u00eda Antonia Castillo Mel\u00e9ndez <\/li>\n<li><strong>Universidad:<\/strong>\u00a0 Lleida<\/li>\n<li><strong>Fecha de lectura de la tesis:<\/strong>\u00a0 19\/05\/2011<\/li>\n<\/ul>\n<p>&nbsp;<\/p>\n<h3>Direcci\u00f3n y tribunal<\/h3>\n<ul>\n<li><strong>Director de la tesis<\/strong>\n<ul>\n<li>Amparo Mi\u00f1ambres Abad<\/li>\n<\/ul>\n<\/li>\n<li><strong>Tribunal<\/strong>\n<ul>\n<li>Presidente del tribunal: carmen Ponce alifonso <\/li>\n<li>josep Mar\u00eda Sanahuja  gavald? (vocal)<\/li>\n<li>eduardo Sol\u00e9 mir (vocal)<\/li>\n<li>crescencia Pastor  vicente (vocal)<\/li>\n<\/ul>\n<\/li>\n<\/ul>\n<p>&nbsp;<\/p>\n","protected":false},"excerpt":{"rendered":"<p>Tesis doctoral de Mar\u00eda Antonia Castillo Mel\u00e9ndez La educaci\u00f3n es un derecho de todo ni\u00f1o y como tal, responsabilidad de [&hellip;]<\/p>\n","protected":false},"author":1,"featured_media":0,"comment_status":"open","ping_status":"open","sticky":false,"template":"","format":"standard","meta":{"site-sidebar-layout":"default","site-content-layout":"","ast-site-content-layout":"","site-content-style":"default","site-sidebar-style":"default","ast-global-header-display":"","ast-banner-title-visibility":"","ast-main-header-display":"","ast-hfb-above-header-display":"","ast-hfb-below-header-display":"","ast-hfb-mobile-header-display":"","site-post-title":"","ast-breadcrumbs-content":"","ast-featured-img":"","footer-sml-layout":"","theme-transparent-header-meta":"","adv-header-id-meta":"","stick-header-meta":"","header-above-stick-meta":"","header-main-stick-meta":"","header-below-stick-meta":"","astra-migrate-meta-layouts":"default","ast-page-background-enabled":"default","ast-page-background-meta":{"desktop":{"background-color":"var(--ast-global-color-4)","background-image":"","background-repeat":"repeat","background-position":"center center","background-size":"auto","background-attachment":"scroll","background-type":"","background-media":"","overlay-type":"","overlay-color":"","overlay-gradient":""},"tablet":{"background-color":"","background-image":"","background-repeat":"repeat","background-position":"center center","background-size":"auto","background-attachment":"scroll","background-type":"","background-media":"","overlay-type":"","overlay-color":"","overlay-gradient":""},"mobile":{"background-color":"","background-image":"","background-repeat":"repeat","background-position":"center center","background-size":"auto","background-attachment":"scroll","background-type":"","background-media":"","overlay-type":"","overlay-color":"","overlay-gradient":""}},"ast-content-background-meta":{"desktop":{"background-color":"var(--ast-global-color-5)","background-image":"","background-repeat":"repeat","background-position":"center center","background-size":"auto","background-attachment":"scroll","background-type":"","background-media":"","overlay-type":"","overlay-color":"","overlay-gradient":""},"tablet":{"background-color":"var(--ast-global-color-5)","background-image":"","background-repeat":"repeat","background-position":"center center","background-size":"auto","background-attachment":"scroll","background-type":"","background-media":"","overlay-type":"","overlay-color":"","overlay-gradient":""},"mobile":{"background-color":"var(--ast-global-color-5)","background-image":"","background-repeat":"repeat","background-position":"center center","background-size":"auto","background-attachment":"scroll","background-type":"","background-media":"","overlay-type":"","overlay-color":"","overlay-gradient":""}},"footnotes":""},"categories":[18842,2330],"tags":[82470,84227,34143,87575,192730,217494],"class_list":["post-108525","post","type-post","status-publish","format-standard","hentry","category-lleida","category-pedagogia-experimental","tag-amparo-minambres-abad","tag-carmen-ponce-alifonso","tag-crescencia-pastor-vicente","tag-eduardo-sole-mir","tag-josep-maria-sanahuja-gavald","tag-maria-antonia-castillo-melendez"],"_links":{"self":[{"href":"https:\/\/www.deberes.net\/tesis\/wp-json\/wp\/v2\/posts\/108525","targetHints":{"allow":["GET"]}}],"collection":[{"href":"https:\/\/www.deberes.net\/tesis\/wp-json\/wp\/v2\/posts"}],"about":[{"href":"https:\/\/www.deberes.net\/tesis\/wp-json\/wp\/v2\/types\/post"}],"author":[{"embeddable":true,"href":"https:\/\/www.deberes.net\/tesis\/wp-json\/wp\/v2\/users\/1"}],"replies":[{"embeddable":true,"href":"https:\/\/www.deberes.net\/tesis\/wp-json\/wp\/v2\/comments?post=108525"}],"version-history":[{"count":0,"href":"https:\/\/www.deberes.net\/tesis\/wp-json\/wp\/v2\/posts\/108525\/revisions"}],"wp:attachment":[{"href":"https:\/\/www.deberes.net\/tesis\/wp-json\/wp\/v2\/media?parent=108525"}],"wp:term":[{"taxonomy":"category","embeddable":true,"href":"https:\/\/www.deberes.net\/tesis\/wp-json\/wp\/v2\/categories?post=108525"},{"taxonomy":"post_tag","embeddable":true,"href":"https:\/\/www.deberes.net\/tesis\/wp-json\/wp\/v2\/tags?post=108525"}],"curies":[{"name":"wp","href":"https:\/\/api.w.org\/{rel}","templated":true}]}}