{"id":108575,"date":"2018-03-11T10:33:24","date_gmt":"2018-03-11T10:33:24","guid":{"rendered":"https:\/\/www.deberes.net\/tesis\/sin-categoria\/la-cartografa%c2%ada-de-los-cprs-una-investigacion-cualitativa\/"},"modified":"2018-03-11T10:33:24","modified_gmt":"2018-03-11T10:33:24","slug":"la-cartografa%c2%ada-de-los-cprs-una-investigacion-cualitativa","status":"publish","type":"post","link":"https:\/\/www.deberes.net\/tesis\/organizacion-y-planificacion-de-la-educacion\/la-cartografa%c2%ada-de-los-cprs-una-investigacion-cualitativa\/","title":{"rendered":"La cartograf\u00edade los cprs. una investigaci\u00f3n cualitativa."},"content":{"rendered":"<h2>Tesis doctoral de <strong> Manuel Qu\u00edlez Serrano <\/strong><\/h2>\n<p>Realiza un estudio cualitativo sobre la realidad de los colegios rurales agrupados (cprs) en andaluc\u00eda, centr\u00e1ndose en los circunscritos a la provincia de c\u00e1diz. tiene como objetivo sacar a la luz qu\u00e9 piensan y sientes los distintos miembros de la comunidad educaiva en el medio rural y si la escuela satisface las necesidades educativas de sus hijos. Para ello sondea a inspectores, equipos directivos, profesores, alcaldes, miembros de ampas y profesorado. El enfoque recoge informaci\u00f3n mediante t\u00e9cnicas cualitativas, entre las que predominan la entrevista, la observaci\u00f3n y la charla informal, pero apoy\u00e1ndose en alguna encuesta y fotograf\u00edas. tiene como resultado un informe final en el que se recogen aportaciones de los entrevistados sobre el estado, necesidades y futuro de la escuela en el medio rural. Lo que lleva a plantear qu\u00e9 es lo que tiene que ser la escuela rural del futuro para satisfacer las necesidades educativas de ese entorno. Igualmente se presentan  12 conclusiones, obtenidas del rastreo y an\u00e1lisis de las aportaciones y observaciones hechas durante todo el proceso y que se plasman de modo general en el informe.<\/p>\n<p>&nbsp;<\/p>\n<h3>Datos acad\u00e9micos de la tesis doctoral \u00ab<strong>La cartograf\u00edade los cprs. una investigaci\u00f3n cualitativa.<\/strong>\u00ab<\/h3>\n<ul>\n<li><strong>T\u00edtulo de la tesis:<\/strong>\u00a0 La cartograf\u00edade los cprs. una investigaci\u00f3n cualitativa. <\/li>\n<li><strong>Autor:<\/strong>\u00a0 Manuel Qu\u00edlez Serrano <\/li>\n<li><strong>Universidad:<\/strong>\u00a0 C\u00e1diz<\/li>\n<li><strong>Fecha de lectura de la tesis:<\/strong>\u00a0 20\/05\/2011<\/li>\n<\/ul>\n<p>&nbsp;<\/p>\n<h3>Direcci\u00f3n y tribunal<\/h3>\n<ul>\n<li><strong>Director de la tesis<\/strong>\n<ul>\n<li>Jos\u00e9 Felix Angulo Rasco<\/li>\n<\/ul>\n<\/li>\n<li><strong>Tribunal<\/strong>\n<ul>\n<li>Presidente del tribunal: jose Gimeno sacristan <\/li>\n<li>jurjo Torres santome (vocal)<\/li>\n<li>Miguel L\u00f3pez melero (vocal)<\/li>\n<li>Mar\u00eda pilar Seco torrecillas (vocal)<\/li>\n<\/ul>\n<\/li>\n<\/ul>\n<p>&nbsp;<\/p>\n","protected":false},"excerpt":{"rendered":"<p>Tesis doctoral de Manuel Qu\u00edlez Serrano Realiza un estudio cualitativo sobre la realidad de los colegios rurales agrupados (cprs) en [&hellip;]<\/p>\n","protected":false},"author":1,"featured_media":0,"comment_status":"open","ping_status":"open","sticky":false,"template":"","format":"standard","meta":{"site-sidebar-layout":"default","site-content-layout":"","ast-site-content-layout":"","site-content-style":"default","site-sidebar-style":"default","ast-global-header-display":"","ast-banner-title-visibility":"","ast-main-header-display":"","ast-hfb-above-header-display":"","ast-hfb-below-header-display":"","ast-hfb-mobile-header-display":"","site-post-title":"","ast-breadcrumbs-content":"","ast-featured-img":"","footer-sml-layout":"","theme-transparent-header-meta":"","adv-header-id-meta":"","stick-header-meta":"","header-above-stick-meta":"","header-main-stick-meta":"","header-below-stick-meta":"","astra-migrate-meta-layouts":"default","ast-page-background-enabled":"default","ast-page-background-meta":{"desktop":{"background-color":"var(--ast-global-color-4)","background-image":"","background-repeat":"repeat","background-position":"center center","background-size":"auto","background-attachment":"scroll","background-type":"","background-media":"","overlay-type":"","overlay-color":"","overlay-gradient":""},"tablet":{"background-color":"","background-image":"","background-repeat":"repeat","background-position":"center center","background-size":"auto","background-attachment":"scroll","background-type":"","background-media":"","overlay-type":"","overlay-color":"","overlay-gradient":""},"mobile":{"background-color":"","background-image":"","background-repeat":"repeat","background-position":"center center","background-size":"auto","background-attachment":"scroll","background-type":"","background-media":"","overlay-type":"","overlay-color":"","overlay-gradient":""}},"ast-content-background-meta":{"desktop":{"background-color":"var(--ast-global-color-5)","background-image":"","background-repeat":"repeat","background-position":"center center","background-size":"auto","background-attachment":"scroll","background-type":"","background-media":"","overlay-type":"","overlay-color":"","overlay-gradient":""},"tablet":{"background-color":"var(--ast-global-color-5)","background-image":"","background-repeat":"repeat","background-position":"center center","background-size":"auto","background-attachment":"scroll","background-type":"","background-media":"","overlay-type":"","overlay-color":"","overlay-gradient":""},"mobile":{"background-color":"var(--ast-global-color-5)","background-image":"","background-repeat":"repeat","background-position":"center center","background-size":"auto","background-attachment":"scroll","background-type":"","background-media":"","overlay-type":"","overlay-color":"","overlay-gradient":""}},"footnotes":""},"categories":[1506,19245,1184,8934],"tags":[20527,7484,8936,217579,128722,66593],"class_list":["post-108575","post","type-post","status-publish","format-standard","hentry","category-cadiz","category-demografia-rural","category-organizacion-y-planificacion-de-la-educacion","category-profesion-y-situacion-del-profesorado","tag-jose-felix-angulo-rasco","tag-jose-gimeno-sacristan","tag-jurjo-torres-santome","tag-manuel-quilez-serrano","tag-maria-pilar-seco-torrecillas","tag-miguel-lopez-melero"],"_links":{"self":[{"href":"https:\/\/www.deberes.net\/tesis\/wp-json\/wp\/v2\/posts\/108575","targetHints":{"allow":["GET"]}}],"collection":[{"href":"https:\/\/www.deberes.net\/tesis\/wp-json\/wp\/v2\/posts"}],"about":[{"href":"https:\/\/www.deberes.net\/tesis\/wp-json\/wp\/v2\/types\/post"}],"author":[{"embeddable":true,"href":"https:\/\/www.deberes.net\/tesis\/wp-json\/wp\/v2\/users\/1"}],"replies":[{"embeddable":true,"href":"https:\/\/www.deberes.net\/tesis\/wp-json\/wp\/v2\/comments?post=108575"}],"version-history":[{"count":0,"href":"https:\/\/www.deberes.net\/tesis\/wp-json\/wp\/v2\/posts\/108575\/revisions"}],"wp:attachment":[{"href":"https:\/\/www.deberes.net\/tesis\/wp-json\/wp\/v2\/media?parent=108575"}],"wp:term":[{"taxonomy":"category","embeddable":true,"href":"https:\/\/www.deberes.net\/tesis\/wp-json\/wp\/v2\/categories?post=108575"},{"taxonomy":"post_tag","embeddable":true,"href":"https:\/\/www.deberes.net\/tesis\/wp-json\/wp\/v2\/tags?post=108575"}],"curies":[{"name":"wp","href":"https:\/\/api.w.org\/{rel}","templated":true}]}}