{"id":108596,"date":"2018-03-11T10:33:30","date_gmt":"2018-03-11T10:33:30","guid":{"rendered":"https:\/\/www.deberes.net\/tesis\/sin-categoria\/situacion-de-las-pymes-de-la-provincia-de-gipuzkoa-frente-al-modelo-de-empresa-extendida\/"},"modified":"2018-03-11T10:33:30","modified_gmt":"2018-03-11T10:33:30","slug":"situacion-de-las-pymes-de-la-provincia-de-gipuzkoa-frente-al-modelo-de-empresa-extendida","status":"publish","type":"post","link":"https:\/\/www.deberes.net\/tesis\/economia-del-cambio-tecnologico\/situacion-de-las-pymes-de-la-provincia-de-gipuzkoa-frente-al-modelo-de-empresa-extendida\/","title":{"rendered":"Situaci\u00f3n de las pymes de la provincia de gipuzkoa frente al modelo de empresa extendida"},"content":{"rendered":"<h2>Tesis doctoral de <strong> Aranzazu Mugica Arrien <\/strong><\/h2>\n<p>A lo largo de los a\u00f1os, las empresas han tenido que ir adapt\u00e1ndose a los diferentes cambios que se han producido en el entorno en el que viven. En el escenario empresarial en el que actualmente viven nuestras peque\u00f1as y medianas empresas (pymes), la incorporaci\u00f3n y utilizaci\u00f3n de las tecnolog\u00edas de la informaci\u00f3n y de la comunicaci\u00f3n (tics) no es una opci\u00f3n, sino una necesidad derivada de su evoluci\u00f3n en un mercado, cada vez m\u00e1s avanzado tecnol\u00f3gicamente y con mayor velocidad de cambios.  en este trabajo de investigaci\u00f3n se ha analizado la situaci\u00f3n de la pyme de la provincia de gipuzkoa frente al modelo de empresa extendida, con el fin de posibilitar en un futuro una mejora en la gesti\u00f3n de las empresas a trav\u00e9s de mecanismos que permitan no s\u00f3lo gestionar su propia cadena de valor sino que tambi\u00e9n tengan en cuenta al resto de agentes que configuran una empresa, desde los proveedores de materias primas hasta el cliente final. La incorporaci\u00f3n del enfoque de empresa extendida y la ampliaci\u00f3n del concepto de cadena de valor en la pyme persiguen que \u00e9stas puedan incrementar la capacidad competitiva. el concepto de empresa extendida recoge dos componentes clave para su consecuci\u00f3n con \u00e9xito. Por un lado, se refiere a la utilizaci\u00f3n de nuevas tecnolog\u00edas para la generaci\u00f3n de sinergias entre todos los actores de la misma cadena de valor. El segundo componente est\u00e1 compuesto por la visi\u00f3n empresarial, la estrat\u00e9gica empresarial, que va m\u00e1s all\u00e1 de lo que producimos en nuestras instalaciones, extendi\u00e9ndola a aquellos procesos que se producen fuera de nuestra organizaci\u00f3n pero que son claves para la supervivencia de nuestros clientes y por ende de nuestros proveedores.  en este sentido, se trata de hacer un uso adecuado de las tecnolog\u00edas de la informaci\u00f3n y comunicaci\u00f3n, tics, que conduzca a la creaci\u00f3n de valor directa o indirectamente y que apoye el elemento diferenciador y distintivo entre organizaciones, su conocimiento. Por tanto, se necesita establecer pautas que sirvan de orientaci\u00f3n a las empresas sobre qu\u00e9 tics usar, c\u00f3mo hacerlo de forma que puedan apoyar a la gesti\u00f3n de conocimiento, la mejora de la productividad y a los distintos procesos, en definitiva a mejorar su competitividad y acercarse al concepto de empresa extendida.<\/p>\n<p>&nbsp;<\/p>\n<h3>Datos acad\u00e9micos de la tesis doctoral \u00ab<strong>Situaci\u00f3n de las pymes de la provincia de gipuzkoa frente al modelo de empresa extendida<\/strong>\u00ab<\/h3>\n<ul>\n<li><strong>T\u00edtulo de la tesis:<\/strong>\u00a0 Situaci\u00f3n de las pymes de la provincia de gipuzkoa frente al modelo de empresa extendida <\/li>\n<li><strong>Autor:<\/strong>\u00a0 Aranzazu Mugica Arrien <\/li>\n<li><strong>Universidad:<\/strong>\u00a0 Pa\u00eds vasco\/euskal herriko unibertsitatea<\/li>\n<li><strong>Fecha de lectura de la tesis:<\/strong>\u00a0 20\/05\/2011<\/li>\n<\/ul>\n<p>&nbsp;<\/p>\n<h3>Direcci\u00f3n y tribunal<\/h3>\n<ul>\n<li><strong>Director de la tesis<\/strong>\n<ul>\n<li>Ibon Zamanillo Elguezabal<\/li>\n<\/ul>\n<\/li>\n<li><strong>Tribunal<\/strong>\n<ul>\n<li>Presidente del tribunal: ernesto Cilleruelo carrasco <\/li>\n<li>Miguel \u00e1ngel Manzanedo del campo (vocal)<\/li>\n<li>ces\u00e1reo Hern\u00e1ndez iglesias (vocal)<\/li>\n<li>ricardo Del olmo mart\u00ednez (vocal)<\/li>\n<\/ul>\n<\/li>\n<\/ul>\n<p>&nbsp;<\/p>\n","protected":false},"excerpt":{"rendered":"<p>Tesis doctoral de Aranzazu Mugica Arrien A lo largo de los a\u00f1os, las empresas han tenido que ir adapt\u00e1ndose a [&hellip;]<\/p>\n","protected":false},"author":1,"featured_media":0,"comment_status":"open","ping_status":"open","sticky":false,"template":"","format":"standard","meta":{"site-sidebar-layout":"default","site-content-layout":"","ast-site-content-layout":"","site-content-style":"default","site-sidebar-style":"default","ast-global-header-display":"","ast-banner-title-visibility":"","ast-main-header-display":"","ast-hfb-above-header-display":"","ast-hfb-below-header-display":"","ast-hfb-mobile-header-display":"","site-post-title":"","ast-breadcrumbs-content":"","ast-featured-img":"","footer-sml-layout":"","theme-transparent-header-meta":"","adv-header-id-meta":"","stick-header-meta":"","header-above-stick-meta":"","header-main-stick-meta":"","header-below-stick-meta":"","astra-migrate-meta-layouts":"default","ast-page-background-enabled":"default","ast-page-background-meta":{"desktop":{"background-color":"var(--ast-global-color-4)","background-image":"","background-repeat":"repeat","background-position":"center center","background-size":"auto","background-attachment":"scroll","background-type":"","background-media":"","overlay-type":"","overlay-color":"","overlay-gradient":""},"tablet":{"background-color":"","background-image":"","background-repeat":"repeat","background-position":"center center","background-size":"auto","background-attachment":"scroll","background-type":"","background-media":"","overlay-type":"","overlay-color":"","overlay-gradient":""},"mobile":{"background-color":"","background-image":"","background-repeat":"repeat","background-position":"center center","background-size":"auto","background-attachment":"scroll","background-type":"","background-media":"","overlay-type":"","overlay-color":"","overlay-gradient":""}},"ast-content-background-meta":{"desktop":{"background-color":"var(--ast-global-color-5)","background-image":"","background-repeat":"repeat","background-position":"center center","background-size":"auto","background-attachment":"scroll","background-type":"","background-media":"","overlay-type":"","overlay-color":"","overlay-gradient":""},"tablet":{"background-color":"var(--ast-global-color-5)","background-image":"","background-repeat":"repeat","background-position":"center center","background-size":"auto","background-attachment":"scroll","background-type":"","background-media":"","overlay-type":"","overlay-color":"","overlay-gradient":""},"mobile":{"background-color":"var(--ast-global-color-5)","background-image":"","background-repeat":"repeat","background-position":"center center","background-size":"auto","background-attachment":"scroll","background-type":"","background-media":"","overlay-type":"","overlay-color":"","overlay-gradient":""}},"footnotes":""},"categories":[836,2825,1302,12909],"tags":[217607,12683,13095,40427,136598,48223],"class_list":["post-108596","post","type-post","status-publish","format-standard","hentry","category-economia-del-cambio-tecnologico","category-organizacion-industrial-y-sector-publico","category-organizacion-y-gestion-de-empresas","category-pais-vasco-euskal-herriko-unibertsitatea","tag-aranzazu-mugica-arrien","tag-cesareo-hernandez-iglesias","tag-ernesto-cilleruelo-carrasco","tag-ibon-zamanillo-elguezabal","tag-miguel-angel-manzanedo-del-campo","tag-ricardo-del-olmo-Martinez"],"_links":{"self":[{"href":"https:\/\/www.deberes.net\/tesis\/wp-json\/wp\/v2\/posts\/108596","targetHints":{"allow":["GET"]}}],"collection":[{"href":"https:\/\/www.deberes.net\/tesis\/wp-json\/wp\/v2\/posts"}],"about":[{"href":"https:\/\/www.deberes.net\/tesis\/wp-json\/wp\/v2\/types\/post"}],"author":[{"embeddable":true,"href":"https:\/\/www.deberes.net\/tesis\/wp-json\/wp\/v2\/users\/1"}],"replies":[{"embeddable":true,"href":"https:\/\/www.deberes.net\/tesis\/wp-json\/wp\/v2\/comments?post=108596"}],"version-history":[{"count":0,"href":"https:\/\/www.deberes.net\/tesis\/wp-json\/wp\/v2\/posts\/108596\/revisions"}],"wp:attachment":[{"href":"https:\/\/www.deberes.net\/tesis\/wp-json\/wp\/v2\/media?parent=108596"}],"wp:term":[{"taxonomy":"category","embeddable":true,"href":"https:\/\/www.deberes.net\/tesis\/wp-json\/wp\/v2\/categories?post=108596"},{"taxonomy":"post_tag","embeddable":true,"href":"https:\/\/www.deberes.net\/tesis\/wp-json\/wp\/v2\/tags?post=108596"}],"curies":[{"name":"wp","href":"https:\/\/api.w.org\/{rel}","templated":true}]}}