{"id":108651,"date":"2018-03-11T10:33:35","date_gmt":"2018-03-11T10:33:35","guid":{"rendered":"https:\/\/www.deberes.net\/tesis\/sin-categoria\/shopping-center-sobre-o-consumo-a-cidade-e-os-centros-comerciais-em-portugal-e-na-europa\/"},"modified":"2018-03-11T10:33:35","modified_gmt":"2018-03-11T10:33:35","slug":"shopping-center-sobre-o-consumo-a-cidade-e-os-centros-comerciais-em-portugal-e-na-europa","status":"publish","type":"post","link":"https:\/\/www.deberes.net\/tesis\/consumo-ahorro-e-inversion\/shopping-center-sobre-o-consumo-a-cidade-e-os-centros-comerciais-em-portugal-e-na-europa\/","title":{"rendered":"Shopping (&#038;) center: sobre o consumo, a cidade e os centros comerciais em portugal e na europa"},"content":{"rendered":"<h2>Tesis doctoral de <strong> Miguel Silva Gra\u00c1\u00a7a <\/strong><\/h2>\n<p>Los centros comerciales son hoy uno de los elementos m\u00e1s marcantes de la ciudad europea contempor\u00e1nea, un lugar incontornable de la propia actividad del consumo y, cada vez m\u00e1s, uno de los lugares clave de la propia vida cotidiana. y si acudir al \u00abshopping\u00bb es experiencia de todos, la discusi\u00f3n del propio papel del centro comercial es a\u00fan un tema controvertido. Si, para unos, estas tipolog\u00edas constituyen locales donde todo se encuentra accesible de una forma confortable, protegida y segura, son vistos por otros como una de las realizaciones m\u00e1s plenas de un capitalismo avanzado, adecuados al tono de una \u00e9poca en la cual el consumo impregna todas las facetas y actividades de la vida contempor\u00e1nea. as\u00ed, si en la base de esta f\u00f3rmula minorista se encuentra subyacente una intenci\u00f3n de concentraci\u00f3n comercial, con vistas a la maximizaci\u00f3n del lucro, hoy, \u00e9stos no son espacios exclusivamente destinados al consumo pues, los ambientes escenogr\u00e1ficos de sus \u00abcalles\u00bb y \u00abplazas\u00bb &#8211; tal y como en los de la ciudad hist\u00f3rica, densa y compacta &#8211; son tambi\u00e9n tendencialmente lugares de paseo, ocio y entretenimiento y, por tanto, visitarlos es ir tambi\u00e9n al \u00abcenter\u00bb. as\u00ed, adem\u00e1s de constituir una expresi\u00f3n particular del mercado minorista &#8211; donde se muestran, prueban y venden productos y tambi\u00e9n son soportados usos, funciones y actividades que antes estaban reservados a la esfera de los espacios p\u00fablicos urbanos &#8211; los centros comerciales son, ellos propios, iconos destacados del panorama europeo contempor\u00e1neo. acompa\u00f1ando al surgimiento de una nueva condici\u00f3n urbana materializada en una ciudad que se expandi\u00f3 f\u00edsicamente m\u00e1s all\u00e1 de sus l\u00edmites y que tendencialmente se relaciona en red, veremos como estas estructuras comerciales se asumen como nudos de los paisajes metropolitanos en los cuales se implantan. Y si nociones como centro y periferia, p\u00fablico y privado, o lugar y no-lugar, se ven hoy desafiadas por el propio car\u00e1cter h\u00edbrido de estas tipolog\u00edas comerciales, ser\u00e1 precisamente porque la propia ciudad se transform\u00f3, a lo largo de los \u00faltimos cuarenta a\u00f1os, en una entidad cuya escala y complejidad no permite ya entender con facilidad su papel real y naturaleza. con todo, si reconocemos \u00e9ste como un fen\u00f3meno transversal a todo el panorama europeo, esta investigaci\u00f3n ilustrar\u00e1 su abordaje a trav\u00e9s del an\u00e1lisis de la evoluci\u00f3n de este fen\u00f3meno en un conjunto de territorios espec\u00edficos &#8211; m\u00e1s concretamente, alemania, italia, francia, espa\u00f1a y, con especial detalle, portugal &#8211; pretendiendo, de este modo, profundizar en la contextualizaci\u00f3n del actual papel de esta f\u00f3rmula minorista en un territorio urbano cada vez m\u00e1s fragmentado y poblado hipertextualmente por redes de movilidad y polos de funciones y actividades, entre los cuales se destaca la propia tipolog\u00eda del centro comercial. intentaremos a\u00fan encuadrar el papel que estos formatos comerciales desempe\u00f1an a escala territorial, se\u00f1alando el contexto espec\u00edfico del \u00e1rea metropolitana de oporto &#8211; por su semejanza formal a otros territorios difusos en europa &#8211; y analizando la forma en que factores como su localizaci\u00f3n, su \u00e1rea de influencia, sus formas de acceso o su posici\u00f3n territorial en relaci\u00f3n con otros elementos y nudos de la red urbana, son hoy vectores de destacada relevancia en la definici\u00f3n y caracterizaci\u00f3n de estas tipolog\u00edas comerciales. as\u00ed, ante un panorama en el cual los centros comerciales acumulan progresivamente las Valencias de locales privilegiados del consumo &#8211; \u00abshopping\u00bb &#8211; y de centros de gravedad &#8211; \u00abcenter\u00bb &#8211; de la propia condici\u00f3n metropolitana contempor\u00e1nea, el objetivo de fondo de este trabajo de investigaci\u00f3n se habr\u00e1 de centrar, as\u00ed, en la comprensi\u00f3n de la naturaleza de las relaciones que se establecen entre estos formatos comerciales y la propia ciudad europea contempor\u00e1nea. de esta forma, \u00e9sta no es solamente una investigaci\u00f3n sobre centros comerciales. Es tambi\u00e9n una discusi\u00f3n sobre los nuevos conceptos de urbanidad que se construyen en la ciudad contempor\u00e1nea, donde el consumo va progresivamente ganando una importancia creciente en su reorganizaci\u00f3n territorial y los centros comerciales se asumen como una condensaci\u00f3n de centralidad en una ciudad que, m\u00e1s que compacta, es hoy extensiva y territorialmente difusa. M\u00e1s que un estudio sobre la tipolog\u00eda espec\u00edfica del \u00abshopping center\u00bb, \u00e9sta es una pesquisa en torno a una hip\u00f3tesis: la de que los usos, que gravitan alrededor de la esfera del consumo inducen a afirmar su papel en cuanto pieza urbana y, por consiguiente, que este formato comercial es hoy simult\u00e1neamente \u00abshopping &#038; center\u00bb de la ciudad europea contempor\u00e1nea.<\/p>\n<p>&nbsp;<\/p>\n<h3>Datos acad\u00e9micos de la tesis doctoral \u00ab<strong>Shopping (&#038;) center: sobre o consumo, a cidade e os centros comerciais em portugal e na europa<\/strong>\u00ab<\/h3>\n<ul>\n<li><strong>T\u00edtulo de la tesis:<\/strong>\u00a0 Shopping (&#038;) center: sobre o consumo, a cidade e os centros comerciais em portugal e na europa <\/li>\n<li><strong>Autor:<\/strong>\u00a0 Miguel Silva Gra\u00c1\u00a7a <\/li>\n<li><strong>Universidad:<\/strong>\u00a0 Valladolid<\/li>\n<li><strong>Fecha de lectura de la tesis:<\/strong>\u00a0 24\/05\/2011<\/li>\n<\/ul>\n<p>&nbsp;<\/p>\n<h3>Direcci\u00f3n y tribunal<\/h3>\n<ul>\n<li><strong>Director de la tesis<\/strong>\n<ul>\n<li>Nuno Rodrigo Martins Portas<\/li>\n<\/ul>\n<\/li>\n<li><strong>Tribunal<\/strong>\n<ul>\n<li>Presidente del tribunal: Juan  Luis de las Rivas sanz <\/li>\n<li>teresa Barata salgueiro (vocal)<\/li>\n<li>ram\u00f3n L\u00f3pez de lucio (vocal)<\/li>\n<li>corinna Morandi (vocal)<\/li>\n<\/ul>\n<\/li>\n<\/ul>\n<p>&nbsp;<\/p>\n","protected":false},"excerpt":{"rendered":"<p>Tesis doctoral de Miguel Silva Gra\u00c1\u00a7a Los centros comerciales son hoy uno de los elementos m\u00e1s marcantes de la ciudad [&hellip;]<\/p>\n","protected":false},"author":1,"featured_media":0,"comment_status":"open","ping_status":"open","sticky":false,"template":"","format":"standard","meta":{"site-sidebar-layout":"default","site-content-layout":"","ast-site-content-layout":"","site-content-style":"default","site-sidebar-style":"default","ast-global-header-display":"","ast-banner-title-visibility":"","ast-main-header-display":"","ast-hfb-above-header-display":"","ast-hfb-below-header-display":"","ast-hfb-mobile-header-display":"","site-post-title":"","ast-breadcrumbs-content":"","ast-featured-img":"","footer-sml-layout":"","theme-transparent-header-meta":"","adv-header-id-meta":"","stick-header-meta":"","header-above-stick-meta":"","header-main-stick-meta":"","header-below-stick-meta":"","astra-migrate-meta-layouts":"default","ast-page-background-enabled":"default","ast-page-background-meta":{"desktop":{"background-color":"var(--ast-global-color-4)","background-image":"","background-repeat":"repeat","background-position":"center center","background-size":"auto","background-attachment":"scroll","background-type":"","background-media":"","overlay-type":"","overlay-color":"","overlay-gradient":""},"tablet":{"background-color":"","background-image":"","background-repeat":"repeat","background-position":"center center","background-size":"auto","background-attachment":"scroll","background-type":"","background-media":"","overlay-type":"","overlay-color":"","overlay-gradient":""},"mobile":{"background-color":"","background-image":"","background-repeat":"repeat","background-position":"center center","background-size":"auto","background-attachment":"scroll","background-type":"","background-media":"","overlay-type":"","overlay-color":"","overlay-gradient":""}},"ast-content-background-meta":{"desktop":{"background-color":"var(--ast-global-color-5)","background-image":"","background-repeat":"repeat","background-position":"center center","background-size":"auto","background-attachment":"scroll","background-type":"","background-media":"","overlay-type":"","overlay-color":"","overlay-gradient":""},"tablet":{"background-color":"var(--ast-global-color-5)","background-image":"","background-repeat":"repeat","background-position":"center center","background-size":"auto","background-attachment":"scroll","background-type":"","background-media":"","overlay-type":"","overlay-color":"","overlay-gradient":""},"mobile":{"background-color":"var(--ast-global-color-5)","background-image":"","background-repeat":"repeat","background-position":"center center","background-size":"auto","background-attachment":"scroll","background-type":"","background-media":"","overlay-type":"","overlay-color":"","overlay-gradient":""}},"footnotes":""},"categories":[747,17316,13112,5371,12451],"tags":[217694,32206,217693,217652,213777,128096],"class_list":["post-108651","post","type-post","status-publish","format-standard","hentry","category-consumo-ahorro-e-inversion","category-edificios-industriales-y-comerciales","category-medio-urbano","category-urbanismo","category-valladolid","tag-corinna-morandi","tag-juan-luis-de-las-rivas-sanz","tag-miguel-silva-graaa","tag-nuno-rodrigo-martins-portas","tag-ramon-lopez-de-lucio","tag-teresa-barata-salgueiro"],"_links":{"self":[{"href":"https:\/\/www.deberes.net\/tesis\/wp-json\/wp\/v2\/posts\/108651","targetHints":{"allow":["GET"]}}],"collection":[{"href":"https:\/\/www.deberes.net\/tesis\/wp-json\/wp\/v2\/posts"}],"about":[{"href":"https:\/\/www.deberes.net\/tesis\/wp-json\/wp\/v2\/types\/post"}],"author":[{"embeddable":true,"href":"https:\/\/www.deberes.net\/tesis\/wp-json\/wp\/v2\/users\/1"}],"replies":[{"embeddable":true,"href":"https:\/\/www.deberes.net\/tesis\/wp-json\/wp\/v2\/comments?post=108651"}],"version-history":[{"count":0,"href":"https:\/\/www.deberes.net\/tesis\/wp-json\/wp\/v2\/posts\/108651\/revisions"}],"wp:attachment":[{"href":"https:\/\/www.deberes.net\/tesis\/wp-json\/wp\/v2\/media?parent=108651"}],"wp:term":[{"taxonomy":"category","embeddable":true,"href":"https:\/\/www.deberes.net\/tesis\/wp-json\/wp\/v2\/categories?post=108651"},{"taxonomy":"post_tag","embeddable":true,"href":"https:\/\/www.deberes.net\/tesis\/wp-json\/wp\/v2\/tags?post=108651"}],"curies":[{"name":"wp","href":"https:\/\/api.w.org\/{rel}","templated":true}]}}