{"id":108669,"date":"2018-03-11T10:33:35","date_gmt":"2018-03-11T10:33:35","guid":{"rendered":"https:\/\/www.deberes.net\/tesis\/sin-categoria\/los-medios-en-la-practica-docente-del-especialista-en-educacion-musical-en-galicia\/"},"modified":"2018-03-11T10:33:35","modified_gmt":"2018-03-11T10:33:35","slug":"los-medios-en-la-practica-docente-del-especialista-en-educacion-musical-en-galicia","status":"publish","type":"post","link":"https:\/\/www.deberes.net\/tesis\/santiago-de-compostela\/los-medios-en-la-practica-docente-del-especialista-en-educacion-musical-en-galicia\/","title":{"rendered":"Los medios en la pr\u00e1ctica docente del especialista en educaci\u00f3n musical en galicia"},"content":{"rendered":"<h2>Tesis doctoral de <strong> Carol Jean Gillanders <\/strong><\/h2>\n<p>El objeto de estudio de esta tesis doctoral comprende el an\u00e1lisis de la presencia de los medios impresos, audiovisuales, inform\u00e1ticos y de otras tecnolog\u00edas en la escuela primaria gallega, el conocimiento de los usos que realizan los maestros de m\u00fasica de esos medios y su percepci\u00f3n de la formaci\u00f3n recibida para trabajar con ellos a trav\u00e9s de cuestionarios y entrevistas.  se presenta una revisi\u00f3n del lugar que ha ocupado hist\u00f3ricamente la ense\u00f1anza musical en la escuela primaria, la formaci\u00f3n de sus docentes en espa\u00f1a hasta la legislaci\u00f3n actual y las principales propuestas de educaci\u00f3n musical del siglo xx. Tambi\u00e9n se repasan las investigaciones realizadas en m\u00fasica y en medios para establecer sus l\u00edneas principales.    los datos obtenidos han permitido comprender mejor la pr\u00e1ctica de la educaci\u00f3n musical en la escuela primaria en galicia, sus particularidades y dificultades que son resueltas (o no) por los maestros de m\u00fasica.<\/p>\n<p>&nbsp;<\/p>\n<h3>Datos acad\u00e9micos de la tesis doctoral \u00ab<strong>Los medios en la pr\u00e1ctica docente del especialista en educaci\u00f3n musical en galicia<\/strong>\u00ab<\/h3>\n<ul>\n<li><strong>T\u00edtulo de la tesis:<\/strong>\u00a0 Los medios en la pr\u00e1ctica docente del especialista en educaci\u00f3n musical en galicia <\/li>\n<li><strong>Autor:<\/strong>\u00a0 Carol Jean Gillanders <\/li>\n<li><strong>Universidad:<\/strong>\u00a0 Santiago de compostela<\/li>\n<li><strong>Fecha de lectura de la tesis:<\/strong>\u00a0 25\/05\/2011<\/li>\n<\/ul>\n<p>&nbsp;<\/p>\n<h3>Direcci\u00f3n y tribunal<\/h3>\n<ul>\n<li><strong>Director de la tesis<\/strong>\n<ul>\n<li>Beatriz Cebreiro L\u00f3pez<\/li>\n<\/ul>\n<\/li>\n<li><strong>Tribunal<\/strong>\n<ul>\n<li>Presidente del tribunal: araceli Estebaranz garcia <\/li>\n<li>Mar\u00eda de los \u00e1ngeles L\u00f3pez de la calle sampedro (vocal)<\/li>\n<li>adolfina Perez garcia (vocal)<\/li>\n<li>v\u00edctor Neuman kovensky (vocal)<\/li>\n<\/ul>\n<\/li>\n<\/ul>\n<p>&nbsp;<\/p>\n","protected":false},"excerpt":{"rendered":"<p>Tesis doctoral de Carol Jean Gillanders El objeto de estudio de esta tesis doctoral comprende el an\u00e1lisis de la presencia [&hellip;]<\/p>\n","protected":false},"author":1,"featured_media":0,"comment_status":"open","ping_status":"open","sticky":false,"template":"","format":"standard","meta":{"site-sidebar-layout":"default","site-content-layout":"","ast-site-content-layout":"","site-content-style":"default","site-sidebar-style":"default","ast-global-header-display":"","ast-banner-title-visibility":"","ast-main-header-display":"","ast-hfb-above-header-display":"","ast-hfb-below-header-display":"","ast-hfb-mobile-header-display":"","site-post-title":"","ast-breadcrumbs-content":"","ast-featured-img":"","footer-sml-layout":"","theme-transparent-header-meta":"","adv-header-id-meta":"","stick-header-meta":"","header-above-stick-meta":"","header-main-stick-meta":"","header-below-stick-meta":"","astra-migrate-meta-layouts":"default","ast-page-background-enabled":"default","ast-page-background-meta":{"desktop":{"background-color":"var(--ast-global-color-4)","background-image":"","background-repeat":"repeat","background-position":"center center","background-size":"auto","background-attachment":"scroll","background-type":"","background-media":"","overlay-type":"","overlay-color":"","overlay-gradient":""},"tablet":{"background-color":"","background-image":"","background-repeat":"repeat","background-position":"center center","background-size":"auto","background-attachment":"scroll","background-type":"","background-media":"","overlay-type":"","overlay-color":"","overlay-gradient":""},"mobile":{"background-color":"","background-image":"","background-repeat":"repeat","background-position":"center center","background-size":"auto","background-attachment":"scroll","background-type":"","background-media":"","overlay-type":"","overlay-color":"","overlay-gradient":""}},"ast-content-background-meta":{"desktop":{"background-color":"var(--ast-global-color-5)","background-image":"","background-repeat":"repeat","background-position":"center center","background-size":"auto","background-attachment":"scroll","background-type":"","background-media":"","overlay-type":"","overlay-color":"","overlay-gradient":""},"tablet":{"background-color":"var(--ast-global-color-5)","background-image":"","background-repeat":"repeat","background-position":"center center","background-size":"auto","background-attachment":"scroll","background-type":"","background-media":"","overlay-type":"","overlay-color":"","overlay-gradient":""},"mobile":{"background-color":"var(--ast-global-color-5)","background-image":"","background-repeat":"repeat","background-position":"center center","background-size":"auto","background-attachment":"scroll","background-type":"","background-media":"","overlay-type":"","overlay-color":"","overlay-gradient":""}},"footnotes":""},"categories":[1892,2233,9132,1288,977],"tags":[183449,40705,45452,217720,135121,73851],"class_list":["post-108669","post","type-post","status-publish","format-standard","hentry","category-ensenanza-con-ayuda-de-ordenador","category-metodos-pedagogicos","category-musica-y-musicologia","category-preparacion-de-profesores","category-santiago-de-compostela","tag-adolfina-perez-garcia","tag-araceli-estebaranz-garcia","tag-beatriz-cebreiro-lopez","tag-carol-jean-gillanders","tag-maria-de-los-angeles-lopez-de-la-calle-sampedro","tag-victor-neuman-kovensky"],"_links":{"self":[{"href":"https:\/\/www.deberes.net\/tesis\/wp-json\/wp\/v2\/posts\/108669","targetHints":{"allow":["GET"]}}],"collection":[{"href":"https:\/\/www.deberes.net\/tesis\/wp-json\/wp\/v2\/posts"}],"about":[{"href":"https:\/\/www.deberes.net\/tesis\/wp-json\/wp\/v2\/types\/post"}],"author":[{"embeddable":true,"href":"https:\/\/www.deberes.net\/tesis\/wp-json\/wp\/v2\/users\/1"}],"replies":[{"embeddable":true,"href":"https:\/\/www.deberes.net\/tesis\/wp-json\/wp\/v2\/comments?post=108669"}],"version-history":[{"count":0,"href":"https:\/\/www.deberes.net\/tesis\/wp-json\/wp\/v2\/posts\/108669\/revisions"}],"wp:attachment":[{"href":"https:\/\/www.deberes.net\/tesis\/wp-json\/wp\/v2\/media?parent=108669"}],"wp:term":[{"taxonomy":"category","embeddable":true,"href":"https:\/\/www.deberes.net\/tesis\/wp-json\/wp\/v2\/categories?post=108669"},{"taxonomy":"post_tag","embeddable":true,"href":"https:\/\/www.deberes.net\/tesis\/wp-json\/wp\/v2\/tags?post=108669"}],"curies":[{"name":"wp","href":"https:\/\/api.w.org\/{rel}","templated":true}]}}