{"id":108734,"date":"2018-03-11T10:33:41","date_gmt":"2018-03-11T10:33:41","guid":{"rendered":"https:\/\/www.deberes.net\/tesis\/sin-categoria\/efectos-y-consecuencias-del-11-s-una-perspectiva-etico-pola%c2%adtica\/"},"modified":"2018-03-11T10:33:41","modified_gmt":"2018-03-11T10:33:41","slug":"efectos-y-consecuencias-del-11-s-una-perspectiva-etico-pola%c2%adtica","status":"publish","type":"post","link":"https:\/\/www.deberes.net\/tesis\/medios-de-comunicacion-de-masas\/efectos-y-consecuencias-del-11-s-una-perspectiva-etico-pola%c2%adtica\/","title":{"rendered":"Efectos y consecuencias del 11-s. una perspectiva \u00e9tico-pol\u00edtica"},"content":{"rendered":"<h2>Tesis doctoral de <strong> Alejandro V\u00e9lez Salas <\/strong><\/h2>\n<p>A diez a\u00f1os de los atentados terroristas ocurridos en las ciudades de nueva york y washington (11-s) resulta necesario hacer una lectura \u00e9tica y pol\u00edtica de los efectos globales que ha tenido dicho acontecimiento en \u00e1reas tan diversas como la seguridad nacional, la pol\u00edtica exterior, la vigilancia, el discurso de los medios de comunicaci\u00f3n, los ordenamientos jur\u00eddicos y las relaciones humanas en general. La mayor\u00eda de estos efectos deben leerse en clave de seguridad ya que fueron justificados desde la administraci\u00f3n bush para hacer frente a la amenaza de un nuevo enemigo: el terrorismo internacional de corte isl\u00e1mico fundamentalista. Aunque el epicentro de los cambios se encuentre en los estados unidos de am\u00e9rica, \u00e9stos no tardaron mucho en ser exportados y aprovechados conscientemente por otros estados para avanzar en sus agendas pol\u00edticas. Las consecuencias de esta cruzada global antiterrorista se han dejado escuchar sobre todo en el ya erosionado campo de los derechos humanos donde los ejemplos m\u00e1s visibles son las intervenciones militares en irak y afganist\u00e1n. Sin embargo, hay muchas otras secuelas, como el aumento en la vigilancia o la introducci\u00f3n de ciertos cambios legislativos que nada tienen que ver con el terrorismo pero que amenazan nuestras libertades m\u00e1s b\u00e1sicas.<\/p>\n<p>&nbsp;<\/p>\n<h3>Datos acad\u00e9micos de la tesis doctoral \u00ab<strong>Efectos y consecuencias del 11-s. una perspectiva \u00e9tico-pol\u00edtica<\/strong>\u00ab<\/h3>\n<ul>\n<li><strong>T\u00edtulo de la tesis:<\/strong>\u00a0 Efectos y consecuencias del 11-s. una perspectiva \u00e9tico-pol\u00edtica <\/li>\n<li><strong>Autor:<\/strong>\u00a0 Alejandro V\u00e9lez Salas <\/li>\n<li><strong>Universidad:<\/strong>\u00a0 Pompeu fabra<\/li>\n<li><strong>Fecha de lectura de la tesis:<\/strong>\u00a0 27\/05\/2011<\/li>\n<\/ul>\n<p>&nbsp;<\/p>\n<h3>Direcci\u00f3n y tribunal<\/h3>\n<ul>\n<li><strong>Director de la tesis<\/strong>\n<ul>\n<li>Francisco Fern\u00e1ndez Buey<\/li>\n<\/ul>\n<\/li>\n<li><strong>Tribunal<\/strong>\n<ul>\n<li>Presidente del tribunal: javier De lucas martin <\/li>\n<li>Jos\u00e9 Luis Gordillo ferr\u00e9 (vocal)<\/li>\n<li>  (vocal)<\/li>\n<li>  (vocal)<\/li>\n<\/ul>\n<\/li>\n<\/ul>\n<p>&nbsp;<\/p>\n","protected":false},"excerpt":{"rendered":"<p>Tesis doctoral de Alejandro V\u00e9lez Salas A diez a\u00f1os de los atentados terroristas ocurridos en las ciudades de nueva york [&hellip;]<\/p>\n","protected":false},"author":1,"featured_media":0,"comment_status":"open","ping_status":"open","sticky":false,"template":"","format":"standard","meta":{"site-sidebar-layout":"default","site-content-layout":"","ast-site-content-layout":"","site-content-style":"default","site-sidebar-style":"default","ast-global-header-display":"","ast-banner-title-visibility":"","ast-main-header-display":"","ast-hfb-above-header-display":"","ast-hfb-below-header-display":"","ast-hfb-mobile-header-display":"","site-post-title":"","ast-breadcrumbs-content":"","ast-featured-img":"","footer-sml-layout":"","theme-transparent-header-meta":"","adv-header-id-meta":"","stick-header-meta":"","header-above-stick-meta":"","header-main-stick-meta":"","header-below-stick-meta":"","astra-migrate-meta-layouts":"default","ast-page-background-enabled":"default","ast-page-background-meta":{"desktop":{"background-color":"var(--ast-global-color-4)","background-image":"","background-repeat":"repeat","background-position":"center center","background-size":"auto","background-attachment":"scroll","background-type":"","background-media":"","overlay-type":"","overlay-color":"","overlay-gradient":""},"tablet":{"background-color":"","background-image":"","background-repeat":"repeat","background-position":"center center","background-size":"auto","background-attachment":"scroll","background-type":"","background-media":"","overlay-type":"","overlay-color":"","overlay-gradient":""},"mobile":{"background-color":"","background-image":"","background-repeat":"repeat","background-position":"center center","background-size":"auto","background-attachment":"scroll","background-type":"","background-media":"","overlay-type":"","overlay-color":"","overlay-gradient":""}},"ast-content-background-meta":{"desktop":{"background-color":"var(--ast-global-color-5)","background-image":"","background-repeat":"repeat","background-position":"center center","background-size":"auto","background-attachment":"scroll","background-type":"","background-media":"","overlay-type":"","overlay-color":"","overlay-gradient":""},"tablet":{"background-color":"var(--ast-global-color-5)","background-image":"","background-repeat":"repeat","background-position":"center center","background-size":"auto","background-attachment":"scroll","background-type":"","background-media":"","overlay-type":"","overlay-color":"","overlay-gradient":""},"mobile":{"background-color":"var(--ast-global-color-5)","background-image":"","background-repeat":"repeat","background-position":"center center","background-size":"auto","background-attachment":"scroll","background-type":"","background-media":"","overlay-type":"","overlay-color":"","overlay-gradient":""}},"footnotes":""},"categories":[19869,14652,5051,18712,48665],"tags":[217814,8539,141757,99238],"class_list":["post-108734","post","type-post","status-publish","format-standard","hentry","category-derechos-humanos","category-guerra-y-paz","category-medios-de-comunicacion-de-masas","category-pompeu-fabra","category-terrorismo","tag-alejandro-velez-salas","tag-francisco-fernandez-buey","tag-javier-de-lucas-martin","tag-jose-luis-gordillo-ferre"],"_links":{"self":[{"href":"https:\/\/www.deberes.net\/tesis\/wp-json\/wp\/v2\/posts\/108734","targetHints":{"allow":["GET"]}}],"collection":[{"href":"https:\/\/www.deberes.net\/tesis\/wp-json\/wp\/v2\/posts"}],"about":[{"href":"https:\/\/www.deberes.net\/tesis\/wp-json\/wp\/v2\/types\/post"}],"author":[{"embeddable":true,"href":"https:\/\/www.deberes.net\/tesis\/wp-json\/wp\/v2\/users\/1"}],"replies":[{"embeddable":true,"href":"https:\/\/www.deberes.net\/tesis\/wp-json\/wp\/v2\/comments?post=108734"}],"version-history":[{"count":0,"href":"https:\/\/www.deberes.net\/tesis\/wp-json\/wp\/v2\/posts\/108734\/revisions"}],"wp:attachment":[{"href":"https:\/\/www.deberes.net\/tesis\/wp-json\/wp\/v2\/media?parent=108734"}],"wp:term":[{"taxonomy":"category","embeddable":true,"href":"https:\/\/www.deberes.net\/tesis\/wp-json\/wp\/v2\/categories?post=108734"},{"taxonomy":"post_tag","embeddable":true,"href":"https:\/\/www.deberes.net\/tesis\/wp-json\/wp\/v2\/tags?post=108734"}],"curies":[{"name":"wp","href":"https:\/\/api.w.org\/{rel}","templated":true}]}}