{"id":108736,"date":"2018-03-11T10:33:41","date_gmt":"2018-03-11T10:33:41","guid":{"rendered":"https:\/\/www.deberes.net\/tesis\/sin-categoria\/modelling-non-industrial-private-forest-management-in-galicia-a-new-approach-for-forest-research\/"},"modified":"2018-03-11T10:33:41","modified_gmt":"2018-03-11T10:33:41","slug":"modelling-non-industrial-private-forest-management-in-galicia-a-new-approach-for-forest-research","status":"publish","type":"post","link":"https:\/\/www.deberes.net\/tesis\/sector-de-agricultura-silvicultura-ganaderia-y-pesca\/modelling-non-industrial-private-forest-management-in-galicia-a-new-approach-for-forest-research\/","title":{"rendered":"Modelling non-industrial private forest management in galicia: a new approach for forest research"},"content":{"rendered":"<h2>Tesis doctoral de <strong> Ver\u00f3nica Rodr\u00edguez Vicente <\/strong><\/h2>\n<p>El sector forestal gallego ha experimentado en las \u00faltimas d\u00e9cadas una fuerte expansi\u00f3n en superficie sobre tierras antiguamente dedicadas a la agricultura y a la ganader\u00eda, incremento superficial que no ido acompa\u00f1ado de una repercusi\u00f3n econ\u00f3mica y social similar. Partiendo de la importante representaci\u00f3n de la propiedad privada de la tierra en la regi\u00f3n, y en relaci\u00f3n con el concepto de gesti\u00f3n forestal sostenible, se revisan en primer lugar diferentes metodolog\u00edas de planificaci\u00f3n y seguimiento forestal implementadas en otras regiones europeas atendiendo a su potencialidad como alternativas de avance y de desarrollo del sector forestal gallego. Estas l\u00edneas &#8211; redes de contabilidad, modelos de cooperaci\u00f3n, programas de educaci\u00f3n y asesoramiento y medidas p\u00fablicas de apoyo econ\u00f3mico &#8211; son analizadas con el fin \u00faltimo de generar criterios para su adaptaci\u00f3n a la comunidad gallega. En segundo lugar, teniendo en cuenta el papel clave de la propiedad privada individual en la gesti\u00f3n de las tierras forestales de numerosas \u00e1reas rurales del mundo (non-industrial private forest ownership, nipf ownership), los siguientes cuatro art\u00edculos de la presente tesis doctoral se centran particularmente en explicar y modelar la gesti\u00f3n nipf &#8211; plantaci\u00f3n, selvicultura y corta forestal- mediante el an\u00e1lisis emp\u00edrico de atributos vinculados al perfil del propietario, unidad familiar, din\u00e1mica en los usos agroforestales de la tierra y caracter\u00edsticas de la propiedad, y factores econ\u00f3micos. As\u00ed, un total de 103 nipf de la regi\u00f3n mari\u00f1a oriental (noroeste de galicia) fueron entrevistados personalmente en marzo de 2004 con el objetivo de conocer sus pr\u00e1cticas de gesti\u00f3n forestal durante el per\u00edodo 1999-2003. Los resultados sugieren que: (i) la ocupaci\u00f3n profesional es el principal factor que, directa o indirectamente, influye en la conducta de gesti\u00f3n forestal, en concreto los antecedentes agr\u00edcolas del propietario; (ii) el patr\u00f3n de adquisici\u00f3n de las tierras, los reempleos forestales, la disponibilidad de maquinaria agroforestal en la explotaci\u00f3n, junto con la mano de obra familiar y el asesoramiento t\u00e9cnico en la actividad, son tambi\u00e9n factores significativos en las pr\u00e1cticas forestales analizadas; (iii) la gesti\u00f3n forestal responde principalmente al principio de capitalizaci\u00f3n e incremento de la productividad de la tierra como capital activo, siendo determinante el tama\u00f1o y grado de parcelaci\u00f3n de la propiedad, as\u00ed como el propio inter\u00e9s del propietario en la producci\u00f3n maderera; (iv) unos ingresos forestales atractivos y unas condiciones favorables para el mercado de madera son \u00edtems clave en la iniciaci\u00f3n y continuidad de la actividad forestal, siendo relevante en el tipo de gesti\u00f3n desarrollada las circunstancias personales y familiares. Los resultados pueden ser de inter\u00e9s para el dise\u00f1o, planificaci\u00f3n e implementaci\u00f3n de medidas p\u00fablicas de investigaci\u00f3n y promoci\u00f3n que incentiven una gesti\u00f3n forestal sostenible al amparo del desarrollo rural entre la poblaci\u00f3n nipf.<\/p>\n<p>&nbsp;<\/p>\n<h3>Datos acad\u00e9micos de la tesis doctoral \u00ab<strong>Modelling non-industrial private forest management in galicia: a new approach for forest research<\/strong>\u00ab<\/h3>\n<ul>\n<li><strong>T\u00edtulo de la tesis:<\/strong>\u00a0 Modelling non-industrial private forest management in galicia: a new approach for forest research <\/li>\n<li><strong>Autor:<\/strong>\u00a0 Ver\u00f3nica Rodr\u00edguez Vicente <\/li>\n<li><strong>Universidad:<\/strong>\u00a0 Santiago de compostela<\/li>\n<li><strong>Fecha de lectura de la tesis:<\/strong>\u00a0 27\/05\/2011<\/li>\n<\/ul>\n<p>&nbsp;<\/p>\n<h3>Direcci\u00f3n y tribunal<\/h3>\n<ul>\n<li><strong>Director de la tesis<\/strong>\n<ul>\n<li>Manuel Francisco Marey P\u00e9rez<\/li>\n<\/ul>\n<\/li>\n<li><strong>Tribunal<\/strong>\n<ul>\n<li>Presidente del tribunal: Carlos \u00e1lvarez l\u00f3pez <\/li>\n<li>Luis Diaz balteiro (vocal)<\/li>\n<li>gl\u00f3ria Dom\u00ednguez  torres (vocal)<\/li>\n<li>Jos\u00e9 guilherme Martin dias calvao borges (vocal)<\/li>\n<\/ul>\n<\/li>\n<\/ul>\n<p>&nbsp;<\/p>\n","protected":false},"excerpt":{"rendered":"<p>Tesis doctoral de Ver\u00f3nica Rodr\u00edguez Vicente El sector forestal gallego ha experimentado en las \u00faltimas d\u00e9cadas una fuerte expansi\u00f3n en [&hellip;]<\/p>\n","protected":false},"author":1,"featured_media":0,"comment_status":"open","ping_status":"open","sticky":false,"template":"","format":"standard","meta":{"site-sidebar-layout":"default","site-content-layout":"","ast-site-content-layout":"","site-content-style":"default","site-sidebar-style":"default","ast-global-header-display":"","ast-banner-title-visibility":"","ast-main-header-display":"","ast-hfb-above-header-display":"","ast-hfb-below-header-display":"","ast-hfb-mobile-header-display":"","site-post-title":"","ast-breadcrumbs-content":"","ast-featured-img":"","footer-sml-layout":"","theme-transparent-header-meta":"","adv-header-id-meta":"","stick-header-meta":"","header-above-stick-meta":"","header-main-stick-meta":"","header-below-stick-meta":"","astra-migrate-meta-layouts":"default","ast-page-background-enabled":"default","ast-page-background-meta":{"desktop":{"background-color":"var(--ast-global-color-4)","background-image":"","background-repeat":"repeat","background-position":"center center","background-size":"auto","background-attachment":"scroll","background-type":"","background-media":"","overlay-type":"","overlay-color":"","overlay-gradient":""},"tablet":{"background-color":"","background-image":"","background-repeat":"repeat","background-position":"center center","background-size":"auto","background-attachment":"scroll","background-type":"","background-media":"","overlay-type":"","overlay-color":"","overlay-gradient":""},"mobile":{"background-color":"","background-image":"","background-repeat":"repeat","background-position":"center center","background-size":"auto","background-attachment":"scroll","background-type":"","background-media":"","overlay-type":"","overlay-color":"","overlay-gradient":""}},"ast-content-background-meta":{"desktop":{"background-color":"var(--ast-global-color-5)","background-image":"","background-repeat":"repeat","background-position":"center center","background-size":"auto","background-attachment":"scroll","background-type":"","background-media":"","overlay-type":"","overlay-color":"","overlay-gradient":""},"tablet":{"background-color":"var(--ast-global-color-5)","background-image":"","background-repeat":"repeat","background-position":"center center","background-size":"auto","background-attachment":"scroll","background-type":"","background-media":"","overlay-type":"","overlay-color":"","overlay-gradient":""},"mobile":{"background-color":"var(--ast-global-color-5)","background-image":"","background-repeat":"repeat","background-position":"center center","background-size":"auto","background-attachment":"scroll","background-type":"","background-media":"","overlay-type":"","overlay-color":"","overlay-gradient":""}},"footnotes":""},"categories":[2429,16334,977,935,13119],"tags":[88490,217818,217819,71220,69656,217817],"class_list":["post-108736","post","type-post","status-publish","format-standard","hentry","category-ordenacion-de-montes","category-productos-forestales","category-santiago-de-compostela","category-sector-de-agricultura-silvicultura-ganaderia-y-pesca","category-silvicultura","tag-carlos-alvarez-lopez","tag-gloria-dominguez-torres","tag-jose-guilherme-martin-dias-calvao-borges","tag-luis-diaz-balteiro","tag-manuel-francisco-marey-perez","tag-veronica-rodriguez-vicente"],"_links":{"self":[{"href":"https:\/\/www.deberes.net\/tesis\/wp-json\/wp\/v2\/posts\/108736","targetHints":{"allow":["GET"]}}],"collection":[{"href":"https:\/\/www.deberes.net\/tesis\/wp-json\/wp\/v2\/posts"}],"about":[{"href":"https:\/\/www.deberes.net\/tesis\/wp-json\/wp\/v2\/types\/post"}],"author":[{"embeddable":true,"href":"https:\/\/www.deberes.net\/tesis\/wp-json\/wp\/v2\/users\/1"}],"replies":[{"embeddable":true,"href":"https:\/\/www.deberes.net\/tesis\/wp-json\/wp\/v2\/comments?post=108736"}],"version-history":[{"count":0,"href":"https:\/\/www.deberes.net\/tesis\/wp-json\/wp\/v2\/posts\/108736\/revisions"}],"wp:attachment":[{"href":"https:\/\/www.deberes.net\/tesis\/wp-json\/wp\/v2\/media?parent=108736"}],"wp:term":[{"taxonomy":"category","embeddable":true,"href":"https:\/\/www.deberes.net\/tesis\/wp-json\/wp\/v2\/categories?post=108736"},{"taxonomy":"post_tag","embeddable":true,"href":"https:\/\/www.deberes.net\/tesis\/wp-json\/wp\/v2\/tags?post=108736"}],"curies":[{"name":"wp","href":"https:\/\/api.w.org\/{rel}","templated":true}]}}