{"id":108773,"date":"2018-03-11T10:33:48","date_gmt":"2018-03-11T10:33:48","guid":{"rendered":"https:\/\/www.deberes.net\/tesis\/sin-categoria\/gestion-de-la-calidad-y-excelencia-en-los-centros-integrados-de-formacion-profesional-de-galicia-estudio-de-casos\/"},"modified":"2018-03-11T10:33:48","modified_gmt":"2018-03-11T10:33:48","slug":"gestion-de-la-calidad-y-excelencia-en-los-centros-integrados-de-formacion-profesional-de-galicia-estudio-de-casos","status":"publish","type":"post","link":"https:\/\/www.deberes.net\/tesis\/santiago-de-compostela\/gestion-de-la-calidad-y-excelencia-en-los-centros-integrados-de-formacion-profesional-de-galicia-estudio-de-casos\/","title":{"rendered":"Gesti\u00f3n de la calidad y excelencia en los centros integrados de formaci\u00f3n profesional de galicia: estudio de casos"},"content":{"rendered":"<h2>Tesis doctoral de <strong> Mar\u00eda Del Pilar Carnota Carneiro <\/strong><\/h2>\n<p>Este trabajo aborda la gesti\u00f3n de la calidad en los centros integrados de formaci\u00f3n profesional de galicia profundizando en el conocimiento de la implantaci\u00f3n de la calidad en las instituciones formativas dependientes de la conseller\u00eda de traballo e benestar y de la conseller\u00eda de educaci\u00f3n y ordenaci\u00f3n universitaria. Con posterioridad se ahonda en la calidad centrando la investigaci\u00f3n en el estudio de dos centros, cada uno de ellos dependientes de una de la conseller\u00edas anteriormente citadas. se elabora un amplio marco te\u00f3rico que se sustenta en dos ejes: la integraci\u00f3n e interrelaci\u00f3n de la formaci\u00f3n profesional y la gesti\u00f3n de la calidad. para abordar el primer eje hacemos un recorrido por la configuraci\u00f3n del nuevo modelo de formaci\u00f3n profesional desde la perspectiva europea, nacional y auton\u00f3mica y nos centramos en las estructuras que posibilitan el desarrollo de la actual fp y la creaci\u00f3n de los cifp en la comunidad gallega. el segundo eje nos facilita el conocimiento de la evoluci\u00f3n del concepto calidad y las perspectivas desde las que se aborda en el \u00e1mbito de la formaci\u00f3n. El estudio de los posibles enfoques nos lleva a conocer en profundidad las normas iso 9000 (referente utilizado en los cifp de galicia) y el modelo europeo de excelencia (modelo empleado en la investigaci\u00f3n) y el v\u00ednculo entre ambos.  el dise\u00f1o y desarrollo de la investigaci\u00f3n se enmarca dentro del paradigma emergente, y se caracteriza por la combinaci\u00f3n de m\u00e9todos cualitativos y cuantitativos. En esta l\u00ednea metodol\u00f3gica se inscribe  el conocimiento de la implantaci\u00f3n de la calidad en las los cifp de galicia, y el estudio en profundidad de dos centros. La aplicaci\u00f3n del modelo de la efqm en las instituciones objeto de estudio posibilita el conocimiento de la situaci\u00f3n de ambas organizaciones en relaci\u00f3n a la calidad y permite determinar sus fortalezas y debilidades y establecer posibles \u00e1reas de mejora. Proporciona a la vez una importante fuente de saber a la investigaci\u00f3n, que se concreta en una perspectiva de la calidad incluida en la estructura organizativa y funcional de los centros, impregnando la actividad diaria.<\/p>\n<p>&nbsp;<\/p>\n<h3>Datos acad\u00e9micos de la tesis doctoral \u00ab<strong>Gesti\u00f3n de la calidad y excelencia en los centros integrados de formaci\u00f3n profesional de galicia: estudio de casos<\/strong>\u00ab<\/h3>\n<ul>\n<li><strong>T\u00edtulo de la tesis:<\/strong>\u00a0 Gesti\u00f3n de la calidad y excelencia en los centros integrados de formaci\u00f3n profesional de galicia: estudio de casos <\/li>\n<li><strong>Autor:<\/strong>\u00a0 Mar\u00eda Del Pilar Carnota Carneiro <\/li>\n<li><strong>Universidad:<\/strong>\u00a0 Santiago de compostela<\/li>\n<li><strong>Fecha de lectura de la tesis:<\/strong>\u00a0 30\/05\/2011<\/li>\n<\/ul>\n<p>&nbsp;<\/p>\n<h3>Direcci\u00f3n y tribunal<\/h3>\n<ul>\n<li><strong>Director de la tesis<\/strong>\n<ul>\n<li>Antonio Rial Sanchez<\/li>\n<\/ul>\n<\/li>\n<li><strong>Tribunal<\/strong>\n<ul>\n<li>Presidente del tribunal: Miguel angel Zabalza beraza <\/li>\n<li>Jos\u00e9 Tejada fernandez (vocal)<\/li>\n<li>alfonso Cid sabucedo (vocal)<\/li>\n<li>manuela Raposo rivas (vocal)<\/li>\n<\/ul>\n<\/li>\n<\/ul>\n<p>&nbsp;<\/p>\n","protected":false},"excerpt":{"rendered":"<p>Tesis doctoral de Mar\u00eda Del Pilar Carnota Carneiro Este trabajo aborda la gesti\u00f3n de la calidad en los centros integrados [&hellip;]<\/p>\n","protected":false},"author":1,"featured_media":0,"comment_status":"open","ping_status":"open","sticky":false,"template":"","format":"standard","meta":{"site-sidebar-layout":"default","site-content-layout":"","ast-site-content-layout":"","site-content-style":"default","site-sidebar-style":"default","ast-global-header-display":"","ast-banner-title-visibility":"","ast-main-header-display":"","ast-hfb-above-header-display":"","ast-hfb-below-header-display":"","ast-hfb-mobile-header-display":"","site-post-title":"","ast-breadcrumbs-content":"","ast-featured-img":"","footer-sml-layout":"","theme-transparent-header-meta":"","adv-header-id-meta":"","stick-header-meta":"","header-above-stick-meta":"","header-main-stick-meta":"","header-below-stick-meta":"","astra-migrate-meta-layouts":"default","ast-page-background-enabled":"default","ast-page-background-meta":{"desktop":{"background-color":"var(--ast-global-color-4)","background-image":"","background-repeat":"repeat","background-position":"center center","background-size":"auto","background-attachment":"scroll","background-type":"","background-media":"","overlay-type":"","overlay-color":"","overlay-gradient":""},"tablet":{"background-color":"","background-image":"","background-repeat":"repeat","background-position":"center center","background-size":"auto","background-attachment":"scroll","background-type":"","background-media":"","overlay-type":"","overlay-color":"","overlay-gradient":""},"mobile":{"background-color":"","background-image":"","background-repeat":"repeat","background-position":"center center","background-size":"auto","background-attachment":"scroll","background-type":"","background-media":"","overlay-type":"","overlay-color":"","overlay-gradient":""}},"ast-content-background-meta":{"desktop":{"background-color":"var(--ast-global-color-5)","background-image":"","background-repeat":"repeat","background-position":"center center","background-size":"auto","background-attachment":"scroll","background-type":"","background-media":"","overlay-type":"","overlay-color":"","overlay-gradient":""},"tablet":{"background-color":"var(--ast-global-color-5)","background-image":"","background-repeat":"repeat","background-position":"center center","background-size":"auto","background-attachment":"scroll","background-type":"","background-media":"","overlay-type":"","overlay-color":"","overlay-gradient":""},"mobile":{"background-color":"var(--ast-global-color-5)","background-image":"","background-repeat":"repeat","background-position":"center center","background-size":"auto","background-attachment":"scroll","background-type":"","background-media":"","overlay-type":"","overlay-color":"","overlay-gradient":""}},"footnotes":""},"categories":[1183,7611,977],"tags":[31430,21571,13979,57188,217874,2670],"class_list":["post-108773","post","type-post","status-publish","format-standard","hentry","category-formacion-profesional","category-organizacion-y-direccion-de-las-instituciones-educativas","category-santiago-de-compostela","tag-alfonso-cid-sabucedo","tag-antonio-rial-sanchez","tag-jose-tejada-fernandez","tag-manuela-raposo-rivas","tag-maria-del-pilar-carnota-carneiro","tag-miguel-angel-zabalza-beraza"],"_links":{"self":[{"href":"https:\/\/www.deberes.net\/tesis\/wp-json\/wp\/v2\/posts\/108773","targetHints":{"allow":["GET"]}}],"collection":[{"href":"https:\/\/www.deberes.net\/tesis\/wp-json\/wp\/v2\/posts"}],"about":[{"href":"https:\/\/www.deberes.net\/tesis\/wp-json\/wp\/v2\/types\/post"}],"author":[{"embeddable":true,"href":"https:\/\/www.deberes.net\/tesis\/wp-json\/wp\/v2\/users\/1"}],"replies":[{"embeddable":true,"href":"https:\/\/www.deberes.net\/tesis\/wp-json\/wp\/v2\/comments?post=108773"}],"version-history":[{"count":0,"href":"https:\/\/www.deberes.net\/tesis\/wp-json\/wp\/v2\/posts\/108773\/revisions"}],"wp:attachment":[{"href":"https:\/\/www.deberes.net\/tesis\/wp-json\/wp\/v2\/media?parent=108773"}],"wp:term":[{"taxonomy":"category","embeddable":true,"href":"https:\/\/www.deberes.net\/tesis\/wp-json\/wp\/v2\/categories?post=108773"},{"taxonomy":"post_tag","embeddable":true,"href":"https:\/\/www.deberes.net\/tesis\/wp-json\/wp\/v2\/tags?post=108773"}],"curies":[{"name":"wp","href":"https:\/\/api.w.org\/{rel}","templated":true}]}}