{"id":108840,"date":"2011-02-06T00:00:00","date_gmt":"2011-02-06T00:00:00","guid":{"rendered":"https:\/\/www.deberes.net\/tesis\/sin-categoria\/dirigismo-cultural-y-disidencia-editorial-en-espana-1962-1973\/"},"modified":"2011-02-06T00:00:00","modified_gmt":"2011-02-06T00:00:00","slug":"dirigismo-cultural-y-disidencia-editorial-en-espana-1962-1973","status":"publish","type":"post","link":"https:\/\/www.deberes.net\/tesis\/historia\/dirigismo-cultural-y-disidencia-editorial-en-espana-1962-1973\/","title":{"rendered":"Dirigismo cultural y disidencia editorial en espa\u00f1a (1962-1973)"},"content":{"rendered":"<h2>Tesis doctoral de <strong> Francisco Rojas Claros <\/strong><\/h2>\n<p>Esta tesis trata de la influencia del mundo editorial de vanguardia sobre el cambio cultural de los a\u00f1os sesenta (del siglo xx) en espa\u00f1a. Particularmente, se abordan las tensiones entre el dirigismo cultural del r\u00e9gimen franquista y las ideas que la creciente disidencia intelectual trataba de divulgar a partir de una serie de editoriales de vanguardia, minoritarias pero de gran trascendencia, bajo una nueva normativa, la ley de prensa e imprenta de 1966, s\u00edmbolo de la pol\u00edtica de \u00abapertura\u00bb de la dictadura.   as\u00ed, siguiendo un esquema funcional, se analiza un doble proceso. Por una parte, c\u00f3mo la disidencia editorial codific\u00f3 ideas subversivas impl\u00edcitas en los textos (reescribiendo, orientando y manipulando el significante, sin alterar el significado), y adem\u00e1s se vali\u00f3 de las nuevas t\u00e9cnicas de impresi\u00f3n y los nuevos formatos de libro para producir ediciones m\u00e1s baratas y ejemplares m\u00e1s manejables, con el objetivo de popularizar su lectura y divulgar dichas ideas, socavando los cimientos ideol\u00f3gicos del r\u00e9gimen. Y por otra parte, y de forma paralela y simult\u00e1nea, c\u00f3mo las autoridades franquistas (conscientes de todo ello) hicieron uso del dirigismo cultural para controlar esos libros, las ideas contenidas en ellos, y a la creciente disidencia intelectual.   en cuanto a las fuentes consultadas, figuran los propios libros, los expedientes de censura, la documentaci\u00f3n de las editoriales y el testimonio de los protagonistas, partiendo de la bibliograf\u00eda existente.<\/p>\n<p>&nbsp;<\/p>\n<h3>Datos acad\u00e9micos de la tesis doctoral \u00ab<strong>Dirigismo cultural y disidencia editorial en espa\u00f1a (1962-1973)<\/strong>\u00ab<\/h3>\n<ul>\n<li><strong>T\u00edtulo de la tesis:<\/strong>\u00a0 Dirigismo cultural y disidencia editorial en espa\u00f1a (1962-1973) <\/li>\n<li><strong>Autor:<\/strong>\u00a0 Francisco Rojas Claros <\/li>\n<li><strong>Universidad:<\/strong>\u00a0 Alicante<\/li>\n<li><strong>Fecha de lectura de la tesis:<\/strong>\u00a0 02\/06\/2011<\/li>\n<\/ul>\n<p>&nbsp;<\/p>\n<h3>Direcci\u00f3n y tribunal<\/h3>\n<ul>\n<li><strong>Director de la tesis<\/strong>\n<ul>\n<li>Glicerio S\u00e1nchez Recio<\/li>\n<\/ul>\n<\/li>\n<li><strong>Tribunal<\/strong>\n<ul>\n<li>Presidente del tribunal: salvador Forner mu\u00f1oz <\/li>\n<li>jordi Gracia Garc\u00eda (vocal)<\/li>\n<li>carme Molinero ruiz (vocal)<\/li>\n<li>Jes\u00fas Antonio Mart\u00ednez mart\u00edn (vocal)<\/li>\n<\/ul>\n<\/li>\n<\/ul>\n<p>&nbsp;<\/p>\n","protected":false},"excerpt":{"rendered":"<p>Tesis doctoral de Francisco Rojas Claros Esta tesis trata de la influencia del mundo editorial de vanguardia sobre el cambio [&hellip;]<\/p>\n","protected":false},"author":1,"featured_media":0,"comment_status":"open","ping_status":"open","sticky":false,"template":"","format":"standard","meta":{"site-sidebar-layout":"default","site-content-layout":"","ast-site-content-layout":"","site-content-style":"default","site-sidebar-style":"default","ast-global-header-display":"","ast-banner-title-visibility":"","ast-main-header-display":"","ast-hfb-above-header-display":"","ast-hfb-below-header-display":"","ast-hfb-mobile-header-display":"","site-post-title":"","ast-breadcrumbs-content":"","ast-featured-img":"","footer-sml-layout":"","theme-transparent-header-meta":"","adv-header-id-meta":"","stick-header-meta":"","header-above-stick-meta":"","header-main-stick-meta":"","header-below-stick-meta":"","astra-migrate-meta-layouts":"default","ast-page-background-enabled":"default","ast-page-background-meta":{"desktop":{"background-color":"var(--ast-global-color-4)","background-image":"","background-repeat":"repeat","background-position":"center center","background-size":"auto","background-attachment":"scroll","background-type":"","background-media":"","overlay-type":"","overlay-color":"","overlay-gradient":""},"tablet":{"background-color":"","background-image":"","background-repeat":"repeat","background-position":"center center","background-size":"auto","background-attachment":"scroll","background-type":"","background-media":"","overlay-type":"","overlay-color":"","overlay-gradient":""},"mobile":{"background-color":"","background-image":"","background-repeat":"repeat","background-position":"center center","background-size":"auto","background-attachment":"scroll","background-type":"","background-media":"","overlay-type":"","overlay-color":"","overlay-gradient":""}},"ast-content-background-meta":{"desktop":{"background-color":"var(--ast-global-color-5)","background-image":"","background-repeat":"repeat","background-position":"center center","background-size":"auto","background-attachment":"scroll","background-type":"","background-media":"","overlay-type":"","overlay-color":"","overlay-gradient":""},"tablet":{"background-color":"var(--ast-global-color-5)","background-image":"","background-repeat":"repeat","background-position":"center center","background-size":"auto","background-attachment":"scroll","background-type":"","background-media":"","overlay-type":"","overlay-color":"","overlay-gradient":""},"mobile":{"background-color":"var(--ast-global-color-5)","background-image":"","background-repeat":"repeat","background-position":"center center","background-size":"auto","background-attachment":"scroll","background-type":"","background-media":"","overlay-type":"","overlay-color":"","overlay-gradient":""}},"footnotes":""},"categories":[19166,104,1816,3538,2232],"tags":[37824,217986,8500,137775,80546,3731],"class_list":["post-108840","post","type-post","status-publish","format-standard","hentry","category-alicante","category-historia","category-historia-contemporanea","category-historia-de-las-ideas-politicas","category-sociologia-cultural","tag-carme-molinero-ruiz","tag-francisco-rojas-claros","tag-glicerio-sanchez-recio","tag-jesus-antonio-Martinez-martin","tag-jordi-gracia-garcia","tag-salvador-forner-munoz"],"_links":{"self":[{"href":"https:\/\/www.deberes.net\/tesis\/wp-json\/wp\/v2\/posts\/108840","targetHints":{"allow":["GET"]}}],"collection":[{"href":"https:\/\/www.deberes.net\/tesis\/wp-json\/wp\/v2\/posts"}],"about":[{"href":"https:\/\/www.deberes.net\/tesis\/wp-json\/wp\/v2\/types\/post"}],"author":[{"embeddable":true,"href":"https:\/\/www.deberes.net\/tesis\/wp-json\/wp\/v2\/users\/1"}],"replies":[{"embeddable":true,"href":"https:\/\/www.deberes.net\/tesis\/wp-json\/wp\/v2\/comments?post=108840"}],"version-history":[{"count":0,"href":"https:\/\/www.deberes.net\/tesis\/wp-json\/wp\/v2\/posts\/108840\/revisions"}],"wp:attachment":[{"href":"https:\/\/www.deberes.net\/tesis\/wp-json\/wp\/v2\/media?parent=108840"}],"wp:term":[{"taxonomy":"category","embeddable":true,"href":"https:\/\/www.deberes.net\/tesis\/wp-json\/wp\/v2\/categories?post=108840"},{"taxonomy":"post_tag","embeddable":true,"href":"https:\/\/www.deberes.net\/tesis\/wp-json\/wp\/v2\/tags?post=108840"}],"curies":[{"name":"wp","href":"https:\/\/api.w.org\/{rel}","templated":true}]}}