{"id":108844,"date":"2011-02-06T00:00:00","date_gmt":"2011-02-06T00:00:00","guid":{"rendered":"https:\/\/www.deberes.net\/tesis\/sin-categoria\/concepto-expresion-y-dimensiones-de-la-conciencia-ambiental\/"},"modified":"2011-02-06T00:00:00","modified_gmt":"2011-02-06T00:00:00","slug":"concepto-expresion-y-dimensiones-de-la-conciencia-ambiental","status":"publish","type":"post","link":"https:\/\/www.deberes.net\/tesis\/oviedo\/concepto-expresion-y-dimensiones-de-la-conciencia-ambiental\/","title":{"rendered":"Concepto, expresi\u00f3n y dimensiones de la conciencia ambiental"},"content":{"rendered":"<h2>Tesis doctoral de <strong> Ana Mu\u00f1oz Van Den Eynde <\/strong><\/h2>\n<p>La capacidad de la especie humana para disponer de los recursos naturales y el crecimiento exponencial del sistema socioecon\u00f3mico humano han contribuido a deteriorar el medio ambiente. La constataci\u00f3n de este deterioro genera preocupaci\u00f3n,  aunque \u00e9sta no suele traducirse en acciones proambientales.  utilizando un enfoque interdisciplinar que incluye la filosof\u00eda naturalista de la ciencia y, especialmente, la comprensi\u00f3n naturalista de la cognici\u00f3n social, se ha considerado que la falta de implicaci\u00f3n de los seres humanos frente a los problemas ambientales es una consecuencia de que el medio ambiente no forma parte de los significados compartidos que definen la cultura seg\u00fan schein. Adem\u00e1s, refleja falta de conciencia ambiental entendida como un constructo que permite estructurar y comprender la relaci\u00f3n de los seres humanos con el medio ambiente. Se ha defendido tambi\u00e9n que la cultura cient\u00edfica desempe\u00f1a un papel fundamental en el desarrollo de la conciencia ambiental.  la conciencia ambiental se construye socialmente. Sobre ella influye el paradigma social que determina la relaci\u00f3n de la sociedad en general con el medio ambiente natural. Adem\u00e1s, se asocia con la percepci\u00f3n del riesgo vinculado al deterioro del medio ambiente, algo que se considera condici\u00f3n necesaria pero no suficiente. Teniendo en cuenta que el conocimiento cient\u00edfico contribuye a identificar los problemas ambientales y el riesgo asociado a ellos, se ha concluido que la conciencia ambiental se generar\u00e1 en un entorno de cultura cient\u00edfica medioambiental, considerando \u00e9sta como una visi\u00f3n compartida de la ciencia y su utilidad centrada en el medio ambiente y su interacci\u00f3n con la especie humana.<\/p>\n<p>&nbsp;<\/p>\n<h3>Datos acad\u00e9micos de la tesis doctoral \u00ab<strong>Concepto, expresi\u00f3n y dimensiones de la conciencia ambiental<\/strong>\u00ab<\/h3>\n<ul>\n<li><strong>T\u00edtulo de la tesis:<\/strong>\u00a0 Concepto, expresi\u00f3n y dimensiones de la conciencia ambiental <\/li>\n<li><strong>Autor:<\/strong>\u00a0 Ana Mu\u00f1oz Van Den Eynde <\/li>\n<li><strong>Universidad:<\/strong>\u00a0 Oviedo<\/li>\n<li><strong>Fecha de lectura de la tesis:<\/strong>\u00a0 02\/06\/2011<\/li>\n<\/ul>\n<p>&nbsp;<\/p>\n<h3>Direcci\u00f3n y tribunal<\/h3>\n<ul>\n<li><strong>Director de la tesis<\/strong>\n<ul>\n<li>Jos\u00e9 Antonio Lopez Cerezo<\/li>\n<\/ul>\n<\/li>\n<li><strong>Tribunal<\/strong>\n<ul>\n<li>Presidente del tribunal: javier Echeverria ezponda <\/li>\n<li>trinidad carolina Moreno castro (vocal)<\/li>\n<li>Jos\u00e9 Mar\u00eda Garcia blanco (vocal)<\/li>\n<li>rosario Sola farre (vocal)<\/li>\n<\/ul>\n<\/li>\n<\/ul>\n<p>&nbsp;<\/p>\n","protected":false},"excerpt":{"rendered":"<p>Tesis doctoral de Ana Mu\u00f1oz Van Den Eynde La capacidad de la especie humana para disponer de los recursos naturales [&hellip;]<\/p>\n","protected":false},"author":1,"featured_media":0,"comment_status":"open","ping_status":"open","sticky":false,"template":"","format":"standard","meta":{"site-sidebar-layout":"default","site-content-layout":"","ast-site-content-layout":"","site-content-style":"default","site-sidebar-style":"default","ast-global-header-display":"","ast-banner-title-visibility":"","ast-main-header-display":"","ast-hfb-above-header-display":"","ast-hfb-below-header-display":"","ast-hfb-mobile-header-display":"","site-post-title":"","ast-breadcrumbs-content":"","ast-featured-img":"","footer-sml-layout":"","theme-transparent-header-meta":"","adv-header-id-meta":"","stick-header-meta":"","header-above-stick-meta":"","header-main-stick-meta":"","header-below-stick-meta":"","astra-migrate-meta-layouts":"default","ast-page-background-enabled":"default","ast-page-background-meta":{"desktop":{"background-color":"var(--ast-global-color-4)","background-image":"","background-repeat":"repeat","background-position":"center center","background-size":"auto","background-attachment":"scroll","background-type":"","background-media":"","overlay-type":"","overlay-color":"","overlay-gradient":""},"tablet":{"background-color":"","background-image":"","background-repeat":"repeat","background-position":"center center","background-size":"auto","background-attachment":"scroll","background-type":"","background-media":"","overlay-type":"","overlay-color":"","overlay-gradient":""},"mobile":{"background-color":"","background-image":"","background-repeat":"repeat","background-position":"center center","background-size":"auto","background-attachment":"scroll","background-type":"","background-media":"","overlay-type":"","overlay-color":"","overlay-gradient":""}},"ast-content-background-meta":{"desktop":{"background-color":"var(--ast-global-color-5)","background-image":"","background-repeat":"repeat","background-position":"center center","background-size":"auto","background-attachment":"scroll","background-type":"","background-media":"","overlay-type":"","overlay-color":"","overlay-gradient":""},"tablet":{"background-color":"var(--ast-global-color-5)","background-image":"","background-repeat":"repeat","background-position":"center center","background-size":"auto","background-attachment":"scroll","background-type":"","background-media":"","overlay-type":"","overlay-color":"","overlay-gradient":""},"mobile":{"background-color":"var(--ast-global-color-5)","background-image":"","background-repeat":"repeat","background-position":"center center","background-size":"auto","background-attachment":"scroll","background-type":"","background-media":"","overlay-type":"","overlay-color":"","overlay-gradient":""}},"footnotes":""},"categories":[13568,8846],"tags":[217990,13028,12309,63753,52506,45332],"class_list":["post-108844","post","type-post","status-publish","format-standard","hentry","category-filosofia-de-la-biologia","category-oviedo","tag-ana-munoz-van-den-eynde","tag-javier-echeverria-ezponda","tag-jose-antonio-lopez-cerezo","tag-jose-maria-garcia-blanco","tag-rosario-sola-farre","tag-trinidad-carolina-moreno-castro"],"_links":{"self":[{"href":"https:\/\/www.deberes.net\/tesis\/wp-json\/wp\/v2\/posts\/108844","targetHints":{"allow":["GET"]}}],"collection":[{"href":"https:\/\/www.deberes.net\/tesis\/wp-json\/wp\/v2\/posts"}],"about":[{"href":"https:\/\/www.deberes.net\/tesis\/wp-json\/wp\/v2\/types\/post"}],"author":[{"embeddable":true,"href":"https:\/\/www.deberes.net\/tesis\/wp-json\/wp\/v2\/users\/1"}],"replies":[{"embeddable":true,"href":"https:\/\/www.deberes.net\/tesis\/wp-json\/wp\/v2\/comments?post=108844"}],"version-history":[{"count":0,"href":"https:\/\/www.deberes.net\/tesis\/wp-json\/wp\/v2\/posts\/108844\/revisions"}],"wp:attachment":[{"href":"https:\/\/www.deberes.net\/tesis\/wp-json\/wp\/v2\/media?parent=108844"}],"wp:term":[{"taxonomy":"category","embeddable":true,"href":"https:\/\/www.deberes.net\/tesis\/wp-json\/wp\/v2\/categories?post=108844"},{"taxonomy":"post_tag","embeddable":true,"href":"https:\/\/www.deberes.net\/tesis\/wp-json\/wp\/v2\/tags?post=108844"}],"curies":[{"name":"wp","href":"https:\/\/api.w.org\/{rel}","templated":true}]}}