{"id":108845,"date":"2011-02-06T00:00:00","date_gmt":"2011-02-06T00:00:00","guid":{"rendered":"https:\/\/www.deberes.net\/tesis\/sin-categoria\/evaluacion-de-la-inclusion-en-servicios-para-personas-con-discapacidad\/"},"modified":"2011-02-06T00:00:00","modified_gmt":"2011-02-06T00:00:00","slug":"evaluacion-de-la-inclusion-en-servicios-para-personas-con-discapacidad","status":"publish","type":"post","link":"https:\/\/www.deberes.net\/tesis\/psicologia-de-grupos-sociales\/evaluacion-de-la-inclusion-en-servicios-para-personas-con-discapacidad\/","title":{"rendered":"Evaluaci\u00f3n de la inclusi\u00f3n en servicios para personas con discapacidad"},"content":{"rendered":"<h2>Tesis doctoral de <strong> M\u00f3nica Guti\u00e9rrez Ortega <\/strong><\/h2>\n<p>La presente tesis doctoral est\u00e1 estructurada en siete cap\u00edtulos, cuatro de corte te\u00f3rico y tres de corte emp\u00edrico. En el primero se ofrece una revisi\u00f3n de la conceptualizaci\u00f3n de la inclusi\u00f3n para profundizar posteriormente en el index para la inclusi\u00f3n dise\u00f1ado por booth y ainscow (2000). En el segundo cap\u00edtulo se analizan las caracter\u00edsticas de las organizaciones inclusivas. El tercer cap\u00edtulo se centra en las comunidades de pr\u00e1ctica y en el aprendizaje situado. En el cuarto cap\u00edtulo se presenta amica, la organizaci\u00f3n que ha servido de referencia para la elaboraci\u00f3n de la tesis.   la parte emp\u00edrica de la investigaci\u00f3n comienza con el cap\u00edtulo quinto, en el que se detalla el proceso de adecuaci\u00f3n del index para la inclusi\u00f3n, as\u00ed como en el proceso de elaboraci\u00f3n del cuestionario de evaluaci\u00f3n de los indicadores del index (ceii). El capitulo sexto, ofrece la versi\u00f3n definitiva de dicho cuestionario tras analizar sus propiedades psicom\u00e9tricas, y los resultados de su aplicaci\u00f3n en  amica. Se presentan los resultados del estudio de tipo correlacional, ex post facto. Para el contraste de las hip\u00f3tesis se han utilizado estad\u00edsticos descriptivos, as\u00ed como inferenciales bivariados. De acuerdo con las hip\u00f3tesis planteadas y tras el contraste de las mismas, es posible afirmar  que la percepci\u00f3n de la inclusi\u00f3n en un centro como amica no est\u00e1 influenciado por las variables: edad, g\u00e9nero o tiempo de relaci\u00f3n con centro. Sin embargo, se han encontrado algunas diferencias en funci\u00f3n del centro con el que se tenga relaci\u00f3n o rol que se desempe\u00f1e en \u00e9l. Para finalizar, en el s\u00e9ptimo cap\u00edtulo se presentan las conclusiones, resultados, limitaciones y l\u00edneas futuras de investigaci\u00f3n. En suma, las evidencias encontradas  permiten sugerir que el index para la inclusi\u00f3n adaptado ha mostrado es un instrumento que permite trabajar todos aquellos temas relacionados con la inclusi\u00f3n en los centros que prestan servicios a personas con discapacidad.<\/p>\n<p>&nbsp;<\/p>\n<h3>Datos acad\u00e9micos de la tesis doctoral \u00ab<strong>Evaluaci\u00f3n de la inclusi\u00f3n en servicios para personas con discapacidad<\/strong>\u00ab<\/h3>\n<ul>\n<li><strong>T\u00edtulo de la tesis:<\/strong>\u00a0 Evaluaci\u00f3n de la inclusi\u00f3n en servicios para personas con discapacidad <\/li>\n<li><strong>Autor:<\/strong>\u00a0 M\u00f3nica Guti\u00e9rrez Ortega <\/li>\n<li><strong>Universidad:<\/strong>\u00a0 Salamanca<\/li>\n<li><strong>Fecha de lectura de la tesis:<\/strong>\u00a0 02\/06\/2011<\/li>\n<\/ul>\n<p>&nbsp;<\/p>\n<h3>Direcci\u00f3n y tribunal<\/h3>\n<ul>\n<li><strong>Director de la tesis<\/strong>\n<ul>\n<li>Pilar Sarto Martin<\/li>\n<\/ul>\n<\/li>\n<li><strong>Tribunal<\/strong>\n<ul>\n<li>Presidente del tribunal: Mar\u00eda cruz S\u00e1nchez g\u00f3mez <\/li>\n<li>primitivo S\u00e1nchez delgado (vocal)<\/li>\n<li>Manuel Reyes santana (vocal)<\/li>\n<li>raquel Poy castro (vocal)<\/li>\n<\/ul>\n<\/li>\n<\/ul>\n<p>&nbsp;<\/p>\n","protected":false},"excerpt":{"rendered":"<p>Tesis doctoral de M\u00f3nica Guti\u00e9rrez Ortega La presente tesis doctoral est\u00e1 estructurada en siete cap\u00edtulos, cuatro de corte te\u00f3rico y [&hellip;]<\/p>\n","protected":false},"author":1,"featured_media":0,"comment_status":"open","ping_status":"open","sticky":false,"template":"","format":"standard","meta":{"site-sidebar-layout":"default","site-content-layout":"","ast-site-content-layout":"","site-content-style":"default","site-sidebar-style":"default","ast-global-header-display":"","ast-banner-title-visibility":"","ast-main-header-display":"","ast-hfb-above-header-display":"","ast-hfb-below-header-display":"","ast-hfb-mobile-header-display":"","site-post-title":"","ast-breadcrumbs-content":"","ast-featured-img":"","footer-sml-layout":"","theme-transparent-header-meta":"","adv-header-id-meta":"","stick-header-meta":"","header-above-stick-meta":"","header-main-stick-meta":"","header-below-stick-meta":"","astra-migrate-meta-layouts":"default","ast-page-background-enabled":"default","ast-page-background-meta":{"desktop":{"background-color":"var(--ast-global-color-4)","background-image":"","background-repeat":"repeat","background-position":"center center","background-size":"auto","background-attachment":"scroll","background-type":"","background-media":"","overlay-type":"","overlay-color":"","overlay-gradient":""},"tablet":{"background-color":"","background-image":"","background-repeat":"repeat","background-position":"center center","background-size":"auto","background-attachment":"scroll","background-type":"","background-media":"","overlay-type":"","overlay-color":"","overlay-gradient":""},"mobile":{"background-color":"","background-image":"","background-repeat":"repeat","background-position":"center center","background-size":"auto","background-attachment":"scroll","background-type":"","background-media":"","overlay-type":"","overlay-color":"","overlay-gradient":""}},"ast-content-background-meta":{"desktop":{"background-color":"var(--ast-global-color-5)","background-image":"","background-repeat":"repeat","background-position":"center center","background-size":"auto","background-attachment":"scroll","background-type":"","background-media":"","overlay-type":"","overlay-color":"","overlay-gradient":""},"tablet":{"background-color":"var(--ast-global-color-5)","background-image":"","background-repeat":"repeat","background-position":"center center","background-size":"auto","background-attachment":"scroll","background-type":"","background-media":"","overlay-type":"","overlay-color":"","overlay-gradient":""},"mobile":{"background-color":"var(--ast-global-color-5)","background-image":"","background-repeat":"repeat","background-position":"center center","background-size":"auto","background-attachment":"scroll","background-type":"","background-media":"","overlay-type":"","overlay-color":"","overlay-gradient":""}},"footnotes":""},"categories":[6222,7611,947,9386,23714],"tags":[75478,70426,217991,6,81665,135480],"class_list":["post-108845","post","type-post","status-publish","format-standard","hentry","category-educacion-especial","category-organizacion-y-direccion-de-las-instituciones-educativas","category-psicologia-de-grupos-sociales","category-salamanca","category-servicios-sociales","tag-manuel-reyes-santana","tag-maria-cruz-sanchez-gomez","tag-monica-gutierrez-ortega","tag-pilar-sarto-martin","tag-primitivo-sanchez-delgado","tag-raquel-poy-castro"],"_links":{"self":[{"href":"https:\/\/www.deberes.net\/tesis\/wp-json\/wp\/v2\/posts\/108845","targetHints":{"allow":["GET"]}}],"collection":[{"href":"https:\/\/www.deberes.net\/tesis\/wp-json\/wp\/v2\/posts"}],"about":[{"href":"https:\/\/www.deberes.net\/tesis\/wp-json\/wp\/v2\/types\/post"}],"author":[{"embeddable":true,"href":"https:\/\/www.deberes.net\/tesis\/wp-json\/wp\/v2\/users\/1"}],"replies":[{"embeddable":true,"href":"https:\/\/www.deberes.net\/tesis\/wp-json\/wp\/v2\/comments?post=108845"}],"version-history":[{"count":0,"href":"https:\/\/www.deberes.net\/tesis\/wp-json\/wp\/v2\/posts\/108845\/revisions"}],"wp:attachment":[{"href":"https:\/\/www.deberes.net\/tesis\/wp-json\/wp\/v2\/media?parent=108845"}],"wp:term":[{"taxonomy":"category","embeddable":true,"href":"https:\/\/www.deberes.net\/tesis\/wp-json\/wp\/v2\/categories?post=108845"},{"taxonomy":"post_tag","embeddable":true,"href":"https:\/\/www.deberes.net\/tesis\/wp-json\/wp\/v2\/tags?post=108845"}],"curies":[{"name":"wp","href":"https:\/\/api.w.org\/{rel}","templated":true}]}}