{"id":108870,"date":"2011-03-06T00:00:00","date_gmt":"2011-03-06T00:00:00","guid":{"rendered":"https:\/\/www.deberes.net\/tesis\/sin-categoria\/el-menor-como-va%c2%adctima-en-el-codigo-penal-espanol\/"},"modified":"2011-03-06T00:00:00","modified_gmt":"2011-03-06T00:00:00","slug":"el-menor-como-va%c2%adctima-en-el-codigo-penal-espanol","status":"publish","type":"post","link":"https:\/\/www.deberes.net\/tesis\/derecho-penal\/el-menor-como-va%c2%adctima-en-el-codigo-penal-espanol\/","title":{"rendered":"El menor como v\u00edctima en el c\u00f3digo penal espa\u00f1ol."},"content":{"rendered":"<h2>Tesis doctoral de <strong> Antonio  Luis Rubio Bernal <\/strong><\/h2>\n<p>En la presente tesis se ha investigado, examinado, expuesto y valorado la protecci\u00f3n que el vigente c\u00f3digo penal espa\u00f1ol otorga al menor-v\u00edctima de alg\u00fan delito, centr\u00e1ndonos s\u00f3lo en aquellos en los que aparece referido como sujeto pasivo o como persona especialmente vulnerable, constatando el nivel de protecci\u00f3n con que cuenta en cada uno de los delitos y valorando si dicho \u00e1mbito de protecci\u00f3n es suficiente o convendr\u00eda incrementarlo. Para ello hemos procedido dedicando una primera parte a las circunstancias agravantes de la responsabilidad criminal en los delitos contra los menores; una segunda, centrada en los delitos del c\u00f3digo penal espa\u00f1ol en los que el menor se contempla como v\u00edctima o como persona especialmente vulnerable; una tercera, con el estudio comparativo de la protecci\u00f3n prestada al menor en el texto refundido del c\u00f3digo penal de 1973, en el c\u00f3digo penal de 1995 y en el vigente c\u00f3digo penal (reforma 2010); y una cuarta, dedicada al acoso escolar, paradigma de tipos delictivos. As\u00ed hemos logrado el estudio en los tres planos en los que se desenvuelve el menor: personal, familiar y escolar. \tfinaliza el estudio con una serie de conclusiones generales y particulares, cr\u00edticas y reivindicativas, y un compendio de propuestas a modo de lege ferenda con el fin de contribuir a la mejora del status de la v\u00edctima-menor de edad. Todo ello basado en la bibliograf\u00eda referencial de la doctrina m\u00e1s cualificada, junto a una selecci\u00f3n de la jurisprudencia m\u00e1s relevante en el campo de los delitos contra las personas.<\/p>\n<p>&nbsp;<\/p>\n<h3>Datos acad\u00e9micos de la tesis doctoral \u00ab<strong>El menor como v\u00edctima en el c\u00f3digo penal espa\u00f1ol.<\/strong>\u00ab<\/h3>\n<ul>\n<li><strong>T\u00edtulo de la tesis:<\/strong>\u00a0 El menor como v\u00edctima en el c\u00f3digo penal espa\u00f1ol. <\/li>\n<li><strong>Autor:<\/strong>\u00a0 Antonio  Luis Rubio Bernal <\/li>\n<li><strong>Universidad:<\/strong>\u00a0 Extremadura<\/li>\n<li><strong>Fecha de lectura de la tesis:<\/strong>\u00a0 03\/06\/2011<\/li>\n<\/ul>\n<p>&nbsp;<\/p>\n<h3>Direcci\u00f3n y tribunal<\/h3>\n<ul>\n<li><strong>Director de la tesis<\/strong>\n<ul>\n<li>Emilio Cortes Bechiarelli<\/li>\n<\/ul>\n<\/li>\n<li><strong>Tribunal<\/strong>\n<ul>\n<li>Presidente del tribunal: Francisco Mu\u00f1oz conde <\/li>\n<li>Miguel Diaz y gracia conlledo (vocal)<\/li>\n<li>ignacio Berdugo gomez de la torre (vocal)<\/li>\n<li>Elena N\u00fa\u00f1ez casta\u00f1o (vocal)<\/li>\n<\/ul>\n<\/li>\n<\/ul>\n<p>&nbsp;<\/p>\n","protected":false},"excerpt":{"rendered":"<p>Tesis doctoral de Antonio Luis Rubio Bernal En la presente tesis se ha investigado, examinado, expuesto y valorado la protecci\u00f3n [&hellip;]<\/p>\n","protected":false},"author":1,"featured_media":0,"comment_status":"open","ping_status":"open","sticky":false,"template":"","format":"standard","meta":{"site-sidebar-layout":"default","site-content-layout":"","ast-site-content-layout":"","site-content-style":"default","site-sidebar-style":"default","ast-global-header-display":"","ast-banner-title-visibility":"","ast-main-header-display":"","ast-hfb-above-header-display":"","ast-hfb-below-header-display":"","ast-hfb-mobile-header-display":"","site-post-title":"","ast-breadcrumbs-content":"","ast-featured-img":"","footer-sml-layout":"","theme-transparent-header-meta":"","adv-header-id-meta":"","stick-header-meta":"","header-above-stick-meta":"","header-main-stick-meta":"","header-below-stick-meta":"","astra-migrate-meta-layouts":"default","ast-page-background-enabled":"default","ast-page-background-meta":{"desktop":{"background-color":"var(--ast-global-color-4)","background-image":"","background-repeat":"repeat","background-position":"center center","background-size":"auto","background-attachment":"scroll","background-type":"","background-media":"","overlay-type":"","overlay-color":"","overlay-gradient":""},"tablet":{"background-color":"","background-image":"","background-repeat":"repeat","background-position":"center center","background-size":"auto","background-attachment":"scroll","background-type":"","background-media":"","overlay-type":"","overlay-color":"","overlay-gradient":""},"mobile":{"background-color":"","background-image":"","background-repeat":"repeat","background-position":"center center","background-size":"auto","background-attachment":"scroll","background-type":"","background-media":"","overlay-type":"","overlay-color":"","overlay-gradient":""}},"ast-content-background-meta":{"desktop":{"background-color":"var(--ast-global-color-5)","background-image":"","background-repeat":"repeat","background-position":"center center","background-size":"auto","background-attachment":"scroll","background-type":"","background-media":"","overlay-type":"","overlay-color":"","overlay-gradient":""},"tablet":{"background-color":"var(--ast-global-color-5)","background-image":"","background-repeat":"repeat","background-position":"center center","background-size":"auto","background-attachment":"scroll","background-type":"","background-media":"","overlay-type":"","overlay-color":"","overlay-gradient":""},"mobile":{"background-color":"var(--ast-global-color-5)","background-image":"","background-repeat":"repeat","background-position":"center center","background-size":"auto","background-attachment":"scroll","background-type":"","background-media":"","overlay-type":"","overlay-color":"","overlay-gradient":""}},"footnotes":""},"categories":[613,949],"tags":[218032,141471,134078,4560,875,200028],"class_list":["post-108870","post","type-post","status-publish","format-standard","hentry","category-derecho-penal","category-extremadura","tag-antonio-luis-rubio-bernal","tag-elena-nunez-castano","tag-emilio-cortes-bechiarelli","tag-francisco-munoz-conde","tag-ignacio-berdugo-gomez-de-la-torre","tag-miguel-diaz-y-gracia-conlledo"],"_links":{"self":[{"href":"https:\/\/www.deberes.net\/tesis\/wp-json\/wp\/v2\/posts\/108870","targetHints":{"allow":["GET"]}}],"collection":[{"href":"https:\/\/www.deberes.net\/tesis\/wp-json\/wp\/v2\/posts"}],"about":[{"href":"https:\/\/www.deberes.net\/tesis\/wp-json\/wp\/v2\/types\/post"}],"author":[{"embeddable":true,"href":"https:\/\/www.deberes.net\/tesis\/wp-json\/wp\/v2\/users\/1"}],"replies":[{"embeddable":true,"href":"https:\/\/www.deberes.net\/tesis\/wp-json\/wp\/v2\/comments?post=108870"}],"version-history":[{"count":0,"href":"https:\/\/www.deberes.net\/tesis\/wp-json\/wp\/v2\/posts\/108870\/revisions"}],"wp:attachment":[{"href":"https:\/\/www.deberes.net\/tesis\/wp-json\/wp\/v2\/media?parent=108870"}],"wp:term":[{"taxonomy":"category","embeddable":true,"href":"https:\/\/www.deberes.net\/tesis\/wp-json\/wp\/v2\/categories?post=108870"},{"taxonomy":"post_tag","embeddable":true,"href":"https:\/\/www.deberes.net\/tesis\/wp-json\/wp\/v2\/tags?post=108870"}],"curies":[{"name":"wp","href":"https:\/\/api.w.org\/{rel}","templated":true}]}}