{"id":108926,"date":"2011-06-06T00:00:00","date_gmt":"2011-06-06T00:00:00","guid":{"rendered":"https:\/\/www.deberes.net\/tesis\/sin-categoria\/el-islam-en-filipinas-siglos-x-xix\/"},"modified":"2011-06-06T00:00:00","modified_gmt":"2011-06-06T00:00:00","slug":"el-islam-en-filipinas-siglos-x-xix","status":"publish","type":"post","link":"https:\/\/www.deberes.net\/tesis\/alicante\/el-islam-en-filipinas-siglos-x-xix\/","title":{"rendered":"El islam en filipinas (siglos x-xix)"},"content":{"rendered":"<h2>Tesis doctoral de <strong> Isaac Donoso Jim\u00e9nez <\/strong><\/h2>\n<p>El islam en filipinas (siglos x-xix) pretende analizar c\u00f3mo el archipi\u00e9lago filipino fue incorpor\u00e1ndose paulatinamente al mundo isl\u00e1mico dentro de sus propios par\u00e1metros culturales, desde la gestaci\u00f3n de un fen\u00f3meno expansivo en arabia hasta la formaci\u00f3n de sultanatos isl\u00e1micos en filipinas.              como extremo oriental del mundo conocido por los \u00e1rabes, la regi\u00f3n mar\u00edtima del sudeste asi\u00e1tico fue proclive a la creaci\u00f3n imaginaria de lugares fabulosos sobre datos transmitidos oralmente, la literatura de maravillas. Paulatinamente el archipi\u00e9lago filipino pas\u00f3 de ser un lugar imaginado por el mundo isl\u00e1mico a constituir  el extremo oriental de la expansi\u00f3n cl\u00e1sica del islam. La expansi\u00f3n se vio frenada en el siglo xvi con la llegada de los europeos al sudeste asi\u00e1tico, la conquista de malaca por parte de los portugueses en 1511 y la fundaci\u00f3n de manila por los espa\u00f1oles en 1571. El extremo occidental del islam, al-andalus, desaparecido, daba paso a realidades culturales de un islam occidental en desintegraci\u00f3n que fue exportado al extremo oriental isl\u00e1mico: la nueva entidad pol\u00edtica llamada filipinas. De este modo los dos extremos de la expansi\u00f3n isl\u00e1mica desde la meca hacia oriente y occidente se encontraban. Espa\u00f1oles y portugueses transmitieron elementos culturales de su propia vinculaci\u00f3n con el islam en occidente a las realidades que encontraron en el extremo oriental del mundo isl\u00e1mico.            as\u00ed pues, el presente estudio tiene como fin analizar la formaci\u00f3n de comunidades isl\u00e1micas en el archipi\u00e9lago filipino; c\u00f3mo espec\u00edficos grupos \u00e9tnicos hicieron uso de cultura isl\u00e1mica para desarrollar sus propias sociedades y crear entidades pol\u00edticas como la del sultanato, al tiempo que formaban parte de un mundo global que ten\u00eda el control del comercio desde china hasta la pen\u00ednsula ib\u00e9rica. Se estudiaran los procesos antropol\u00f3gicos que dieron forma a la islamizaci\u00f3n de las regiones m\u00e1s orientales del mundo conocido, y c\u00f3mo se form\u00f3 la comunidad isl\u00e1mica filipina denominada moros, fen\u00f3meno hist\u00f3rico que culminar\u00e1 finalmente la dimensi\u00f3n universal del islam. As\u00ed pues, se tratar\u00e1 de describir el impacto cultural del islam en la historia de filipinas.<\/p>\n<p>&nbsp;<\/p>\n<h3>Datos acad\u00e9micos de la tesis doctoral \u00ab<strong>El islam en filipinas (siglos x-xix)<\/strong>\u00ab<\/h3>\n<ul>\n<li><strong>T\u00edtulo de la tesis:<\/strong>\u00a0 El islam en filipinas (siglos x-xix) <\/li>\n<li><strong>Autor:<\/strong>\u00a0 Isaac Donoso Jim\u00e9nez <\/li>\n<li><strong>Universidad:<\/strong>\u00a0 Alicante<\/li>\n<li><strong>Fecha de lectura de la tesis:<\/strong>\u00a0 06\/06\/2011<\/li>\n<\/ul>\n<p>&nbsp;<\/p>\n<h3>Direcci\u00f3n y tribunal<\/h3>\n<ul>\n<li><strong>Director de la tesis<\/strong>\n<ul>\n<li>Francisco Franco Sanchez<\/li>\n<\/ul>\n<\/li>\n<li><strong>Tribunal<\/strong>\n<ul>\n<li>Presidente del tribunal: Luis Bernab\u00e9 pons <\/li>\n<li>Mar\u00eda dolores Elizalde p\u00e9rez-grueso (vocal)<\/li>\n<li>josep Puig montada (vocal)<\/li>\n<li>bernab\u00e9 L\u00f3pez Garc\u00eda (vocal)<\/li>\n<\/ul>\n<\/li>\n<\/ul>\n<p>&nbsp;<\/p>\n","protected":false},"excerpt":{"rendered":"<p>Tesis doctoral de Isaac Donoso Jim\u00e9nez El islam en filipinas (siglos x-xix) pretende analizar c\u00f3mo el archipi\u00e9lago filipino fue incorpor\u00e1ndose [&hellip;]<\/p>\n","protected":false},"author":1,"featured_media":0,"comment_status":"open","ping_status":"open","sticky":false,"template":"","format":"standard","meta":{"site-sidebar-layout":"default","site-content-layout":"","ast-site-content-layout":"","site-content-style":"default","site-sidebar-style":"default","ast-global-header-display":"","ast-banner-title-visibility":"","ast-main-header-display":"","ast-hfb-above-header-display":"","ast-hfb-below-header-display":"","ast-hfb-mobile-header-display":"","site-post-title":"","ast-breadcrumbs-content":"","ast-featured-img":"","footer-sml-layout":"","theme-transparent-header-meta":"","adv-header-id-meta":"","stick-header-meta":"","header-above-stick-meta":"","header-main-stick-meta":"","header-below-stick-meta":"","astra-migrate-meta-layouts":"default","ast-page-background-enabled":"default","ast-page-background-meta":{"desktop":{"background-color":"var(--ast-global-color-4)","background-image":"","background-repeat":"repeat","background-position":"center center","background-size":"auto","background-attachment":"scroll","background-type":"","background-media":"","overlay-type":"","overlay-color":"","overlay-gradient":""},"tablet":{"background-color":"","background-image":"","background-repeat":"repeat","background-position":"center center","background-size":"auto","background-attachment":"scroll","background-type":"","background-media":"","overlay-type":"","overlay-color":"","overlay-gradient":""},"mobile":{"background-color":"","background-image":"","background-repeat":"repeat","background-position":"center center","background-size":"auto","background-attachment":"scroll","background-type":"","background-media":"","overlay-type":"","overlay-color":"","overlay-gradient":""}},"ast-content-background-meta":{"desktop":{"background-color":"var(--ast-global-color-5)","background-image":"","background-repeat":"repeat","background-position":"center center","background-size":"auto","background-attachment":"scroll","background-type":"","background-media":"","overlay-type":"","overlay-color":"","overlay-gradient":""},"tablet":{"background-color":"var(--ast-global-color-5)","background-image":"","background-repeat":"repeat","background-position":"center center","background-size":"auto","background-attachment":"scroll","background-type":"","background-media":"","overlay-type":"","overlay-color":"","overlay-gradient":""},"mobile":{"background-color":"var(--ast-global-color-5)","background-image":"","background-repeat":"repeat","background-position":"center center","background-size":"auto","background-attachment":"scroll","background-type":"","background-media":"","overlay-type":"","overlay-color":"","overlay-gradient":""}},"footnotes":""},"categories":[19166,25957],"tags":[5650,207869,218118,150628,212595,194742],"class_list":["post-108926","post","type-post","status-publish","format-standard","hentry","category-alicante","category-filologia-arabe","tag-bernabe-lopez-garcia","tag-francisco-franco-sanchez","tag-isaac-donoso-jimenez","tag-josep-puig-montada","tag-luis-bernabe-pons","tag-maria-dolores-elizalde-perez-grueso"],"_links":{"self":[{"href":"https:\/\/www.deberes.net\/tesis\/wp-json\/wp\/v2\/posts\/108926","targetHints":{"allow":["GET"]}}],"collection":[{"href":"https:\/\/www.deberes.net\/tesis\/wp-json\/wp\/v2\/posts"}],"about":[{"href":"https:\/\/www.deberes.net\/tesis\/wp-json\/wp\/v2\/types\/post"}],"author":[{"embeddable":true,"href":"https:\/\/www.deberes.net\/tesis\/wp-json\/wp\/v2\/users\/1"}],"replies":[{"embeddable":true,"href":"https:\/\/www.deberes.net\/tesis\/wp-json\/wp\/v2\/comments?post=108926"}],"version-history":[{"count":0,"href":"https:\/\/www.deberes.net\/tesis\/wp-json\/wp\/v2\/posts\/108926\/revisions"}],"wp:attachment":[{"href":"https:\/\/www.deberes.net\/tesis\/wp-json\/wp\/v2\/media?parent=108926"}],"wp:term":[{"taxonomy":"category","embeddable":true,"href":"https:\/\/www.deberes.net\/tesis\/wp-json\/wp\/v2\/categories?post=108926"},{"taxonomy":"post_tag","embeddable":true,"href":"https:\/\/www.deberes.net\/tesis\/wp-json\/wp\/v2\/tags?post=108926"}],"curies":[{"name":"wp","href":"https:\/\/api.w.org\/{rel}","templated":true}]}}