{"id":108983,"date":"2011-08-06T00:00:00","date_gmt":"2011-08-06T00:00:00","guid":{"rendered":"https:\/\/www.deberes.net\/tesis\/sin-categoria\/el-monasterio-de-santa-maria-la-real-de-tordesillas-1363-1509\/"},"modified":"2011-08-06T00:00:00","modified_gmt":"2011-08-06T00:00:00","slug":"el-monasterio-de-santa-maria-la-real-de-tordesillas-1363-1509","status":"publish","type":"post","link":"https:\/\/www.deberes.net\/tesis\/historia\/el-monasterio-de-santa-maria-la-real-de-tordesillas-1363-1509\/","title":{"rendered":"El monasterio de santa mar\u00eda la real de tordesillas (1363-1509)"},"content":{"rendered":"<h2>Tesis doctoral de <strong> Santiago Rodr\u00edguez Guill\u00e9n <\/strong><\/h2>\n<p>El monasterio de santa mar\u00eda la real de tordesillas fue fundado el 2 de enero de 1363 por el rey pedro i. Desde entonces, y a lo largo de toda la edad media, se convirti\u00f3 en una de las m\u00e1s importantes fundaciones regias de toda la pen\u00ednsula. En el plano material, su jurisdicci\u00f3n y patrimonio se extendieron desde la propia tierra de tordesillas a la transierra madrile\u00f1a, soria, sep\u00falveda, medina del campo, zamora o burgos. Pero la historia econ\u00f3mica no debe hacernos olvidar la base principal del \u00e9xito de esta comunidad clarisa: desde finales del siglo xiv su modelo de reforma observante se convirti\u00f3 en la referencia que aglutin\u00f3 a los conventos de clarisas castellanas en un nuevo modelo de organizaci\u00f3n conventual, bajo la autoridad de un visitador general franciscano.  en el a\u00f1o 1509 lleg\u00f3 a la villa de tordesillas la reina juana. Esta fecha delimita el marco general de este estudio, aunque no lo cierra, porque el conocimiento de lo acontecido en los siglos siguientes, hasta nuestros d\u00edas, contribuye a explicar lo que sucedi\u00f3 en los or\u00edgenes. A partir del estudio de la bibliograf\u00eda, y de la documentaci\u00f3n, en su mayor\u00eda in\u00e9dita, del archivo de santa clara y el archivo general del palacio real, el convento de santa clara de tordesillas se nos presenta como una comunidad activa, que particip\u00f3 directamente, a trav\u00e9s de las decisiones fundamentadas de sus componentes, en la defensa jur\u00eddica de sus intereses o en la b\u00fasqueda de nuevas rentas gracias a la densa red de relaciones sociales y pol\u00edticas que hab\u00edan tejido las familias de las monjas profesas en la clausura.<\/p>\n<p>&nbsp;<\/p>\n<h3>Datos acad\u00e9micos de la tesis doctoral \u00ab<strong>El monasterio de santa mar\u00eda la real de tordesillas (1363-1509)<\/strong>\u00ab<\/h3>\n<ul>\n<li><strong>T\u00edtulo de la tesis:<\/strong>\u00a0 El monasterio de santa mar\u00eda la real de tordesillas (1363-1509) <\/li>\n<li><strong>Autor:<\/strong>\u00a0 Santiago Rodr\u00edguez Guill\u00e9n <\/li>\n<li><strong>Universidad:<\/strong>\u00a0 Alcal\u00e1<\/li>\n<li><strong>Fecha de lectura de la tesis:<\/strong>\u00a0 08\/06\/2011<\/li>\n<\/ul>\n<p>&nbsp;<\/p>\n<h3>Direcci\u00f3n y tribunal<\/h3>\n<ul>\n<li><strong>Director de la tesis<\/strong>\n<ul>\n<li>Santiago Aguad\u00e9 Nieto<\/li>\n<\/ul>\n<\/li>\n<li><strong>Tribunal<\/strong>\n<ul>\n<li>Presidente del tribunal: Jos\u00e9 Mar\u00eda M\u00ednguez fern\u00e1ndez <\/li>\n<li>Juan  ram\u00f3n Romero fern\u00e1ndez- pacheco (vocal)<\/li>\n<li>Jos\u00e9 Luis Barrios sotos (vocal)<\/li>\n<li>cristina Segura grai\u00f1o (vocal)<\/li>\n<\/ul>\n<\/li>\n<\/ul>\n<p>&nbsp;<\/p>\n","protected":false},"excerpt":{"rendered":"<p>Tesis doctoral de Santiago Rodr\u00edguez Guill\u00e9n El monasterio de santa mar\u00eda la real de tordesillas fue fundado el 2 de [&hellip;]<\/p>\n","protected":false},"author":1,"featured_media":0,"comment_status":"open","ping_status":"open","sticky":false,"template":"","format":"standard","meta":{"site-sidebar-layout":"default","site-content-layout":"","ast-site-content-layout":"","site-content-style":"default","site-sidebar-style":"default","ast-global-header-display":"","ast-banner-title-visibility":"","ast-main-header-display":"","ast-hfb-above-header-display":"","ast-hfb-below-header-display":"","ast-hfb-mobile-header-display":"","site-post-title":"","ast-breadcrumbs-content":"","ast-featured-img":"","footer-sml-layout":"","theme-transparent-header-meta":"","adv-header-id-meta":"","stick-header-meta":"","header-above-stick-meta":"","header-main-stick-meta":"","header-below-stick-meta":"","astra-migrate-meta-layouts":"default","ast-page-background-enabled":"default","ast-page-background-meta":{"desktop":{"background-color":"var(--ast-global-color-4)","background-image":"","background-repeat":"repeat","background-position":"center center","background-size":"auto","background-attachment":"scroll","background-type":"","background-media":"","overlay-type":"","overlay-color":"","overlay-gradient":""},"tablet":{"background-color":"","background-image":"","background-repeat":"repeat","background-position":"center center","background-size":"auto","background-attachment":"scroll","background-type":"","background-media":"","overlay-type":"","overlay-color":"","overlay-gradient":""},"mobile":{"background-color":"","background-image":"","background-repeat":"repeat","background-position":"center center","background-size":"auto","background-attachment":"scroll","background-type":"","background-media":"","overlay-type":"","overlay-color":"","overlay-gradient":""}},"ast-content-background-meta":{"desktop":{"background-color":"var(--ast-global-color-5)","background-image":"","background-repeat":"repeat","background-position":"center center","background-size":"auto","background-attachment":"scroll","background-type":"","background-media":"","overlay-type":"","overlay-color":"","overlay-gradient":""},"tablet":{"background-color":"var(--ast-global-color-5)","background-image":"","background-repeat":"repeat","background-position":"center center","background-size":"auto","background-attachment":"scroll","background-type":"","background-media":"","overlay-type":"","overlay-color":"","overlay-gradient":""},"mobile":{"background-color":"var(--ast-global-color-5)","background-image":"","background-repeat":"repeat","background-position":"center center","background-size":"auto","background-attachment":"scroll","background-type":"","background-media":"","overlay-type":"","overlay-color":"","overlay-gradient":""}},"footnotes":""},"categories":[17426,104,119,4587],"tags":[7495,152302,28387,154775,72949,218212],"class_list":["post-108983","post","type-post","status-publish","format-standard","hentry","category-alcala","category-historia","category-historia-medieval","category-paleografia","tag-cristina-segura-graino","tag-jose-luis-barrios-sotos","tag-jose-maria-minguez-fernandez","tag-juan-ramon-romero-fernandez-pacheco","tag-santiago-aguade-nieto","tag-santiago-rodriguez-guillen"],"_links":{"self":[{"href":"https:\/\/www.deberes.net\/tesis\/wp-json\/wp\/v2\/posts\/108983","targetHints":{"allow":["GET"]}}],"collection":[{"href":"https:\/\/www.deberes.net\/tesis\/wp-json\/wp\/v2\/posts"}],"about":[{"href":"https:\/\/www.deberes.net\/tesis\/wp-json\/wp\/v2\/types\/post"}],"author":[{"embeddable":true,"href":"https:\/\/www.deberes.net\/tesis\/wp-json\/wp\/v2\/users\/1"}],"replies":[{"embeddable":true,"href":"https:\/\/www.deberes.net\/tesis\/wp-json\/wp\/v2\/comments?post=108983"}],"version-history":[{"count":0,"href":"https:\/\/www.deberes.net\/tesis\/wp-json\/wp\/v2\/posts\/108983\/revisions"}],"wp:attachment":[{"href":"https:\/\/www.deberes.net\/tesis\/wp-json\/wp\/v2\/media?parent=108983"}],"wp:term":[{"taxonomy":"category","embeddable":true,"href":"https:\/\/www.deberes.net\/tesis\/wp-json\/wp\/v2\/categories?post=108983"},{"taxonomy":"post_tag","embeddable":true,"href":"https:\/\/www.deberes.net\/tesis\/wp-json\/wp\/v2\/tags?post=108983"}],"curies":[{"name":"wp","href":"https:\/\/api.w.org\/{rel}","templated":true}]}}