{"id":108984,"date":"2011-08-06T00:00:00","date_gmt":"2011-08-06T00:00:00","guid":{"rendered":"https:\/\/www.deberes.net\/tesis\/sin-categoria\/valor-predictivo-de-la-sintomatologa%c2%ada-afectiva-en-primeros-episodios-psicoticos\/"},"modified":"2011-08-06T00:00:00","modified_gmt":"2011-08-06T00:00:00","slug":"valor-predictivo-de-la-sintomatologa%c2%ada-afectiva-en-primeros-episodios-psicoticos","status":"publish","type":"post","link":"https:\/\/www.deberes.net\/tesis\/psiquiatria\/valor-predictivo-de-la-sintomatologa%c2%ada-afectiva-en-primeros-episodios-psicoticos\/","title":{"rendered":"Valor predictivo de la sintomatolog\u00eda afectiva en primeros episodios psic\u00f3ticos"},"content":{"rendered":"<h2>Tesis doctoral de <strong> Marta Arrasate Gil <\/strong><\/h2>\n<p>Estudio longitudinal-prospectivo llevado a cabo en una muestra de 112 pacientes hospitalizados con un primer episodio psic\u00f3tico. Se analiz\u00f3 el valor predictivo de la sintomatolog\u00eda afectiva tras un seguimiento durante cinco a\u00f1os; para ello, adem\u00e1s de la evaluaci\u00f3n basal (n 112), los pacientes se valoraron nuevamente al 3er a\u00f1o (n 91) y 5\u00c2\u00ba a\u00f1os (n 82).  como variables independientes se utilizaron cuatro dimensiones afectivas obtenidas previamente tras un an\u00e1lisis factorial en una muestra de 103 pacientes diagnosticados de trastorno bipolar. Y como variables dependientes: el n\u00c2\u00ba de reca\u00eddas, de ingresos y de intentos de suicidio,  escala gaf y escala pron\u00f3stica de strauss-carpenter. Adem\u00e1s, se ha analizado tambi\u00e9n el valor predictivo diagn\u00f3stico de trastorno bipolar de estas dimensiones. obtuvimos que la dimensi\u00f3n depresiva basal se asoci\u00f3 con un menor n\u00c2\u00ba de ingresos y de reca\u00eddas, por lo tanto se asoci\u00f3 con un pron\u00f3stico favorable. La dimensi\u00f3n man\u00edaca se asoci\u00f3 con un mayor n\u00c2\u00ba de reca\u00eddas. La dimensi\u00f3n activaci\u00f3n se asoci\u00f3 con un mayor n\u00c2\u00ba de reca\u00eddas y con un mejor pron\u00f3stico en la actividad social. por otra parte observamos que son las dimensiones man\u00edaca y activaci\u00f3n las que caracterizan b\u00e1sicamente al trastorno bipolar y contribuyen a su diagn\u00f3stico, prediciendo bipolaridad; sin embargo, la presencia de dimensi\u00f3n depresiva y la ausencia de dimensi\u00f3n man\u00edaca confunden a la hora de poder emitir el diagn\u00f3stico temprano de esta enfermedad. finalmente, se\u00f1alar que un acercamiento dimensional al diagn\u00f3stico de los trastornos psic\u00f3ticos, basado en los perfiles sintom\u00e1ticos considerados longitudinalmente, puede predecir el curso y evoluci\u00f3n y diagn\u00f3stico de la enfermedad.<\/p>\n<p>&nbsp;<\/p>\n<h3>Datos acad\u00e9micos de la tesis doctoral \u00ab<strong>Valor predictivo de la sintomatolog\u00eda afectiva en primeros episodios psic\u00f3ticos<\/strong>\u00ab<\/h3>\n<ul>\n<li><strong>T\u00edtulo de la tesis:<\/strong>\u00a0 Valor predictivo de la sintomatolog\u00eda afectiva en primeros episodios psic\u00f3ticos <\/li>\n<li><strong>Autor:<\/strong>\u00a0 Marta Arrasate Gil <\/li>\n<li><strong>Universidad:<\/strong>\u00a0 Pa\u00eds vasco\/euskal herriko unibertsitatea<\/li>\n<li><strong>Fecha de lectura de la tesis:<\/strong>\u00a0 08\/06\/2011<\/li>\n<\/ul>\n<p>&nbsp;<\/p>\n<h3>Direcci\u00f3n y tribunal<\/h3>\n<ul>\n<li><strong>Director de la tesis<\/strong>\n<ul>\n<li>pinto Arrillaga Gonzalez<\/li>\n<\/ul>\n<\/li>\n<li><strong>Tribunal<\/strong>\n<ul>\n<li>Presidente del tribunal: jose Guimon ugartechea <\/li>\n<li>Jos\u00e9 Luis Carrasco perera (vocal)<\/li>\n<li>jim Vanos (vocal)<\/li>\n<li>Manuel Martin carrasco (vocal)<\/li>\n<\/ul>\n<\/li>\n<\/ul>\n<p>&nbsp;<\/p>\n","protected":false},"excerpt":{"rendered":"<p>Tesis doctoral de Marta Arrasate Gil Estudio longitudinal-prospectivo llevado a cabo en una muestra de 112 pacientes hospitalizados con un [&hellip;]<\/p>\n","protected":false},"author":1,"featured_media":0,"comment_status":"open","ping_status":"open","sticky":false,"template":"","format":"standard","meta":{"site-sidebar-layout":"default","site-content-layout":"","ast-site-content-layout":"","site-content-style":"default","site-sidebar-style":"default","ast-global-header-display":"","ast-banner-title-visibility":"","ast-main-header-display":"","ast-hfb-above-header-display":"","ast-hfb-below-header-display":"","ast-hfb-mobile-header-display":"","site-post-title":"","ast-breadcrumbs-content":"","ast-featured-img":"","footer-sml-layout":"","theme-transparent-header-meta":"","adv-header-id-meta":"","stick-header-meta":"","header-above-stick-meta":"","header-main-stick-meta":"","header-below-stick-meta":"","astra-migrate-meta-layouts":"default","ast-page-background-enabled":"default","ast-page-background-meta":{"desktop":{"background-color":"var(--ast-global-color-4)","background-image":"","background-repeat":"repeat","background-position":"center center","background-size":"auto","background-attachment":"scroll","background-type":"","background-media":"","overlay-type":"","overlay-color":"","overlay-gradient":""},"tablet":{"background-color":"","background-image":"","background-repeat":"repeat","background-position":"center center","background-size":"auto","background-attachment":"scroll","background-type":"","background-media":"","overlay-type":"","overlay-color":"","overlay-gradient":""},"mobile":{"background-color":"","background-image":"","background-repeat":"repeat","background-position":"center center","background-size":"auto","background-attachment":"scroll","background-type":"","background-media":"","overlay-type":"","overlay-color":"","overlay-gradient":""}},"ast-content-background-meta":{"desktop":{"background-color":"var(--ast-global-color-5)","background-image":"","background-repeat":"repeat","background-position":"center center","background-size":"auto","background-attachment":"scroll","background-type":"","background-media":"","overlay-type":"","overlay-color":"","overlay-gradient":""},"tablet":{"background-color":"var(--ast-global-color-5)","background-image":"","background-repeat":"repeat","background-position":"center center","background-size":"auto","background-attachment":"scroll","background-type":"","background-media":"","overlay-type":"","overlay-color":"","overlay-gradient":""},"mobile":{"background-color":"var(--ast-global-color-5)","background-image":"","background-repeat":"repeat","background-position":"center center","background-size":"auto","background-attachment":"scroll","background-type":"","background-media":"","overlay-type":"","overlay-color":"","overlay-gradient":""}},"footnotes":""},"categories":[12909,1408],"tags":[218214,28113,85459,98269,218213,191135],"class_list":["post-108984","post","type-post","status-publish","format-standard","hentry","category-pais-vasco-euskal-herriko-unibertsitatea","category-psiquiatria","tag-jim-vanos","tag-jose-guimon-ugartechea","tag-jose-luis-carrasco-perera","tag-manuel-martin-carrasco","tag-marta-arrasate-gil","tag-pinto-arrillaga-gonzalez"],"_links":{"self":[{"href":"https:\/\/www.deberes.net\/tesis\/wp-json\/wp\/v2\/posts\/108984","targetHints":{"allow":["GET"]}}],"collection":[{"href":"https:\/\/www.deberes.net\/tesis\/wp-json\/wp\/v2\/posts"}],"about":[{"href":"https:\/\/www.deberes.net\/tesis\/wp-json\/wp\/v2\/types\/post"}],"author":[{"embeddable":true,"href":"https:\/\/www.deberes.net\/tesis\/wp-json\/wp\/v2\/users\/1"}],"replies":[{"embeddable":true,"href":"https:\/\/www.deberes.net\/tesis\/wp-json\/wp\/v2\/comments?post=108984"}],"version-history":[{"count":0,"href":"https:\/\/www.deberes.net\/tesis\/wp-json\/wp\/v2\/posts\/108984\/revisions"}],"wp:attachment":[{"href":"https:\/\/www.deberes.net\/tesis\/wp-json\/wp\/v2\/media?parent=108984"}],"wp:term":[{"taxonomy":"category","embeddable":true,"href":"https:\/\/www.deberes.net\/tesis\/wp-json\/wp\/v2\/categories?post=108984"},{"taxonomy":"post_tag","embeddable":true,"href":"https:\/\/www.deberes.net\/tesis\/wp-json\/wp\/v2\/tags?post=108984"}],"curies":[{"name":"wp","href":"https:\/\/api.w.org\/{rel}","templated":true}]}}