{"id":109013,"date":"2011-09-06T00:00:00","date_gmt":"2011-09-06T00:00:00","guid":{"rendered":"https:\/\/www.deberes.net\/tesis\/sin-categoria\/les-pobreses-de-les-joventuts-formes-de-vulnerabilitat-social-juvenil\/"},"modified":"2011-09-06T00:00:00","modified_gmt":"2011-09-06T00:00:00","slug":"les-pobreses-de-les-joventuts-formes-de-vulnerabilitat-social-juvenil","status":"publish","type":"post","link":"https:\/\/www.deberes.net\/tesis\/sociologia\/les-pobreses-de-les-joventuts-formes-de-vulnerabilitat-social-juvenil\/","title":{"rendered":"Les pobreses de les joventuts. formes de vulnerabilitat social juvenil"},"content":{"rendered":"<h2>Tesis doctoral de <strong> Francesc Valls Fonayet <\/strong><\/h2>\n<p>La tesis doctoral aporta una nueva aproximaci\u00f3n metodol\u00f3gica sobre pobreza y esclusi\u00f3n social, y sobre juventud. Se supera el abordaje exclusivamente economicista del fen\u00f3meno de la pobreza, profundizando en una perspectiva multidimensional. La conceptualizaci\u00f3n de la juventud va m\u00e1s all\u00e1 de la de simple grupo biol\u00f3gico (personas que no tienen en com\u00fan m\u00e1s que la edad). Se han construido grupos sociales juveniles que permiten hablar de j\u00f3venes con unas mismas condiciones de vida. Esta tesis opta por la triangulaci\u00f3n metodol\u00f3gica, y gcias a eso, aparte de poder realizar an\u00e1lisis descriptivos cuantitativos sobre fen\u00f3menos sociales, tambi\u00e9n se acerca a la comprensi\u00f3n de c\u00f3mo se vive subjetivamente la pobreza.<\/p>\n<p>&nbsp;<\/p>\n<h3>Datos acad\u00e9micos de la tesis doctoral \u00ab<strong>Les pobreses de les joventuts. formes de vulnerabilitat social juvenil<\/strong>\u00ab<\/h3>\n<ul>\n<li><strong>T\u00edtulo de la tesis:<\/strong>\u00a0 Les pobreses de les joventuts. formes de vulnerabilitat social juvenil <\/li>\n<li><strong>Autor:<\/strong>\u00a0 Francesc Valls Fonayet <\/li>\n<li><strong>Universidad:<\/strong>\u00a0 Rovira i virgili<\/li>\n<li><strong>Fecha de lectura de la tesis:<\/strong>\u00a0 09\/06\/2011<\/li>\n<\/ul>\n<p>&nbsp;<\/p>\n<h3>Direcci\u00f3n y tribunal<\/h3>\n<ul>\n<li><strong>Director de la tesis<\/strong>\n<ul>\n<li>Ignacio Brunet Icart<\/li>\n<\/ul>\n<\/li>\n<li><strong>Tribunal<\/strong>\n<ul>\n<li>Presidente del tribunal: serge Paugam <\/li>\n<li>katia Lurbe puerto (vocal)<\/li>\n<li>Jos\u00e9 Mar\u00eda Tortosa blasco (vocal)<\/li>\n<li>cristina S\u00e1nchez miret (vocal)<\/li>\n<\/ul>\n<\/li>\n<\/ul>\n<p>&nbsp;<\/p>\n","protected":false},"excerpt":{"rendered":"<p>Tesis doctoral de Francesc Valls Fonayet La tesis doctoral aporta una nueva aproximaci\u00f3n metodol\u00f3gica sobre pobreza y esclusi\u00f3n social, y [&hellip;]<\/p>\n","protected":false},"author":1,"featured_media":0,"comment_status":"open","ping_status":"open","sticky":false,"template":"","format":"standard","meta":{"site-sidebar-layout":"default","site-content-layout":"","ast-site-content-layout":"","site-content-style":"default","site-sidebar-style":"default","ast-global-header-display":"","ast-banner-title-visibility":"","ast-main-header-display":"","ast-hfb-above-header-display":"","ast-hfb-below-header-display":"","ast-hfb-mobile-header-display":"","site-post-title":"","ast-breadcrumbs-content":"","ast-featured-img":"","footer-sml-layout":"","theme-transparent-header-meta":"","adv-header-id-meta":"","stick-header-meta":"","header-above-stick-meta":"","header-main-stick-meta":"","header-below-stick-meta":"","astra-migrate-meta-layouts":"default","ast-page-background-enabled":"default","ast-page-background-meta":{"desktop":{"background-color":"var(--ast-global-color-4)","background-image":"","background-repeat":"repeat","background-position":"center center","background-size":"auto","background-attachment":"scroll","background-type":"","background-media":"","overlay-type":"","overlay-color":"","overlay-gradient":""},"tablet":{"background-color":"","background-image":"","background-repeat":"repeat","background-position":"center center","background-size":"auto","background-attachment":"scroll","background-type":"","background-media":"","overlay-type":"","overlay-color":"","overlay-gradient":""},"mobile":{"background-color":"","background-image":"","background-repeat":"repeat","background-position":"center center","background-size":"auto","background-attachment":"scroll","background-type":"","background-media":"","overlay-type":"","overlay-color":"","overlay-gradient":""}},"ast-content-background-meta":{"desktop":{"background-color":"var(--ast-global-color-5)","background-image":"","background-repeat":"repeat","background-position":"center center","background-size":"auto","background-attachment":"scroll","background-type":"","background-media":"","overlay-type":"","overlay-color":"","overlay-gradient":""},"tablet":{"background-color":"var(--ast-global-color-5)","background-image":"","background-repeat":"repeat","background-position":"center center","background-size":"auto","background-attachment":"scroll","background-type":"","background-media":"","overlay-type":"","overlay-color":"","overlay-gradient":""},"mobile":{"background-color":"var(--ast-global-color-5)","background-image":"","background-repeat":"repeat","background-position":"center center","background-size":"auto","background-attachment":"scroll","background-type":"","background-media":"","overlay-type":"","overlay-color":"","overlay-gradient":""}},"footnotes":""},"categories":[21413,18759,269],"tags":[14187,218261,48067,24026,218263,218262],"class_list":["post-109013","post","type-post","status-publish","format-standard","hentry","category-caracteristicas-socioeconomicas-de-la-poblacion","category-rovira-i-virgili","category-sociologia","tag-cristina-sanchez-miret","tag-francesc-valls-fonayet","tag-ignacio-brunet-icart","tag-jose-maria-tortosa-blasco","tag-katia-lurbe-puerto","tag-serge-paugam"],"_links":{"self":[{"href":"https:\/\/www.deberes.net\/tesis\/wp-json\/wp\/v2\/posts\/109013","targetHints":{"allow":["GET"]}}],"collection":[{"href":"https:\/\/www.deberes.net\/tesis\/wp-json\/wp\/v2\/posts"}],"about":[{"href":"https:\/\/www.deberes.net\/tesis\/wp-json\/wp\/v2\/types\/post"}],"author":[{"embeddable":true,"href":"https:\/\/www.deberes.net\/tesis\/wp-json\/wp\/v2\/users\/1"}],"replies":[{"embeddable":true,"href":"https:\/\/www.deberes.net\/tesis\/wp-json\/wp\/v2\/comments?post=109013"}],"version-history":[{"count":0,"href":"https:\/\/www.deberes.net\/tesis\/wp-json\/wp\/v2\/posts\/109013\/revisions"}],"wp:attachment":[{"href":"https:\/\/www.deberes.net\/tesis\/wp-json\/wp\/v2\/media?parent=109013"}],"wp:term":[{"taxonomy":"category","embeddable":true,"href":"https:\/\/www.deberes.net\/tesis\/wp-json\/wp\/v2\/categories?post=109013"},{"taxonomy":"post_tag","embeddable":true,"href":"https:\/\/www.deberes.net\/tesis\/wp-json\/wp\/v2\/tags?post=109013"}],"curies":[{"name":"wp","href":"https:\/\/api.w.org\/{rel}","templated":true}]}}