{"id":109030,"date":"2011-10-06T00:00:00","date_gmt":"2011-10-06T00:00:00","guid":{"rendered":"https:\/\/www.deberes.net\/tesis\/sin-categoria\/genetica-de-la-glicosilacion-de-protea%c2%adnas-en-el-desarrollo-patogenico-de-ustilago-maydis\/"},"modified":"2011-10-06T00:00:00","modified_gmt":"2011-10-06T00:00:00","slug":"genetica-de-la-glicosilacion-de-protea%c2%adnas-en-el-desarrollo-patogenico-de-ustilago-maydis","status":"publish","type":"post","link":"https:\/\/www.deberes.net\/tesis\/genetica-molecular\/genetica-de-la-glicosilacion-de-protea%c2%adnas-en-el-desarrollo-patogenico-de-ustilago-maydis\/","title":{"rendered":"Gen\u00e9tica de la glicosilaci\u00f3n de prote\u00ednas en el desarrollo patog\u00e9nico de ustilago maydis"},"content":{"rendered":"<h2>Tesis doctoral de <strong> Alfonso Fernandez  Alvarez <\/strong><\/h2>\n<p>En determinadas situaciones algunos hongos establecen relaciones biotr\u00f3ficas con las plantas. Esta interacci\u00f3n tiene que estar finamente controlada por el hongo ya que de su \u00e9xito depende su propia supervivencia. Este proceso est\u00e1 orquestado por prote\u00ednas f\u00fangicas que, funcionando como receptores de la membrana plasm\u00e1tica y efectores, construyen el sistema patog\u00e9nico hongo-planta. La glicosilaci\u00f3n es una modificaci\u00f3n postraduccional, com\u00fan denominador en muchas de estas prote\u00ednas, que condiciona su localizaci\u00f3n y funci\u00f3n. En este estudio analizamos la relevancia de los genes que constituyen las principales rutas de glicosilaci\u00f3n de prote\u00ednas en el hongo biotr\u00f3fico ustilago maydis, as\u00ed como el conflicto que se genera en los mutantes de glicosilaci\u00f3n en la interacci\u00f3n patog\u00e9nica con su hospedador, la planta de ma\u00edz.<\/p>\n<p>&nbsp;<\/p>\n<h3>Datos acad\u00e9micos de la tesis doctoral \u00ab<strong>Gen\u00e9tica de la glicosilaci\u00f3n de prote\u00ednas en el desarrollo patog\u00e9nico de ustilago maydis<\/strong>\u00ab<\/h3>\n<ul>\n<li><strong>T\u00edtulo de la tesis:<\/strong>\u00a0 Gen\u00e9tica de la glicosilaci\u00f3n de prote\u00ednas en el desarrollo patog\u00e9nico de ustilago maydis <\/li>\n<li><strong>Autor:<\/strong>\u00a0 Alfonso Fernandez  Alvarez <\/li>\n<li><strong>Universidad:<\/strong>\u00a0 Pablo de olavide<\/li>\n<li><strong>Fecha de lectura de la tesis:<\/strong>\u00a0 10\/06\/2011<\/li>\n<\/ul>\n<p>&nbsp;<\/p>\n<h3>Direcci\u00f3n y tribunal<\/h3>\n<ul>\n<li><strong>Director de la tesis<\/strong>\n<ul>\n<li>Jos\u00e9 Ignacio Ibeas Corcelles<\/li>\n<\/ul>\n<\/li>\n<li><strong>Tribunal<\/strong>\n<ul>\n<li>Presidente del tribunal: Juan Jim\u00e9nez mart\u00ednez <\/li>\n<li>Mar\u00eda  del pilar Perez gonzalez (vocal)<\/li>\n<li>Mar\u00eda  isabel Gonzalez roncero (vocal)<\/li>\n<li>Jos\u00e9 Perez mart\u00edn (vocal)<\/li>\n<\/ul>\n<\/li>\n<\/ul>\n<p>&nbsp;<\/p>\n","protected":false},"excerpt":{"rendered":"<p>Tesis doctoral de Alfonso Fernandez Alvarez En determinadas situaciones algunos hongos establecen relaciones biotr\u00f3ficas con las plantas. Esta interacci\u00f3n tiene [&hellip;]<\/p>\n","protected":false},"author":1,"featured_media":0,"comment_status":"open","ping_status":"open","sticky":false,"template":"","format":"standard","meta":{"site-sidebar-layout":"default","site-content-layout":"","ast-site-content-layout":"","site-content-style":"default","site-sidebar-style":"default","ast-global-header-display":"","ast-banner-title-visibility":"","ast-main-header-display":"","ast-hfb-above-header-display":"","ast-hfb-below-header-display":"","ast-hfb-mobile-header-display":"","site-post-title":"","ast-breadcrumbs-content":"","ast-featured-img":"","footer-sml-layout":"","theme-transparent-header-meta":"","adv-header-id-meta":"","stick-header-meta":"","header-above-stick-meta":"","header-main-stick-meta":"","header-below-stick-meta":"","astra-migrate-meta-layouts":"default","ast-page-background-enabled":"default","ast-page-background-meta":{"desktop":{"background-color":"var(--ast-global-color-4)","background-image":"","background-repeat":"repeat","background-position":"center center","background-size":"auto","background-attachment":"scroll","background-type":"","background-media":"","overlay-type":"","overlay-color":"","overlay-gradient":""},"tablet":{"background-color":"","background-image":"","background-repeat":"repeat","background-position":"center center","background-size":"auto","background-attachment":"scroll","background-type":"","background-media":"","overlay-type":"","overlay-color":"","overlay-gradient":""},"mobile":{"background-color":"","background-image":"","background-repeat":"repeat","background-position":"center center","background-size":"auto","background-attachment":"scroll","background-type":"","background-media":"","overlay-type":"","overlay-color":"","overlay-gradient":""}},"ast-content-background-meta":{"desktop":{"background-color":"var(--ast-global-color-5)","background-image":"","background-repeat":"repeat","background-position":"center center","background-size":"auto","background-attachment":"scroll","background-type":"","background-media":"","overlay-type":"","overlay-color":"","overlay-gradient":""},"tablet":{"background-color":"var(--ast-global-color-5)","background-image":"","background-repeat":"repeat","background-position":"center center","background-size":"auto","background-attachment":"scroll","background-type":"","background-media":"","overlay-type":"","overlay-color":"","overlay-gradient":""},"mobile":{"background-color":"var(--ast-global-color-5)","background-image":"","background-repeat":"repeat","background-position":"center center","background-size":"auto","background-attachment":"scroll","background-type":"","background-media":"","overlay-type":"","overlay-color":"","overlay-gradient":""}},"footnotes":""},"categories":[15231,59053,37286],"tags":[218284,199086,40098,6208,9869,2345],"class_list":["post-109030","post","type-post","status-publish","format-standard","hentry","category-genetica-molecular","category-genetica-molecular-de-levaduras","category-pablo-de-olavide","tag-alfonso-fernandez-alvarez","tag-jose-ignacio-ibeas-corcelles","tag-jose-perez-martin","tag-juan-jimenez-Martinez","tag-maria-del-pilar-perez-gonzalez","tag-maria-isabel-gonzalez-roncero"],"_links":{"self":[{"href":"https:\/\/www.deberes.net\/tesis\/wp-json\/wp\/v2\/posts\/109030","targetHints":{"allow":["GET"]}}],"collection":[{"href":"https:\/\/www.deberes.net\/tesis\/wp-json\/wp\/v2\/posts"}],"about":[{"href":"https:\/\/www.deberes.net\/tesis\/wp-json\/wp\/v2\/types\/post"}],"author":[{"embeddable":true,"href":"https:\/\/www.deberes.net\/tesis\/wp-json\/wp\/v2\/users\/1"}],"replies":[{"embeddable":true,"href":"https:\/\/www.deberes.net\/tesis\/wp-json\/wp\/v2\/comments?post=109030"}],"version-history":[{"count":0,"href":"https:\/\/www.deberes.net\/tesis\/wp-json\/wp\/v2\/posts\/109030\/revisions"}],"wp:attachment":[{"href":"https:\/\/www.deberes.net\/tesis\/wp-json\/wp\/v2\/media?parent=109030"}],"wp:term":[{"taxonomy":"category","embeddable":true,"href":"https:\/\/www.deberes.net\/tesis\/wp-json\/wp\/v2\/categories?post=109030"},{"taxonomy":"post_tag","embeddable":true,"href":"https:\/\/www.deberes.net\/tesis\/wp-json\/wp\/v2\/tags?post=109030"}],"curies":[{"name":"wp","href":"https:\/\/api.w.org\/{rel}","templated":true}]}}