{"id":109070,"date":"2018-03-11T10:34:16","date_gmt":"2018-03-11T10:34:16","guid":{"rendered":"https:\/\/www.deberes.net\/tesis\/sin-categoria\/salud-emocional-de-las-mujeres-que-participan-en-el-programa-de-deteccion-precoz-de-cancer-de-mama-de-la-comunidad-autonoma-de-madrid\/"},"modified":"2018-03-11T10:34:16","modified_gmt":"2018-03-11T10:34:16","slug":"salud-emocional-de-las-mujeres-que-participan-en-el-programa-de-deteccion-precoz-de-cancer-de-mama-de-la-comunidad-autonoma-de-madrid","status":"publish","type":"post","link":"https:\/\/www.deberes.net\/tesis\/psicologia\/salud-emocional-de-las-mujeres-que-participan-en-el-programa-de-deteccion-precoz-de-cancer-de-mama-de-la-comunidad-autonoma-de-madrid\/","title":{"rendered":"Salud emocional de las mujeres que participan en el programa de detecci\u00f3n precoz de c\u00e1ncer de mama de la comunidad aut\u00f3noma de Madrid."},"content":{"rendered":"<h2>Tesis doctoral de <strong> Mar\u00eda  Del Carmen Cardenal Ciudad <\/strong><\/h2>\n<p>Tesis doctoral: salud emocional de las mujeres que participan en el programa de detecci\u00f3n precoz de c\u00e1ncer de mama de la comunidad aut\u00f3noma de Madrid. doctoranda: mar\u00eda del carmen cardenal ciudad directores: dr. D. Juan antonio cruzado rodr\u00edguez  y d r. D. Andr\u00e9s gonz\u00e1lez navarro. u.C.M. Facultad de psicolog\u00eda. Departamento de personalidad, evaluaci\u00f3n y tratamientos psicol\u00f3gicos i. Programa de doctorado: psicolog\u00eda cl\u00ednica experimental. Madrid, 2011   objetivos: 1. Valorar el impacto del cribado mamogr\u00e1fico en las usuarias que tras acudir a realizarse su mamograf\u00eda de cribado bianual se les prescribe una segunda mamograf\u00eda a los seis meses para clarificar su diagn\u00f3stico. Dicho impacto se valora de acuerdo a las siguientes variables: estado d e \u00e1nimo (ansiedad y depresi\u00f3n), calidad de vida, grado de ansiedad e incomodidad ante el procedimiento mamogr\u00e1fico, as\u00ed como el nivel de satisfacci\u00f3n con el deprecam.  2. Determinar el valor predictivo en el impacto del cribado en los dos momentos de  medida de las siguientes variables: sociodemogr\u00e1ficas, factores relativos al cribado mamogr\u00e1fico (n\u00famero de mamograf\u00edas realizadas dentro y fuera del deprecam y tiempo transcurrido entre la realizaci\u00f3n de las pruebas y la comunicaci\u00f3n de los resulta dos de las mismas), acontecimientos estresantes sufridos en los \u00faltimos meses,  antecedentes personales y familiares relativos al c\u00e1ncer y al cuidado familiar, vulnerabilidad psicopatol\u00f3gica, estrategias de afrontamiento.  3. Determinar el grado del cambio en el impacto del cribado mamogr\u00e1fico entre el primer momento de medida y el segundo en cada una de las variables, mencionadas en el primer objetivo.  m\u00e9todo: las participantes son mujeres residentes en el \u00e1rea 8 de la comunidad de Madrid, con formada por los distritos de m\u00f3stoles y alcorc\u00f3n, con edades comprendidas entre 50-69 a\u00f1os cuya mamograf\u00eda ha sido catalogada como birad 3, es decir el resultado de dicha exploraci\u00f3n es probablemente benigno, pero requiere seguimiento a corto plazo ( seis meses despu\u00e9s de la realizaci\u00f3n de la mamograf\u00eda de cribado). Se midieron sus niveles de ansiedad y depresi\u00f3n (had), su calidad de vida (sf-36 versi\u00f3n 2) y sus estilos de afrontamiento (cope) en dos ocasiones: la primera vez cuando a las partici pantes les hab\u00edan realizado la mamograf\u00eda de cribado y conoc\u00edan su resultado de seguimiento a corto plazo (birad 3) y la segunda vez se llev\u00f3 a cabo cuando a las participantes se les hab\u00eda realizado la mamograf\u00eda de seguimiento y conoc\u00edan que su resu<\/p>\n<p>&nbsp;<\/p>\n<h3>Datos acad\u00e9micos de la tesis doctoral \u00ab<strong>Salud emocional de las mujeres que participan en el programa de detecci\u00f3n precoz de c\u00e1ncer de mama de la comunidad aut\u00f3noma de Madrid.<\/strong>\u00ab<\/h3>\n<ul>\n<li><strong>T\u00edtulo de la tesis:<\/strong>\u00a0 Salud emocional de las mujeres que participan en el programa de detecci\u00f3n precoz de c\u00e1ncer de mama de la comunidad aut\u00f3noma de Madrid. <\/li>\n<li><strong>Autor:<\/strong>\u00a0 Mar\u00eda  Del Carmen Cardenal Ciudad <\/li>\n<li><strong>Universidad:<\/strong>\u00a0 Complutense de Madrid<\/li>\n<li><strong>Fecha de lectura de la tesis:<\/strong>\u00a0 13\/06\/2011<\/li>\n<\/ul>\n<p>&nbsp;<\/p>\n<h3>Direcci\u00f3n y tribunal<\/h3>\n<ul>\n<li><strong>Director de la tesis<\/strong>\n<ul>\n<li>Juan  Antonio Cruzado Rodriguez<\/li>\n<\/ul>\n<\/li>\n<li><strong>Tribunal<\/strong>\n<ul>\n<li>Presidente del tribunal: cristina Larroy Garc\u00eda <\/li>\n<li>Miguel angel Vallejo pareja (vocal)<\/li>\n<li>pilar Barreto mart\u00edn (vocal)<\/li>\n<li>eduardo Garcia-camba de la muela (vocal)<\/li>\n<\/ul>\n<\/li>\n<\/ul>\n<p>&nbsp;<\/p>\n","protected":false},"excerpt":{"rendered":"<p>Tesis doctoral de Mar\u00eda Del Carmen Cardenal Ciudad Tesis doctoral: salud emocional de las mujeres que participan en el programa [&hellip;]<\/p>\n","protected":false},"author":1,"featured_media":0,"comment_status":"open","ping_status":"open","sticky":false,"template":"","format":"standard","meta":{"site-sidebar-layout":"default","site-content-layout":"","ast-site-content-layout":"","site-content-style":"default","site-sidebar-style":"default","ast-global-header-display":"","ast-banner-title-visibility":"","ast-main-header-display":"","ast-hfb-above-header-display":"","ast-hfb-below-header-display":"","ast-hfb-mobile-header-display":"","site-post-title":"","ast-breadcrumbs-content":"","ast-featured-img":"","footer-sml-layout":"","theme-transparent-header-meta":"","adv-header-id-meta":"","stick-header-meta":"","header-above-stick-meta":"","header-main-stick-meta":"","header-below-stick-meta":"","astra-migrate-meta-layouts":"default","ast-page-background-enabled":"default","ast-page-background-meta":{"desktop":{"background-color":"var(--ast-global-color-4)","background-image":"","background-repeat":"repeat","background-position":"center center","background-size":"auto","background-attachment":"scroll","background-type":"","background-media":"","overlay-type":"","overlay-color":"","overlay-gradient":""},"tablet":{"background-color":"","background-image":"","background-repeat":"repeat","background-position":"center center","background-size":"auto","background-attachment":"scroll","background-type":"","background-media":"","overlay-type":"","overlay-color":"","overlay-gradient":""},"mobile":{"background-color":"","background-image":"","background-repeat":"repeat","background-position":"center center","background-size":"auto","background-attachment":"scroll","background-type":"","background-media":"","overlay-type":"","overlay-color":"","overlay-gradient":""}},"ast-content-background-meta":{"desktop":{"background-color":"var(--ast-global-color-5)","background-image":"","background-repeat":"repeat","background-position":"center center","background-size":"auto","background-attachment":"scroll","background-type":"","background-media":"","overlay-type":"","overlay-color":"","overlay-gradient":""},"tablet":{"background-color":"var(--ast-global-color-5)","background-image":"","background-repeat":"repeat","background-position":"center center","background-size":"auto","background-attachment":"scroll","background-type":"","background-media":"","overlay-type":"","overlay-color":"","overlay-gradient":""},"mobile":{"background-color":"var(--ast-global-color-5)","background-image":"","background-repeat":"repeat","background-position":"center center","background-size":"auto","background-attachment":"scroll","background-type":"","background-media":"","overlay-type":"","overlay-color":"","overlay-gradient":""}},"footnotes":""},"categories":[986,324],"tags":[117624,80034,7304,218342,7306,11444],"class_list":["post-109070","post","type-post","status-publish","format-standard","hentry","category-complutense-de-madrid","category-psicologia","tag-cristina-larroy-garcia","tag-eduardo-garcia-camba-de-la-muela","tag-juan-antonio-cruzado-rodriguez","tag-maria-del-carmen-cardenal-ciudad","tag-miguel-angel-vallejo-pareja","tag-pilar-barreto-martin"],"_links":{"self":[{"href":"https:\/\/www.deberes.net\/tesis\/wp-json\/wp\/v2\/posts\/109070","targetHints":{"allow":["GET"]}}],"collection":[{"href":"https:\/\/www.deberes.net\/tesis\/wp-json\/wp\/v2\/posts"}],"about":[{"href":"https:\/\/www.deberes.net\/tesis\/wp-json\/wp\/v2\/types\/post"}],"author":[{"embeddable":true,"href":"https:\/\/www.deberes.net\/tesis\/wp-json\/wp\/v2\/users\/1"}],"replies":[{"embeddable":true,"href":"https:\/\/www.deberes.net\/tesis\/wp-json\/wp\/v2\/comments?post=109070"}],"version-history":[{"count":0,"href":"https:\/\/www.deberes.net\/tesis\/wp-json\/wp\/v2\/posts\/109070\/revisions"}],"wp:attachment":[{"href":"https:\/\/www.deberes.net\/tesis\/wp-json\/wp\/v2\/media?parent=109070"}],"wp:term":[{"taxonomy":"category","embeddable":true,"href":"https:\/\/www.deberes.net\/tesis\/wp-json\/wp\/v2\/categories?post=109070"},{"taxonomy":"post_tag","embeddable":true,"href":"https:\/\/www.deberes.net\/tesis\/wp-json\/wp\/v2\/tags?post=109070"}],"curies":[{"name":"wp","href":"https:\/\/api.w.org\/{rel}","templated":true}]}}