{"id":109077,"date":"2018-03-11T10:34:16","date_gmt":"2018-03-11T10:34:16","guid":{"rendered":"https:\/\/www.deberes.net\/tesis\/sin-categoria\/trabajadores-espanoles-en-alemania-1941-1945\/"},"modified":"2018-03-11T10:34:16","modified_gmt":"2018-03-11T10:34:16","slug":"trabajadores-espanoles-en-alemania-1941-1945","status":"publish","type":"post","link":"https:\/\/www.deberes.net\/tesis\/economia-del-area-europea\/trabajadores-espanoles-en-alemania-1941-1945\/","title":{"rendered":"Trabajadores espa\u00f1oles en alemania (1941-1945)"},"content":{"rendered":"<h2>Tesis doctoral de <strong> Jos\u00e9 Manuel Ares Blanco <\/strong><\/h2>\n<p>La tesis ahonda en las circunstancias pol\u00edtico-econ\u00f3micas que rodean la participaci\u00f3n de m\u00e1s de diez mil obreros espa\u00f1oles, encuadrados desde el estado espa\u00f1ol, en la maquinaria productiva, civil y militar, alemana durante la segunda guerra mundial, en concreto, desde 1941, fecha a partir de la cual son contratados, hasta 1945, en que el reich capitula. Adem\u00e1s del papel que como tal fuerza econ\u00f3mica representan, tambi\u00e9n se analiza el papel que juegan en las relaciones pol\u00edticas entre espa\u00f1a y alemania, hasta llegar a un momento, a partir de la segunda mitad de 1944, en que, a nivel pol\u00edtico, se intenta usarlos como ariete para presionar a franco e, incluso, como fuente de reclutamiento, voluntario, ante la desesperada necesidad de recursos humanos que nutran las debilitadas fuerzas alemanas.  la visi\u00f3n, tanto desde la \u00f3rbita alemana como desde la espa\u00f1ola, permiten, en este trabajo, encuadrar en su justa medida la valoraci\u00f3n de la que son objeto, teniendo en cuenta las dificultades reinantes y las comparaciones con obreros de otras nacionalidades. La tesis tambi\u00e9n aborda la situaci\u00f3n reinante en espa\u00f1a, tras la guerra civil, para poder comprender las motivaciones que llevan a desplazarse a un pa\u00eds en guerra y en unos momentos en que las necesidades productivas y las aglomeraciones llevan a situaciones desagradables que intentan ser paliadas de variadas formas. el apoyo oficial a estos \u00abproductores\u00bb espa\u00f1oles se mantiene todo el tiempo que dura su contrataci\u00f3n y ser\u00e1n las circunstancias pol\u00edtico-militares del momento las que decidan poner fin a nuevas contrataciones. Como veremos, varios miles de ellos permanecen hasta los \u00faltimos meses de la guerra en suelo alem\u00e1n sufriendo los bombardeos diarios y, posteriormente, la situaci\u00f3n de refugiados.<\/p>\n<p>&nbsp;<\/p>\n<h3>Datos acad\u00e9micos de la tesis doctoral \u00ab<strong>Trabajadores espa\u00f1oles en alemania (1941-1945)<\/strong>\u00ab<\/h3>\n<ul>\n<li><strong>T\u00edtulo de la tesis:<\/strong>\u00a0 Trabajadores espa\u00f1oles en alemania (1941-1945) <\/li>\n<li><strong>Autor:<\/strong>\u00a0 Jos\u00e9 Manuel Ares Blanco <\/li>\n<li><strong>Universidad:<\/strong>\u00a0 San pablo-ceu<\/li>\n<li><strong>Fecha de lectura de la tesis:<\/strong>\u00a0 13\/06\/2011<\/li>\n<\/ul>\n<p>&nbsp;<\/p>\n<h3>Direcci\u00f3n y tribunal<\/h3>\n<ul>\n<li><strong>Director de la tesis<\/strong>\n<ul>\n<li>Jos\u00e9 Luis Orella Mart\u00ednez<\/li>\n<\/ul>\n<\/li>\n<li><strong>Tribunal<\/strong>\n<ul>\n<li>Presidente del tribunal: Francisco javier Paredes alonso <\/li>\n<li>Jos\u00e9 Luis Jer\u00e9z riesco (vocal)<\/li>\n<li>Jos\u00e9 Manuel Cansino mu\u00f1oz-repiso (vocal)<\/li>\n<li>Luis eugenio Togores sanchez (vocal)<\/li>\n<\/ul>\n<\/li>\n<\/ul>\n<p>&nbsp;<\/p>\n","protected":false},"excerpt":{"rendered":"<p>Tesis doctoral de Jos\u00e9 Manuel Ares Blanco La tesis ahonda en las circunstancias pol\u00edtico-econ\u00f3micas que rodean la participaci\u00f3n de m\u00e1s [&hellip;]<\/p>\n","protected":false},"author":1,"featured_media":0,"comment_status":"open","ping_status":"open","sticky":false,"template":"","format":"standard","meta":{"site-sidebar-layout":"default","site-content-layout":"","ast-site-content-layout":"","site-content-style":"default","site-sidebar-style":"default","ast-global-header-display":"","ast-banner-title-visibility":"","ast-main-header-display":"","ast-hfb-above-header-display":"","ast-hfb-below-header-display":"","ast-hfb-mobile-header-display":"","site-post-title":"","ast-breadcrumbs-content":"","ast-featured-img":"","footer-sml-layout":"","theme-transparent-header-meta":"","adv-header-id-meta":"","stick-header-meta":"","header-above-stick-meta":"","header-main-stick-meta":"","header-below-stick-meta":"","astra-migrate-meta-layouts":"default","ast-page-background-enabled":"default","ast-page-background-meta":{"desktop":{"background-color":"var(--ast-global-color-4)","background-image":"","background-repeat":"repeat","background-position":"center center","background-size":"auto","background-attachment":"scroll","background-type":"","background-media":"","overlay-type":"","overlay-color":"","overlay-gradient":""},"tablet":{"background-color":"","background-image":"","background-repeat":"repeat","background-position":"center center","background-size":"auto","background-attachment":"scroll","background-type":"","background-media":"","overlay-type":"","overlay-color":"","overlay-gradient":""},"mobile":{"background-color":"","background-image":"","background-repeat":"repeat","background-position":"center center","background-size":"auto","background-attachment":"scroll","background-type":"","background-media":"","overlay-type":"","overlay-color":"","overlay-gradient":""}},"ast-content-background-meta":{"desktop":{"background-color":"var(--ast-global-color-5)","background-image":"","background-repeat":"repeat","background-position":"center center","background-size":"auto","background-attachment":"scroll","background-type":"","background-media":"","overlay-type":"","overlay-color":"","overlay-gradient":""},"tablet":{"background-color":"var(--ast-global-color-5)","background-image":"","background-repeat":"repeat","background-position":"center center","background-size":"auto","background-attachment":"scroll","background-type":"","background-media":"","overlay-type":"","overlay-color":"","overlay-gradient":""},"mobile":{"background-color":"var(--ast-global-color-5)","background-image":"","background-repeat":"repeat","background-position":"center center","background-size":"auto","background-attachment":"scroll","background-type":"","background-media":"","overlay-type":"","overlay-color":"","overlay-gradient":""}},"footnotes":""},"categories":[83,910,353,18365,39800],"tags":[22020,218352,31986,218351,218010,191458],"class_list":["post-109077","post","type-post","status-publish","format-standard","hentry","category-economia-del-area-europea","category-economia-internacional","category-historia-contemporanea-del-area-europea","category-politica-economica-internacional","category-san-pablo-ceu","tag-francisco-javier-paredes-alonso","tag-jose-luis-jerez-riesco","tag-jose-luis-orella-Martinez","tag-jose-manuel-ares-blanco","tag-jose-manuel-cansino-munoz-repiso","tag-luis-eugenio-togores-sanchez"],"_links":{"self":[{"href":"https:\/\/www.deberes.net\/tesis\/wp-json\/wp\/v2\/posts\/109077","targetHints":{"allow":["GET"]}}],"collection":[{"href":"https:\/\/www.deberes.net\/tesis\/wp-json\/wp\/v2\/posts"}],"about":[{"href":"https:\/\/www.deberes.net\/tesis\/wp-json\/wp\/v2\/types\/post"}],"author":[{"embeddable":true,"href":"https:\/\/www.deberes.net\/tesis\/wp-json\/wp\/v2\/users\/1"}],"replies":[{"embeddable":true,"href":"https:\/\/www.deberes.net\/tesis\/wp-json\/wp\/v2\/comments?post=109077"}],"version-history":[{"count":0,"href":"https:\/\/www.deberes.net\/tesis\/wp-json\/wp\/v2\/posts\/109077\/revisions"}],"wp:attachment":[{"href":"https:\/\/www.deberes.net\/tesis\/wp-json\/wp\/v2\/media?parent=109077"}],"wp:term":[{"taxonomy":"category","embeddable":true,"href":"https:\/\/www.deberes.net\/tesis\/wp-json\/wp\/v2\/categories?post=109077"},{"taxonomy":"post_tag","embeddable":true,"href":"https:\/\/www.deberes.net\/tesis\/wp-json\/wp\/v2\/tags?post=109077"}],"curies":[{"name":"wp","href":"https:\/\/api.w.org\/{rel}","templated":true}]}}