{"id":109104,"date":"2018-03-11T10:34:16","date_gmt":"2018-03-11T10:34:16","guid":{"rendered":"https:\/\/www.deberes.net\/tesis\/sin-categoria\/el-flamenco-en-la-educacion-musical-andaluza-nueva-propuesta-curricular-y-metodologica\/"},"modified":"2018-03-11T10:34:16","modified_gmt":"2018-03-11T10:34:16","slug":"el-flamenco-en-la-educacion-musical-andaluza-nueva-propuesta-curricular-y-metodologica","status":"publish","type":"post","link":"https:\/\/www.deberes.net\/tesis\/musica-y-musicologia\/el-flamenco-en-la-educacion-musical-andaluza-nueva-propuesta-curricular-y-metodologica\/","title":{"rendered":"El flamenco en la educaci\u00f3n musical andaluza. nueva propuesta curricular y metodol\u00f3gica."},"content":{"rendered":"<h2>Tesis doctoral de <strong> Benjam\u00edn Perea  D\u00edaz <\/strong><\/h2>\n<p>Con esta tesis pretendemos acercarnos y mostrar el estado actual del flamenco dentro de la ense\u00f1anza musical en la educaci\u00f3n primaria andaluza. Un an\u00e1lisis de la producci\u00f3n cient\u00edfico-did\u00e1ctica realizada hasta el momento en torno al flamenco as\u00ed como su pr\u00e1ctica actual en el aula nos dar\u00e1n la clave para desarrollar una nueva propuesta curricular y metodol\u00f3gica. emfla, educaci\u00f3n musical flamenca, es el nombre de nuestra propuesta, la cual supone un giro en las concepciones sobre la inclusi\u00f3n del flamenco en educaci\u00f3n primaria as\u00ed como en la forma de entender la educaci\u00f3n musical en andaluc\u00eda. en este sentido este trabajo constituye una lectura de referencia y documento esencial para todas aquellas iniciativas que actualmente y tras el reconocimiento del flamenco como patrimonio inmaterial por la unesco est\u00e1n solicitando desarrollar el flamenco en las aulas.<\/p>\n<p>&nbsp;<\/p>\n<h3>Datos acad\u00e9micos de la tesis doctoral \u00ab<strong>El flamenco en la educaci\u00f3n musical andaluza. nueva propuesta curricular y metodol\u00f3gica.<\/strong>\u00ab<\/h3>\n<ul>\n<li><strong>T\u00edtulo de la tesis:<\/strong>\u00a0 El flamenco en la educaci\u00f3n musical andaluza. nueva propuesta curricular y metodol\u00f3gica. <\/li>\n<li><strong>Autor:<\/strong>\u00a0 Benjam\u00edn Perea  D\u00edaz <\/li>\n<li><strong>Universidad:<\/strong>\u00a0 Sevilla<\/li>\n<li><strong>Fecha de lectura de la tesis:<\/strong>\u00a0 13\/06\/2011<\/li>\n<\/ul>\n<p>&nbsp;<\/p>\n<h3>Direcci\u00f3n y tribunal<\/h3>\n<ul>\n<li><strong>Director de la tesis<\/strong>\n<ul>\n<li>Rosario Gutierrez Cordero<\/li>\n<\/ul>\n<\/li>\n<li><strong>Tribunal<\/strong>\n<ul>\n<li>Presidente del tribunal: Juan  Carlos Ara\u00f1o gisbert <\/li>\n<li>Jos\u00e9 U\u00f1on toro (vocal)<\/li>\n<li>Mar\u00eda  angeles Beremell corral (vocal)<\/li>\n<li>maravillas Diaz gomez (vocal)<\/li>\n<\/ul>\n<\/li>\n<\/ul>\n<p>&nbsp;<\/p>\n","protected":false},"excerpt":{"rendered":"<p>Tesis doctoral de Benjam\u00edn Perea D\u00edaz Con esta tesis pretendemos acercarnos y mostrar el estado actual del flamenco dentro de [&hellip;]<\/p>\n","protected":false},"author":1,"featured_media":0,"comment_status":"open","ping_status":"open","sticky":false,"template":"","format":"standard","meta":{"site-sidebar-layout":"default","site-content-layout":"","ast-site-content-layout":"","site-content-style":"default","site-sidebar-style":"default","ast-global-header-display":"","ast-banner-title-visibility":"","ast-main-header-display":"","ast-hfb-above-header-display":"","ast-hfb-below-header-display":"","ast-hfb-mobile-header-display":"","site-post-title":"","ast-breadcrumbs-content":"","ast-featured-img":"","footer-sml-layout":"","theme-transparent-header-meta":"","adv-header-id-meta":"","stick-header-meta":"","header-above-stick-meta":"","header-main-stick-meta":"","header-below-stick-meta":"","astra-migrate-meta-layouts":"default","ast-page-background-enabled":"default","ast-page-background-meta":{"desktop":{"background-color":"var(--ast-global-color-4)","background-image":"","background-repeat":"repeat","background-position":"center center","background-size":"auto","background-attachment":"scroll","background-type":"","background-media":"","overlay-type":"","overlay-color":"","overlay-gradient":""},"tablet":{"background-color":"","background-image":"","background-repeat":"repeat","background-position":"center center","background-size":"auto","background-attachment":"scroll","background-type":"","background-media":"","overlay-type":"","overlay-color":"","overlay-gradient":""},"mobile":{"background-color":"","background-image":"","background-repeat":"repeat","background-position":"center center","background-size":"auto","background-attachment":"scroll","background-type":"","background-media":"","overlay-type":"","overlay-color":"","overlay-gradient":""}},"ast-content-background-meta":{"desktop":{"background-color":"var(--ast-global-color-5)","background-image":"","background-repeat":"repeat","background-position":"center center","background-size":"auto","background-attachment":"scroll","background-type":"","background-media":"","overlay-type":"","overlay-color":"","overlay-gradient":""},"tablet":{"background-color":"var(--ast-global-color-5)","background-image":"","background-repeat":"repeat","background-position":"center center","background-size":"auto","background-attachment":"scroll","background-type":"","background-media":"","overlay-type":"","overlay-color":"","overlay-gradient":""},"mobile":{"background-color":"var(--ast-global-color-5)","background-image":"","background-repeat":"repeat","background-position":"center center","background-size":"auto","background-attachment":"scroll","background-type":"","background-media":"","overlay-type":"","overlay-color":"","overlay-gradient":""}},"footnotes":""},"categories":[33585,9132,22393,10715],"tags":[218391,202575,150541,54870,177346,186076],"class_list":["post-109104","post","type-post","status-publish","format-standard","hentry","category-folklore","category-musica-y-musicologia","category-sector-de-la-educacion","category-sevilla","tag-benjamin-perea-diaz","tag-jose-unon-toro","tag-juan-carlos-arano-gisbert","tag-maravillas-diaz-gomez","tag-maria-angeles-beremell-corral","tag-rosario-gutierrez-cordero"],"_links":{"self":[{"href":"https:\/\/www.deberes.net\/tesis\/wp-json\/wp\/v2\/posts\/109104","targetHints":{"allow":["GET"]}}],"collection":[{"href":"https:\/\/www.deberes.net\/tesis\/wp-json\/wp\/v2\/posts"}],"about":[{"href":"https:\/\/www.deberes.net\/tesis\/wp-json\/wp\/v2\/types\/post"}],"author":[{"embeddable":true,"href":"https:\/\/www.deberes.net\/tesis\/wp-json\/wp\/v2\/users\/1"}],"replies":[{"embeddable":true,"href":"https:\/\/www.deberes.net\/tesis\/wp-json\/wp\/v2\/comments?post=109104"}],"version-history":[{"count":0,"href":"https:\/\/www.deberes.net\/tesis\/wp-json\/wp\/v2\/posts\/109104\/revisions"}],"wp:attachment":[{"href":"https:\/\/www.deberes.net\/tesis\/wp-json\/wp\/v2\/media?parent=109104"}],"wp:term":[{"taxonomy":"category","embeddable":true,"href":"https:\/\/www.deberes.net\/tesis\/wp-json\/wp\/v2\/categories?post=109104"},{"taxonomy":"post_tag","embeddable":true,"href":"https:\/\/www.deberes.net\/tesis\/wp-json\/wp\/v2\/tags?post=109104"}],"curies":[{"name":"wp","href":"https:\/\/api.w.org\/{rel}","templated":true}]}}