{"id":109138,"date":"2018-03-11T10:34:22","date_gmt":"2018-03-11T10:34:22","guid":{"rendered":"https:\/\/www.deberes.net\/tesis\/sin-categoria\/estudio-de-la-actividade-musical-compositiva-y-critica-de-francine-benoit\/"},"modified":"2018-03-11T10:34:22","modified_gmt":"2018-03-11T10:34:22","slug":"estudio-de-la-actividade-musical-compositiva-y-critica-de-francine-benoit","status":"publish","type":"post","link":"https:\/\/www.deberes.net\/tesis\/musica-y-musicologia\/estudio-de-la-actividade-musical-compositiva-y-critica-de-francine-benoit\/","title":{"rendered":"Estudio de la actividade musical: compositiva y critica de francine benoit"},"content":{"rendered":"<h2>Tesis doctoral de <strong> Ana Sofia Sousa Vieira <\/strong><\/h2>\n<p>Esta investigaci\u00f3n trata sobre una figura ilustre del panorama musical portugu\u00ed\u00aas del siglo xx, que hasta hoy no ha despertado todo el inter\u00e9s que merece, a pesar de surgir mencionada en diccionarios o enciclopedias as\u00ed como en algunos art\u00edculos period\u00edsticos realizados a lo largo de su carrera y\/o postumamente.   franine germaine van gool benoit, naci\u00f3 el 30 de julio de 1894 en p\u00e9riguex, francia; hija de padre franc\u00e9s, paul benoit y de sus madre belga, marie victorine van gool. Lleg\u00f3 a portugal en 1906 para adquirir la nacionalidad portuguesa a los treinta y cinco a\u00f1os, falleciendo el 27 de enero de 1990, en lisboa, con 95 a\u00f1os de edad.  podemos decir, por tanto, que durante durante toda sua vida, que como vemos fue larga, desaroll\u00f3 una notable actividad polifac\u00e9tica, en el campo de la m\u00fasica. Ejerci\u00f3 como profesora, pedagoga, compositora, conferenciante, cr\u00edtica musical, activista f\u00e9menina y cornista, reconocida por sus coet\u00e1neos por sus car\u00e1ter y singularidad.   francine benoit fue una figura que aisladamente salvaguard\u00f3 la historia del panorama musical art\u00edstico portugu\u00ed\u00aas, desvelando algunos aspectos esenciales de la partica musical de nuestro siglo desconocido entre nosotros, partiendo de la presunci\u00f3n de que es urgente la eleminaci\u00f3n de lagunas existentes en la historia de la m\u00fasica portuguesa contempor\u00ed\u00a2nea, se hace indispensable dar a conocer individualidades destacadas de la actividad musical de la sociedad lusa.<\/p>\n<p>&nbsp;<\/p>\n<h3>Datos acad\u00e9micos de la tesis doctoral \u00ab<strong>Estudio de la actividade musical: compositiva y critica de francine benoit<\/strong>\u00ab<\/h3>\n<ul>\n<li><strong>T\u00edtulo de la tesis:<\/strong>\u00a0 Estudio de la actividade musical: compositiva y critica de francine benoit <\/li>\n<li><strong>Autor:<\/strong>\u00a0 Ana Sofia Sousa Vieira <\/li>\n<li><strong>Universidad:<\/strong>\u00a0 Salamanca<\/li>\n<li><strong>Fecha de lectura de la tesis:<\/strong>\u00a0 14\/06\/2011<\/li>\n<\/ul>\n<p>&nbsp;<\/p>\n<h3>Direcci\u00f3n y tribunal<\/h3>\n<ul>\n<li><strong>Director de la tesis<\/strong>\n<ul>\n<li>Sara Ma\u00edllo Salgado<\/li>\n<\/ul>\n<\/li>\n<li><strong>Tribunal<\/strong>\n<ul>\n<li>Presidente del tribunal: Jos\u00e9 Mar\u00eda Garcia laborda <\/li>\n<li>Rafael Prieto alberola (vocal)<\/li>\n<li>francesc Cort\u00e9s mir (vocal)<\/li>\n<li>  (vocal)<\/li>\n<\/ul>\n<\/li>\n<\/ul>\n<p>&nbsp;<\/p>\n","protected":false},"excerpt":{"rendered":"<p>Tesis doctoral de Ana Sofia Sousa Vieira Esta investigaci\u00f3n trata sobre una figura ilustre del panorama musical portugu\u00ed\u00aas del siglo [&hellip;]<\/p>\n","protected":false},"author":1,"featured_media":0,"comment_status":"open","ping_status":"open","sticky":false,"template":"","format":"standard","meta":{"site-sidebar-layout":"default","site-content-layout":"","ast-site-content-layout":"","site-content-style":"default","site-sidebar-style":"default","ast-global-header-display":"","ast-banner-title-visibility":"","ast-main-header-display":"","ast-hfb-above-header-display":"","ast-hfb-below-header-display":"","ast-hfb-mobile-header-display":"","site-post-title":"","ast-breadcrumbs-content":"","ast-featured-img":"","footer-sml-layout":"","theme-transparent-header-meta":"","adv-header-id-meta":"","stick-header-meta":"","header-above-stick-meta":"","header-main-stick-meta":"","header-below-stick-meta":"","astra-migrate-meta-layouts":"default","ast-page-background-enabled":"default","ast-page-background-meta":{"desktop":{"background-color":"var(--ast-global-color-4)","background-image":"","background-repeat":"repeat","background-position":"center center","background-size":"auto","background-attachment":"scroll","background-type":"","background-media":"","overlay-type":"","overlay-color":"","overlay-gradient":""},"tablet":{"background-color":"","background-image":"","background-repeat":"repeat","background-position":"center center","background-size":"auto","background-attachment":"scroll","background-type":"","background-media":"","overlay-type":"","overlay-color":"","overlay-gradient":""},"mobile":{"background-color":"","background-image":"","background-repeat":"repeat","background-position":"center center","background-size":"auto","background-attachment":"scroll","background-type":"","background-media":"","overlay-type":"","overlay-color":"","overlay-gradient":""}},"ast-content-background-meta":{"desktop":{"background-color":"var(--ast-global-color-5)","background-image":"","background-repeat":"repeat","background-position":"center center","background-size":"auto","background-attachment":"scroll","background-type":"","background-media":"","overlay-type":"","overlay-color":"","overlay-gradient":""},"tablet":{"background-color":"var(--ast-global-color-5)","background-image":"","background-repeat":"repeat","background-position":"center center","background-size":"auto","background-attachment":"scroll","background-type":"","background-media":"","overlay-type":"","overlay-color":"","overlay-gradient":""},"mobile":{"background-color":"var(--ast-global-color-5)","background-image":"","background-repeat":"repeat","background-position":"center center","background-size":"auto","background-attachment":"scroll","background-type":"","background-media":"","overlay-type":"","overlay-color":"","overlay-gradient":""}},"footnotes":""},"categories":[9132,9386],"tags":[218445,13803,49905,148698,9721],"class_list":["post-109138","post","type-post","status-publish","format-standard","hentry","category-musica-y-musicologia","category-salamanca","tag-ana-sofia-sousa-vieira","tag-francesc-cortes-mir","tag-jose-maria-garcia-laborda","tag-rafael-prieto-alberola","tag-sara-maillo-salgado"],"_links":{"self":[{"href":"https:\/\/www.deberes.net\/tesis\/wp-json\/wp\/v2\/posts\/109138","targetHints":{"allow":["GET"]}}],"collection":[{"href":"https:\/\/www.deberes.net\/tesis\/wp-json\/wp\/v2\/posts"}],"about":[{"href":"https:\/\/www.deberes.net\/tesis\/wp-json\/wp\/v2\/types\/post"}],"author":[{"embeddable":true,"href":"https:\/\/www.deberes.net\/tesis\/wp-json\/wp\/v2\/users\/1"}],"replies":[{"embeddable":true,"href":"https:\/\/www.deberes.net\/tesis\/wp-json\/wp\/v2\/comments?post=109138"}],"version-history":[{"count":0,"href":"https:\/\/www.deberes.net\/tesis\/wp-json\/wp\/v2\/posts\/109138\/revisions"}],"wp:attachment":[{"href":"https:\/\/www.deberes.net\/tesis\/wp-json\/wp\/v2\/media?parent=109138"}],"wp:term":[{"taxonomy":"category","embeddable":true,"href":"https:\/\/www.deberes.net\/tesis\/wp-json\/wp\/v2\/categories?post=109138"},{"taxonomy":"post_tag","embeddable":true,"href":"https:\/\/www.deberes.net\/tesis\/wp-json\/wp\/v2\/tags?post=109138"}],"curies":[{"name":"wp","href":"https:\/\/api.w.org\/{rel}","templated":true}]}}