{"id":109180,"date":"2018-03-11T10:34:22","date_gmt":"2018-03-11T10:34:22","guid":{"rendered":"https:\/\/www.deberes.net\/tesis\/sin-categoria\/nonlinear-static-and-dynamic-model-for-the-analysis-of-reinforced-concrete-frames-under-high-shear-forces\/"},"modified":"2018-03-11T10:34:22","modified_gmt":"2018-03-11T10:34:22","slug":"nonlinear-static-and-dynamic-model-for-the-analysis-of-reinforced-concrete-frames-under-high-shear-forces","status":"publish","type":"post","link":"https:\/\/www.deberes.net\/tesis\/politecnica-de-catalunya\/nonlinear-static-and-dynamic-model-for-the-analysis-of-reinforced-concrete-frames-under-high-shear-forces\/","title":{"rendered":"Nonlinear static and dynamic model for the analysis of reinforced concrete frames under high shear forces."},"content":{"rendered":"<h2>Tesis doctoral de <strong> Steffen Mohr <\/strong><\/h2>\n<p>La respuesta de estructuras de hormig\u00f3n armado bajo grandes tensiones tangenciales en combinaci\u00f3n con tensiones normales es especialmente importante en situaciones de carga extraordinaria como por ejemplo en el caso de un terremoto. El fen\u00f3meno del fallo por cortante en estructuras de hormig\u00f3n bajo cargas s\u00edsmicas es un problema bien conocido y observado. La modelizaci\u00f3n de la respuesta de estructuras de hormig\u00f3n armado con una combinaci\u00f3n de fuerzas normales y tangenciales requiere la consideraci\u00f3n del comportamiento no-is\u00f3tropo despu\u00e9s de la fisuraci\u00f3n y en el rango \u00faltimo. Los modelos num\u00e9ricos, que utilizan elementos finitos s\u00f3lidos (3d) y planos (2d), pueden reproducir el efecto del cortante pero su coste computacional es tan elevado, especialmente en an\u00e1lisis no lineales, que no son apropiados para la ingenier\u00eda civil diaria.   una alternativa a los modelos s\u00f3lidos es utilizar modelos de barras (1d) que tienen incorporado un modelo seccional con fibras. A nivel seccional, las fibras tradicionales s\u00f3lo son capaces de reproducir los efectos de esfuerzos normales (axil y flexi\u00f3n). La presencia de grandes cortantes requiere una distribuci\u00f3n realista de las deformaciones tangenciales y verticales sobre el canto de la secci\u00f3n. La definici\u00f3n a priori de patrones fijos para la deformaci\u00f3n o tensi\u00f3n de cortante no refleja la respuesta real en muchos casos debido a la cinem\u00e1tica simplificada de la secci\u00f3n.  en esta tesis se ha desarrollado una teor\u00eda de vigas (2d) generalizada. El modelo num\u00e9rico obtenido combina una formulaci\u00f3n seccional capaz de reproducir la interacci\u00f3n cortante \u00c2\u00bf flexi\u00f3n \u00c2\u00bf axil y elementos tipo barra que consideran el cortante. Este modelo se puede usar para an\u00e1lisis estructurales con cortantes grandes o peque\u00f1os. La clave para la teor\u00eda de vigas generalizada propuesta es un nuevo modelo seccional capaz de reproducir adecuadamente la interacci\u00f3n cortante \u00c2\u00bf flexi\u00f3n \u00c2\u00bf axil. El modelo seccional asume que el campo de desplazamiento de cada fibra en la secci\u00f3n se puede aproximar con la suma del desplazamiento de la secci\u00f3n plana, parecido a la hip\u00f3tesis de navier \u00c2\u00bf bernoulli, y un nuevo campo de desplazamientos que permite la distorsion y el alabeo de la secci\u00f3n.  se supone que la distribuci\u00f3n de las deformaciones tangenciales y verticales, estimada con series de polinomios de orden creciente, se suma a las deformaciones de la secci\u00f3n plana. Cada polinomio est\u00e1 afectado por una constante, que se calcula con un equilibrio adicional en la secci\u00f3n, asegurando el equilibrio de las tensiones entre las fibras y la compatibilidad considerando el estado del material. La soluci\u00f3n se obtiene al nivel de la secci\u00f3n sin grados de libertad adicionales al nivel elemento o estructura. El modelo seccional propuesto es vers\u00e1til para obtener la respuesta no lineal acoplada de la secci\u00f3n, cuya geometr\u00eda tiene que ser sim\u00e9trica al eje vertical.  la teor\u00eda de vigas (2d) generalizada y el modelo seccional propuesto se han verificado mediante varios estudios te\u00f3ricos y experimentales. Se ha reproducido la respuesta no lineal acoplada de los tres esfuerzos, mostrando que el efecto del cortante est\u00e1 captado adecuadamente con la formulaci\u00f3n propuesta. La capacidad del modelo de tener en cuenta el efecto de cortante es evidente reproduciendo desplazamientos, tensiones y deformaciones en el hormig\u00f3n y la armadura, y diferentes modos de rotura con m\u00e1s precisi\u00f3n que modelos anteriores.   el uso de distribuciones adecuadas para las deformaciones tangenciales y verticales junto con modelos constitutivos c\u00edclicos permite la simulaci\u00f3n de ensayos con columnas bajo varios ciclos de carga y tener en cuenta la redistribuci\u00f3n de esfuerzos debido a grandes deformaciones por cortante en estructuras hiperest\u00e1ticas.  el modelo validado se ha usado en an\u00e1lisis est\u00e1ticos (push-over) y din\u00e1micos para una p\u00f3rtico de dos plantas. Los resultados muestran la influencia de la distribuci\u00f3n de deformaciones tangenciales y verticales, y la separaci\u00f3n de los cercos.<\/p>\n<p>&nbsp;<\/p>\n<h3>Datos acad\u00e9micos de la tesis doctoral \u00ab<strong>Nonlinear static and dynamic model for the analysis of reinforced concrete frames under high shear forces.<\/strong>\u00ab<\/h3>\n<ul>\n<li><strong>T\u00edtulo de la tesis:<\/strong>\u00a0 Nonlinear static and dynamic model for the analysis of reinforced concrete frames under high shear forces. <\/li>\n<li><strong>Autor:<\/strong>\u00a0 Steffen Mohr <\/li>\n<li><strong>Universidad:<\/strong>\u00a0 Polit\u00e9cnica de catalunya<\/li>\n<li><strong>Fecha de lectura de la tesis:<\/strong>\u00a0 16\/06\/2011<\/li>\n<\/ul>\n<p>&nbsp;<\/p>\n<h3>Direcci\u00f3n y tribunal<\/h3>\n<ul>\n<li><strong>Director de la tesis<\/strong>\n<ul>\n<li>Jes\u00fas Miguel Bair\u00e1n Garc\u00eda<\/li>\n<\/ul>\n<\/li>\n<li><strong>Tribunal<\/strong>\n<ul>\n<li>Presidente del tribunal: pere Roca fabregat <\/li>\n<li>fabio Biondini (vocal)<\/li>\n<li>rui Pinho (vocal)<\/li>\n<li>pedro Miguel sosa (vocal)<\/li>\n<\/ul>\n<\/li>\n<\/ul>\n<p>&nbsp;<\/p>\n","protected":false},"excerpt":{"rendered":"<p>Tesis doctoral de Steffen Mohr La respuesta de estructuras de hormig\u00f3n armado bajo grandes tensiones tangenciales en combinaci\u00f3n con tensiones [&hellip;]<\/p>\n","protected":false},"author":1,"featured_media":0,"comment_status":"open","ping_status":"open","sticky":false,"template":"","format":"standard","meta":{"site-sidebar-layout":"default","site-content-layout":"","ast-site-content-layout":"","site-content-style":"default","site-sidebar-style":"default","ast-global-header-display":"","ast-banner-title-visibility":"","ast-main-header-display":"","ast-hfb-above-header-display":"","ast-hfb-below-header-display":"","ast-hfb-mobile-header-display":"","site-post-title":"","ast-breadcrumbs-content":"","ast-featured-img":"","footer-sml-layout":"","theme-transparent-header-meta":"","adv-header-id-meta":"","stick-header-meta":"","header-above-stick-meta":"","header-main-stick-meta":"","header-below-stick-meta":"","astra-migrate-meta-layouts":"default","ast-page-background-enabled":"default","ast-page-background-meta":{"desktop":{"background-color":"var(--ast-global-color-4)","background-image":"","background-repeat":"repeat","background-position":"center center","background-size":"auto","background-attachment":"scroll","background-type":"","background-media":"","overlay-type":"","overlay-color":"","overlay-gradient":""},"tablet":{"background-color":"","background-image":"","background-repeat":"repeat","background-position":"center center","background-size":"auto","background-attachment":"scroll","background-type":"","background-media":"","overlay-type":"","overlay-color":"","overlay-gradient":""},"mobile":{"background-color":"","background-image":"","background-repeat":"repeat","background-position":"center center","background-size":"auto","background-attachment":"scroll","background-type":"","background-media":"","overlay-type":"","overlay-color":"","overlay-gradient":""}},"ast-content-background-meta":{"desktop":{"background-color":"var(--ast-global-color-5)","background-image":"","background-repeat":"repeat","background-position":"center center","background-size":"auto","background-attachment":"scroll","background-type":"","background-media":"","overlay-type":"","overlay-color":"","overlay-gradient":""},"tablet":{"background-color":"var(--ast-global-color-5)","background-image":"","background-repeat":"repeat","background-position":"center center","background-size":"auto","background-attachment":"scroll","background-type":"","background-media":"","overlay-type":"","overlay-color":"","overlay-gradient":""},"mobile":{"background-color":"var(--ast-global-color-5)","background-image":"","background-repeat":"repeat","background-position":"center center","background-size":"auto","background-attachment":"scroll","background-type":"","background-media":"","overlay-type":"","overlay-color":"","overlay-gradient":""}},"footnotes":""},"categories":[15676,15596],"tags":[218509,139542,15829,15914,218510,218508],"class_list":["post-109180","post","type-post","status-publish","format-standard","hentry","category-ingenieria-civil","category-politecnica-de-catalunya","tag-fabio-biondini","tag-jesus-miguel-bairan-garcia","tag-pedro-miguel-sosa","tag-pere-roca-fabregat","tag-rui-pinho","tag-steffen-mohr"],"_links":{"self":[{"href":"https:\/\/www.deberes.net\/tesis\/wp-json\/wp\/v2\/posts\/109180","targetHints":{"allow":["GET"]}}],"collection":[{"href":"https:\/\/www.deberes.net\/tesis\/wp-json\/wp\/v2\/posts"}],"about":[{"href":"https:\/\/www.deberes.net\/tesis\/wp-json\/wp\/v2\/types\/post"}],"author":[{"embeddable":true,"href":"https:\/\/www.deberes.net\/tesis\/wp-json\/wp\/v2\/users\/1"}],"replies":[{"embeddable":true,"href":"https:\/\/www.deberes.net\/tesis\/wp-json\/wp\/v2\/comments?post=109180"}],"version-history":[{"count":0,"href":"https:\/\/www.deberes.net\/tesis\/wp-json\/wp\/v2\/posts\/109180\/revisions"}],"wp:attachment":[{"href":"https:\/\/www.deberes.net\/tesis\/wp-json\/wp\/v2\/media?parent=109180"}],"wp:term":[{"taxonomy":"category","embeddable":true,"href":"https:\/\/www.deberes.net\/tesis\/wp-json\/wp\/v2\/categories?post=109180"},{"taxonomy":"post_tag","embeddable":true,"href":"https:\/\/www.deberes.net\/tesis\/wp-json\/wp\/v2\/tags?post=109180"}],"curies":[{"name":"wp","href":"https:\/\/api.w.org\/{rel}","templated":true}]}}