{"id":10919,"date":"1996-01-01T00:00:00","date_gmt":"1996-01-01T00:00:00","guid":{"rendered":"https:\/\/www.deberes.net\/tesis\/1996\/01\/01\/contribucion-al-estudio-del-habla-de-la-cepeda-baja-leon\/"},"modified":"1996-01-01T00:00:00","modified_gmt":"1996-01-01T00:00:00","slug":"contribucion-al-estudio-del-habla-de-la-cepeda-baja-leon","status":"publish","type":"post","link":"https:\/\/www.deberes.net\/tesis\/linguistica\/contribucion-al-estudio-del-habla-de-la-cepeda-baja-leon\/","title":{"rendered":"Contribucion al estudio del habla de la cepeda baja (leon)."},"content":{"rendered":"<h2>Tesis doctoral de <strong>  Fuente Garcia Ana M. De La <\/strong><\/h2>\n<p>En el aspecto linguistico, la comarca cepedana pertenece al leones occidental, pero su habla se encuentra hoy muy castellanizada. No obstante, aun se conservan numerosos rasgos dialectales leoneses, mezclados en ocasiones, con ciertos arcaismos y vulgarismos.  en el plano fonico: diptongacion de eu y ou mas yod en casos en los que el castellano no diptonga, conservacion de los diptongos decrecientes ou y ei, aparicion de yod epentetica, conservacion de e-latina, valor opositivo de g\/y, aparicion del yeismo antiguo del leones, palatalizacion de l- y n- latinas, etc.  en el plano morfosintactico: genero femenino en nombres de arboles frutales (solo en toponimia), uso del articulo ante posesivo adyacente, empleo de formas dialectales en pronombres y posesivos, diferentes significantes (en formas atonas pronominales) para el implemento y el complemento, desinencias dialectales en el perfecto y el futuro, ausencia de formas verbales compuestas, etc.  en el plano lexico-semantico: caracter concretizador del lexico, voces dialectales aun vivas, terminos dialectales ya inusuales pero conservados en la toponimia, palabras castellanas usuales pero con alguna particularidad en la expresion o en el contenido, voces castellanas ya desaparecidas como apelativos pero presentes en algunos toponimos. Fenomenos de homonimia, polisemia, ciertas metaforas y metonimias, casos de ultracorreccion y tautolog\u00eda.<\/p>\n<p>&nbsp;<\/p>\n<h3>Datos acad\u00e9micos de la tesis doctoral \u00ab<strong>Contribucion al estudio del habla de la cepeda baja (leon).<\/strong>\u00ab<\/h3>\n<ul>\n<li><strong>T\u00edtulo de la tesis:<\/strong>\u00a0 Contribucion al estudio del habla de la cepeda baja (leon). <\/li>\n<li><strong>Autor:<\/strong>\u00a0  Fuente Garcia Ana M. De La <\/li>\n<li><strong>Universidad:<\/strong>\u00a0 Le\u00f3n<\/li>\n<li><strong>Fecha de lectura de la tesis:<\/strong>\u00a0 01\/01\/1996<\/li>\n<\/ul>\n<p>&nbsp;<\/p>\n<h3>Direcci\u00f3n y tribunal<\/h3>\n<ul>\n<li><strong>Director de la tesis<\/strong>\n<ul>\n<li>Salvador Guti\u00e9rrez Ord\u00f3\u00f1ez<\/li>\n<\/ul>\n<\/li>\n<li><strong>Tribunal<\/strong>\n<ul>\n<li>Presidente del tribunal: Bonifacio Rodr\u00edguez D\u00edez <\/li>\n<li>Emilio Montero Cartelle (vocal)<\/li>\n<li> Casado Lobato M. Concepcion (vocal)<\/li>\n<li>Luis Santos R\u00edo (vocal)<\/li>\n<\/ul>\n<\/li>\n<\/ul>\n<p>&nbsp;<\/p>\n","protected":false},"excerpt":{"rendered":"<p>Tesis doctoral de Fuente Garcia Ana M. De La En el aspecto linguistico, la comarca cepedana pertenece al leones occidental, [&hellip;]<\/p>\n","protected":false},"author":1,"featured_media":0,"comment_status":"open","ping_status":"open","sticky":false,"template":"","format":"standard","meta":{"site-sidebar-layout":"default","site-content-layout":"","ast-site-content-layout":"","site-content-style":"default","site-sidebar-style":"default","ast-global-header-display":"","ast-banner-title-visibility":"","ast-main-header-display":"","ast-hfb-above-header-display":"","ast-hfb-below-header-display":"","ast-hfb-mobile-header-display":"","site-post-title":"","ast-breadcrumbs-content":"","ast-featured-img":"","footer-sml-layout":"","theme-transparent-header-meta":"","adv-header-id-meta":"","stick-header-meta":"","header-above-stick-meta":"","header-main-stick-meta":"","header-below-stick-meta":"","astra-migrate-meta-layouts":"default","ast-page-background-enabled":"default","ast-page-background-meta":{"desktop":{"background-color":"var(--ast-global-color-4)","background-image":"","background-repeat":"repeat","background-position":"center center","background-size":"auto","background-attachment":"scroll","background-type":"","background-media":"","overlay-type":"","overlay-color":"","overlay-gradient":""},"tablet":{"background-color":"","background-image":"","background-repeat":"repeat","background-position":"center center","background-size":"auto","background-attachment":"scroll","background-type":"","background-media":"","overlay-type":"","overlay-color":"","overlay-gradient":""},"mobile":{"background-color":"","background-image":"","background-repeat":"repeat","background-position":"center center","background-size":"auto","background-attachment":"scroll","background-type":"","background-media":"","overlay-type":"","overlay-color":"","overlay-gradient":""}},"ast-content-background-meta":{"desktop":{"background-color":"var(--ast-global-color-5)","background-image":"","background-repeat":"repeat","background-position":"center center","background-size":"auto","background-attachment":"scroll","background-type":"","background-media":"","overlay-type":"","overlay-color":"","overlay-gradient":""},"tablet":{"background-color":"var(--ast-global-color-5)","background-image":"","background-repeat":"repeat","background-position":"center center","background-size":"auto","background-attachment":"scroll","background-type":"","background-media":"","overlay-type":"","overlay-color":"","overlay-gradient":""},"mobile":{"background-color":"var(--ast-global-color-5)","background-image":"","background-repeat":"repeat","background-position":"center center","background-size":"auto","background-attachment":"scroll","background-type":"","background-media":"","overlay-type":"","overlay-color":"","overlay-gradient":""}},"footnotes":""},"categories":[4430,59,423],"tags":[21060,36036,7908,36035,22552,3018],"class_list":["post-10919","post","type-post","status-publish","format-standard","hentry","category-leon","category-linguistica","category-linguistica-diacronica","tag-bonifacio-rodriguez-diez","tag-casado-lobato-m-concepcion","tag-emilio-montero-cartelle","tag-fuente-garcia-ana-m-de-la","tag-luis-santos-rio","tag-salvador-gutierrez-ordonez"],"_links":{"self":[{"href":"https:\/\/www.deberes.net\/tesis\/wp-json\/wp\/v2\/posts\/10919","targetHints":{"allow":["GET"]}}],"collection":[{"href":"https:\/\/www.deberes.net\/tesis\/wp-json\/wp\/v2\/posts"}],"about":[{"href":"https:\/\/www.deberes.net\/tesis\/wp-json\/wp\/v2\/types\/post"}],"author":[{"embeddable":true,"href":"https:\/\/www.deberes.net\/tesis\/wp-json\/wp\/v2\/users\/1"}],"replies":[{"embeddable":true,"href":"https:\/\/www.deberes.net\/tesis\/wp-json\/wp\/v2\/comments?post=10919"}],"version-history":[{"count":0,"href":"https:\/\/www.deberes.net\/tesis\/wp-json\/wp\/v2\/posts\/10919\/revisions"}],"wp:attachment":[{"href":"https:\/\/www.deberes.net\/tesis\/wp-json\/wp\/v2\/media?parent=10919"}],"wp:term":[{"taxonomy":"category","embeddable":true,"href":"https:\/\/www.deberes.net\/tesis\/wp-json\/wp\/v2\/categories?post=10919"},{"taxonomy":"post_tag","embeddable":true,"href":"https:\/\/www.deberes.net\/tesis\/wp-json\/wp\/v2\/tags?post=10919"}],"curies":[{"name":"wp","href":"https:\/\/api.w.org\/{rel}","templated":true}]}}