{"id":109199,"date":"2018-03-11T10:34:27","date_gmt":"2018-03-11T10:34:27","guid":{"rendered":"https:\/\/www.deberes.net\/tesis\/sin-categoria\/vetusta-enigmatica-retorno-a-un-mundo-sonoro-olvidado-musica-y-sociedad-en-la-ciudad-de-clara%c2%adn\/"},"modified":"2018-03-11T10:34:27","modified_gmt":"2018-03-11T10:34:27","slug":"vetusta-enigmatica-retorno-a-un-mundo-sonoro-olvidado-musica-y-sociedad-en-la-ciudad-de-clara%c2%adn","status":"publish","type":"post","link":"https:\/\/www.deberes.net\/tesis\/oviedo\/vetusta-enigmatica-retorno-a-un-mundo-sonoro-olvidado-musica-y-sociedad-en-la-ciudad-de-clara%c2%adn\/","title":{"rendered":"Vetusta enigm\u00e1tica: retorno a un mundo sonoro olvidado (m\u00fasica y sociedad en la ciudad de clar\u00edn)"},"content":{"rendered":"<h2>Tesis doctoral de <strong> Aurelia Diez Huerga <\/strong><\/h2>\n<p>En esta tesis doctoral reconstruimos la sociabilidad musical de la ciudad de oviedo, ciudad literariamente retratada por leopoldo alas, clar\u00edn, en la segunda mitad del siglo xix, hasta la apertura del teatro campoamor en 1892. La reconstrucci\u00f3n ha partido de diversos fondos documentales, teniendo un papel esencial las fuentes hemerogr\u00e1ficas. Analizamos todos los espacios civiles en los que la m\u00fasica juega un papel esencial en la ciudad, contribuyendo as\u00ed a profundizar en toda la red urbana de relaciones sociales, perfectamente estratificada. Nuestro paradigma para el estudio de la sociabilidad urbana en espa\u00f1a, en el siglo xix, es la ciudad de Madrid, que ha sido objeto de nuestras investigaciones previas; as\u00ed que, por ejemplo, para el estudio de las sociedades o de los caf\u00e9s, la sociabilidad madrile\u00f1a nos sirve como marco de referencia para profundizar en la vida musical de la ciudad de oviedo.  la investigaci\u00f3n nos ha llevado a adentrarnos en los espacios privados, como el de los liceos y las primeras sociedades recreativas  como el casino o el c\u00edrculo recreativo,  y el inexpugnable mundo de los salones privados burgueses; pero tambi\u00e9n nos ha permitido profundizar en los espacios de sociabilidad abiertos, p\u00fablicos, en los que la m\u00fasica juega un papel muy diverso, caso de los caf\u00e9s, los teatros, las agrupaciones que hacen m\u00fasica en la calle, caso de las bandas y rondallas, o las murgas callejeras, y descubrir tambi\u00e9n las primeras asociaciones instrumentales. A\u00f1adimos tambi\u00e9n referencias al mundo de los almacenes de m\u00fasica que entonces ten\u00eda la ciudad, y su actividad, as\u00ed como a la ense\u00f1anza musical, recogiendo algunos datos sobre centros docentes particulares y sobre la escuela de m\u00fasica dependiente de la academia de bellas artes de san salvador, origen del actual conservatorio superior.  las fuentes archiv\u00edsticas y hemerogr\u00e1ficas manejadas son recogidas \u00edntegramente en un ap\u00e9ndice.<\/p>\n<p>&nbsp;<\/p>\n<h3>Datos acad\u00e9micos de la tesis doctoral \u00ab<strong>Vetusta enigm\u00e1tica: retorno a un mundo sonoro olvidado (m\u00fasica y sociedad en la ciudad de clar\u00edn)<\/strong>\u00ab<\/h3>\n<ul>\n<li><strong>T\u00edtulo de la tesis:<\/strong>\u00a0 Vetusta enigm\u00e1tica: retorno a un mundo sonoro olvidado (m\u00fasica y sociedad en la ciudad de clar\u00edn) <\/li>\n<li><strong>Autor:<\/strong>\u00a0 Aurelia Diez Huerga <\/li>\n<li><strong>Universidad:<\/strong>\u00a0 Oviedo<\/li>\n<li><strong>Fecha de lectura de la tesis:<\/strong>\u00a0 16\/06\/2011<\/li>\n<\/ul>\n<p>&nbsp;<\/p>\n<h3>Direcci\u00f3n y tribunal<\/h3>\n<ul>\n<li><strong>Director de la tesis<\/strong>\n<ul>\n<li>Mar\u00eda  Encina Cortizo Rodriguez<\/li>\n<\/ul>\n<\/li>\n<li><strong>Tribunal<\/strong>\n<ul>\n<li>Presidente del tribunal: emilio Casares rodicio <\/li>\n<li>Francisco Gim\u00e9nez rodr\u00edguez (vocal)<\/li>\n<li>Mar\u00eda Sanhuesa fonseca (vocal)<\/li>\n<li>marcos Andr\u00e9s vierge (vocal)<\/li>\n<\/ul>\n<\/li>\n<\/ul>\n<p>&nbsp;<\/p>\n","protected":false},"excerpt":{"rendered":"<p>Tesis doctoral de Aurelia Diez Huerga En esta tesis doctoral reconstruimos la sociabilidad musical de la ciudad de oviedo, ciudad [&hellip;]<\/p>\n","protected":false},"author":1,"featured_media":0,"comment_status":"open","ping_status":"open","sticky":false,"template":"","format":"standard","meta":{"site-sidebar-layout":"default","site-content-layout":"","ast-site-content-layout":"","site-content-style":"default","site-sidebar-style":"default","ast-global-header-display":"","ast-banner-title-visibility":"","ast-main-header-display":"","ast-hfb-above-header-display":"","ast-hfb-below-header-display":"","ast-hfb-mobile-header-display":"","site-post-title":"","ast-breadcrumbs-content":"","ast-featured-img":"","footer-sml-layout":"","theme-transparent-header-meta":"","adv-header-id-meta":"","stick-header-meta":"","header-above-stick-meta":"","header-main-stick-meta":"","header-below-stick-meta":"","astra-migrate-meta-layouts":"default","ast-page-background-enabled":"default","ast-page-background-meta":{"desktop":{"background-color":"var(--ast-global-color-4)","background-image":"","background-repeat":"repeat","background-position":"center center","background-size":"auto","background-attachment":"scroll","background-type":"","background-media":"","overlay-type":"","overlay-color":"","overlay-gradient":""},"tablet":{"background-color":"","background-image":"","background-repeat":"repeat","background-position":"center center","background-size":"auto","background-attachment":"scroll","background-type":"","background-media":"","overlay-type":"","overlay-color":"","overlay-gradient":""},"mobile":{"background-color":"","background-image":"","background-repeat":"repeat","background-position":"center center","background-size":"auto","background-attachment":"scroll","background-type":"","background-media":"","overlay-type":"","overlay-color":"","overlay-gradient":""}},"ast-content-background-meta":{"desktop":{"background-color":"var(--ast-global-color-5)","background-image":"","background-repeat":"repeat","background-position":"center center","background-size":"auto","background-attachment":"scroll","background-type":"","background-media":"","overlay-type":"","overlay-color":"","overlay-gradient":""},"tablet":{"background-color":"var(--ast-global-color-5)","background-image":"","background-repeat":"repeat","background-position":"center center","background-size":"auto","background-attachment":"scroll","background-type":"","background-media":"","overlay-type":"","overlay-color":"","overlay-gradient":""},"mobile":{"background-color":"var(--ast-global-color-5)","background-image":"","background-repeat":"repeat","background-position":"center center","background-size":"auto","background-attachment":"scroll","background-type":"","background-media":"","overlay-type":"","overlay-color":"","overlay-gradient":""}},"footnotes":""},"categories":[9132,8846],"tags":[218539,7634,182910,192755,94131,94135],"class_list":["post-109199","post","type-post","status-publish","format-standard","hentry","category-musica-y-musicologia","category-oviedo","tag-aurelia-diez-huerga","tag-emilio-casares-rodicio","tag-francisco-gimenez-rodriguez","tag-marcos-andres-vierge","tag-maria-encina-cortizo-rodriguez","tag-maria-sanhuesa-fonseca"],"_links":{"self":[{"href":"https:\/\/www.deberes.net\/tesis\/wp-json\/wp\/v2\/posts\/109199","targetHints":{"allow":["GET"]}}],"collection":[{"href":"https:\/\/www.deberes.net\/tesis\/wp-json\/wp\/v2\/posts"}],"about":[{"href":"https:\/\/www.deberes.net\/tesis\/wp-json\/wp\/v2\/types\/post"}],"author":[{"embeddable":true,"href":"https:\/\/www.deberes.net\/tesis\/wp-json\/wp\/v2\/users\/1"}],"replies":[{"embeddable":true,"href":"https:\/\/www.deberes.net\/tesis\/wp-json\/wp\/v2\/comments?post=109199"}],"version-history":[{"count":0,"href":"https:\/\/www.deberes.net\/tesis\/wp-json\/wp\/v2\/posts\/109199\/revisions"}],"wp:attachment":[{"href":"https:\/\/www.deberes.net\/tesis\/wp-json\/wp\/v2\/media?parent=109199"}],"wp:term":[{"taxonomy":"category","embeddable":true,"href":"https:\/\/www.deberes.net\/tesis\/wp-json\/wp\/v2\/categories?post=109199"},{"taxonomy":"post_tag","embeddable":true,"href":"https:\/\/www.deberes.net\/tesis\/wp-json\/wp\/v2\/tags?post=109199"}],"curies":[{"name":"wp","href":"https:\/\/api.w.org\/{rel}","templated":true}]}}