{"id":109237,"date":"2018-03-11T10:34:27","date_gmt":"2018-03-11T10:34:27","guid":{"rendered":"https:\/\/www.deberes.net\/tesis\/sin-categoria\/un-estudio-meta-anala%c2%adtico-sobre-los-tratamientos-psicologicos-y-farmacologicos-en-el-trastorno-obsesivo-compulsivo-en-ninos-y-adolescentes\/"},"modified":"2018-03-11T10:34:27","modified_gmt":"2018-03-11T10:34:27","slug":"un-estudio-meta-anala%c2%adtico-sobre-los-tratamientos-psicologicos-y-farmacologicos-en-el-trastorno-obsesivo-compulsivo-en-ninos-y-adolescentes","status":"publish","type":"post","link":"https:\/\/www.deberes.net\/tesis\/evaluacion-y-diagnostico-en-psicologia\/un-estudio-meta-anala%c2%adtico-sobre-los-tratamientos-psicologicos-y-farmacologicos-en-el-trastorno-obsesivo-compulsivo-en-ninos-y-adolescentes\/","title":{"rendered":"Un estudio meta-anal\u00edtico sobre los tratamientos psicol\u00f3gicos y farmacol\u00f3gicos en el trastorno obsesivo-compulsivo en ni\u00f1os y adolescentes."},"content":{"rendered":"<h2>Tesis doctoral de <strong> Marina Iniesta Sepulveda <\/strong><\/h2>\n<p>Resumen el trastorno obsesivo-compulsivo (toc) se caracteriza por la presencia de obsesiones y compulsiones que generan gran malestar en la persona que los padece. En ni\u00f1os y adolescentes, objeto de nuestro estudio, este problema presenta, al igual que en adultos, graves consecuencias para el funcionamiento psicosocial de los individuos, interfiriendo en el desarrollo de sus actividades, impidiendo la concentraci\u00f3n, el bienestar y produciendo en definitiva un alto grado de incapacitaci\u00f3n. Varios estudios de preValencia sobre el toc en ni\u00f1os\/adolescentes indican tasas entre el 2% y el 4%. Asimismo, es muy frecuente que el trastorno se inicie en la primera infancia aunque \u00e9ste no sea detectado hasta la edad adulta, por lo que estos porcentajes podr\u00edan resultar aun m\u00e1s elevados. Los estudios centrados en el toc en ni\u00f1os y adolescentes que ponen a prueba diferentes tratamientos psicol\u00f3gicos y farmacol\u00f3gicos, han experimentado un notable crecimiento en las \u00faltimas d\u00e9cadas. Es por ello que el objetivo de este trabajo ha sido el estudio de la eficacia general y diferencial de los distintos tratamientos psicol\u00f3gicos, farmacol\u00f3gicos y mixtos para el toc infanto-juvenil, mediante la realizaci\u00f3n de un meta-an\u00e1lisis de los ensayos experimentales, llevados a cabo hasta la fecha en este campo. Fueron localizados 16 estudios que cumplieron los criterios de selecci\u00f3n establecidos. Con el fin de localizar y analizar posibles variables moderadoras de los resultados de eficacia, se han codificado diferentes caracter\u00edsticas de los estudios, las cuales estuvieron relacionadas con los tratamientos aplicados, las muestras de sujetos, la metodolog\u00eda empleada, el contexto de intervenci\u00f3n y otros factores extr\u00ednsecos. El \u00edndice del tama\u00f1o del efecto consisti\u00f3 en la diferencia de cambio medio estandarizado (diferencia entre el cambio pretest-postest del grupo tratado y el cambio pretest-postest del grupo control dividida entre la desviaci\u00f3n t\u00edpica promedio del pretest de ambos grupos). Los modelos aplicados fueron el de efectos aleatorios y el de efectos mixtos. Los resultados obtenidos en t\u00e9rminos de eficacia global y variables con influjo significativo, muestran que ambos tipos de intervenci\u00f3n psicol\u00f3gica y farmacol\u00f3gica resultan eficaces para la mejora del toc en ni\u00f1os y adolescentes, no encontr\u00e1ndose diferencias significativas entre ambos tipos. Las variables que han resultado moderadoras de los resultados son algunas de las relativas al tratamiento y a la metodolog\u00eda empleada en los estudios.<\/p>\n<p>&nbsp;<\/p>\n<h3>Datos acad\u00e9micos de la tesis doctoral \u00ab<strong>Un estudio meta-anal\u00edtico sobre los tratamientos psicol\u00f3gicos y farmacol\u00f3gicos en el trastorno obsesivo-compulsivo en ni\u00f1os y adolescentes.<\/strong>\u00ab<\/h3>\n<ul>\n<li><strong>T\u00edtulo de la tesis:<\/strong>\u00a0 Un estudio meta-anal\u00edtico sobre los tratamientos psicol\u00f3gicos y farmacol\u00f3gicos en el trastorno obsesivo-compulsivo en ni\u00f1os y adolescentes. <\/li>\n<li><strong>Autor:<\/strong>\u00a0 Marina Iniesta Sepulveda <\/li>\n<li><strong>Universidad:<\/strong>\u00a0 Murcia<\/li>\n<li><strong>Fecha de lectura de la tesis:<\/strong>\u00a0 17\/06\/2011<\/li>\n<\/ul>\n<p>&nbsp;<\/p>\n<h3>Direcci\u00f3n y tribunal<\/h3>\n<ul>\n<li><strong>Director de la tesis<\/strong>\n<ul>\n<li>Ana Isabel Rosa Alcazar<\/li>\n<\/ul>\n<\/li>\n<li><strong>Tribunal<\/strong>\n<ul>\n<li>Presidente del tribunal: julio S\u00e1nchez meca <\/li>\n<li>Mar\u00eda Jes\u00fas Irurtia mu\u00f1iz (vocal)<\/li>\n<li>d\u00e9bora Godoy izquierdo (vocal)<\/li>\n<li>Francisco Jos\u00e9 Moya faz (vocal)<\/li>\n<\/ul>\n<\/li>\n<\/ul>\n<p>&nbsp;<\/p>\n","protected":false},"excerpt":{"rendered":"<p>Tesis doctoral de Marina Iniesta Sepulveda Resumen el trastorno obsesivo-compulsivo (toc) se caracteriza por la presencia de obsesiones y compulsiones [&hellip;]<\/p>\n","protected":false},"author":1,"featured_media":0,"comment_status":"open","ping_status":"open","sticky":false,"template":"","format":"standard","meta":{"site-sidebar-layout":"default","site-content-layout":"","ast-site-content-layout":"","site-content-style":"default","site-sidebar-style":"default","ast-global-header-display":"","ast-banner-title-visibility":"","ast-main-header-display":"","ast-hfb-above-header-display":"","ast-hfb-below-header-display":"","ast-hfb-mobile-header-display":"","site-post-title":"","ast-breadcrumbs-content":"","ast-featured-img":"","footer-sml-layout":"","theme-transparent-header-meta":"","adv-header-id-meta":"","stick-header-meta":"","header-above-stick-meta":"","header-main-stick-meta":"","header-below-stick-meta":"","astra-migrate-meta-layouts":"default","ast-page-background-enabled":"default","ast-page-background-meta":{"desktop":{"background-color":"var(--ast-global-color-4)","background-image":"","background-repeat":"repeat","background-position":"center center","background-size":"auto","background-attachment":"scroll","background-type":"","background-media":"","overlay-type":"","overlay-color":"","overlay-gradient":""},"tablet":{"background-color":"","background-image":"","background-repeat":"repeat","background-position":"center center","background-size":"auto","background-attachment":"scroll","background-type":"","background-media":"","overlay-type":"","overlay-color":"","overlay-gradient":""},"mobile":{"background-color":"","background-image":"","background-repeat":"repeat","background-position":"center center","background-size":"auto","background-attachment":"scroll","background-type":"","background-media":"","overlay-type":"","overlay-color":"","overlay-gradient":""}},"ast-content-background-meta":{"desktop":{"background-color":"var(--ast-global-color-5)","background-image":"","background-repeat":"repeat","background-position":"center center","background-size":"auto","background-attachment":"scroll","background-type":"","background-media":"","overlay-type":"","overlay-color":"","overlay-gradient":""},"tablet":{"background-color":"var(--ast-global-color-5)","background-image":"","background-repeat":"repeat","background-position":"center center","background-size":"auto","background-attachment":"scroll","background-type":"","background-media":"","overlay-type":"","overlay-color":"","overlay-gradient":""},"mobile":{"background-color":"var(--ast-global-color-5)","background-image":"","background-repeat":"repeat","background-position":"center center","background-size":"auto","background-attachment":"scroll","background-type":"","background-media":"","overlay-type":"","overlay-color":"","overlay-gradient":""}},"footnotes":""},"categories":[1175,8235,6894,9116,6686],"tags":[76891,152108,137443,46689,58117,218603],"class_list":["post-109237","post","type-post","status-publish","format-standard","hentry","category-evaluacion-y-diagnostico-en-psicologia","category-murcia","category-personalidad","category-psicoterapia","category-terapia-del-comportamiento","tag-ana-isabel-rosa-alcazar","tag-debora-godoy-izquierdo","tag-francisco-jose-moya-faz","tag-julio-sanchez-meca","tag-maria-jesus-irurtia-muniz","tag-marina-iniesta-sepulveda"],"_links":{"self":[{"href":"https:\/\/www.deberes.net\/tesis\/wp-json\/wp\/v2\/posts\/109237","targetHints":{"allow":["GET"]}}],"collection":[{"href":"https:\/\/www.deberes.net\/tesis\/wp-json\/wp\/v2\/posts"}],"about":[{"href":"https:\/\/www.deberes.net\/tesis\/wp-json\/wp\/v2\/types\/post"}],"author":[{"embeddable":true,"href":"https:\/\/www.deberes.net\/tesis\/wp-json\/wp\/v2\/users\/1"}],"replies":[{"embeddable":true,"href":"https:\/\/www.deberes.net\/tesis\/wp-json\/wp\/v2\/comments?post=109237"}],"version-history":[{"count":0,"href":"https:\/\/www.deberes.net\/tesis\/wp-json\/wp\/v2\/posts\/109237\/revisions"}],"wp:attachment":[{"href":"https:\/\/www.deberes.net\/tesis\/wp-json\/wp\/v2\/media?parent=109237"}],"wp:term":[{"taxonomy":"category","embeddable":true,"href":"https:\/\/www.deberes.net\/tesis\/wp-json\/wp\/v2\/categories?post=109237"},{"taxonomy":"post_tag","embeddable":true,"href":"https:\/\/www.deberes.net\/tesis\/wp-json\/wp\/v2\/tags?post=109237"}],"curies":[{"name":"wp","href":"https:\/\/api.w.org\/{rel}","templated":true}]}}