{"id":109254,"date":"2018-03-11T10:34:35","date_gmt":"2018-03-11T10:34:35","guid":{"rendered":"https:\/\/www.deberes.net\/tesis\/sin-categoria\/la-construccion-de-la-realidad-gallega-a-traves-de-los-medios-autonomicos-cultura-e-identidad-cultural-en-los-informativos-de-radio-galega-y-television-de-galicia-1985-2005\/"},"modified":"2018-03-11T10:34:35","modified_gmt":"2018-03-11T10:34:35","slug":"la-construccion-de-la-realidad-gallega-a-traves-de-los-medios-autonomicos-cultura-e-identidad-cultural-en-los-informativos-de-radio-galega-y-television-de-galicia-1985-2005","status":"publish","type":"post","link":"https:\/\/www.deberes.net\/tesis\/antropologia-cultural\/la-construccion-de-la-realidad-gallega-a-traves-de-los-medios-autonomicos-cultura-e-identidad-cultural-en-los-informativos-de-radio-galega-y-television-de-galicia-1985-2005\/","title":{"rendered":"La construcci\u00f3n de la realidad gallega a trav\u00e9s de los medios auton\u00f3micos. cultura e identidad cultural en los informativos de radio galega y televisi\u00f3n de galicia (1985-2005)"},"content":{"rendered":"<h2>Tesis doctoral de <strong> M\u00aa Luz Barbeito Veloso <\/strong><\/h2>\n<p>A trav\u00e9s del an\u00e1lisis de los contenidos emitidos en los programas informativos del prime-time de radio galega y televisi\u00f3n de galicia, esta tesis doctoral profundiza en los rasgos de la cultura y la identidad propias de galicia que influyen en la configuraci\u00f3n program\u00e1tica de estos medios, al tiempo que se pregunta si son capaces de transmitir o no unos valores determinados entre su audiencia. Con este objetivo, en esta investigaci\u00f3n se han identificado, en primer lugar, cu\u00e1les podr\u00edan ser esos rasgos, para, posteriormente, someterlos a un proceso de objetivizaci\u00f3n a trav\u00e9s de par\u00e1metros socioecon\u00f3micos, ling\u00ed\u00bc\u00edsticos, territoriales, pol\u00edticos, etc., Los cuales han servido como herramienta para facilitar su estudio. El trabajo parte de la hip\u00f3tesis de que la radio galega y la televisi\u00f3n de galicia se erigen como medios p\u00fablicos auton\u00f3micos trasmisores de valores culturales que contribuyen a la configuraci\u00f3n de la identidad cultural propia de la comunidad aut\u00f3noma gallega. Una identidad que se sustenta en ejes culturales renovados, lejos de im\u00e1genes estereot\u00edpicas y, entre otras cosas, muestra la imagen que de galicia ofrecen tanto la radio como la televisi\u00f3n auton\u00f3micas respondiendo a cuestiones tan significativas como las siguientes: \u00c2\u00bfes galicia una comunidad rural?, \u00c2\u00bfes galicia una comunidad cuya econom\u00eda se basa en el sector primario? \u00c2\u00bfson la xunta y el partido gobernante los actores principales de la actualidad pol\u00edtica gallega? \u00c2\u00bfes galicia una tierra de emigrantes? \u00c2\u00bfes galicia una comunidad monoling\u00ed\u00bce gallega?<\/p>\n<p>&nbsp;<\/p>\n<h3>Datos acad\u00e9micos de la tesis doctoral \u00ab<strong>La construcci\u00f3n de la realidad gallega a trav\u00e9s de los medios auton\u00f3micos. cultura e identidad cultural en los informativos de radio galega y televisi\u00f3n de galicia (1985-2005)<\/strong>\u00ab<\/h3>\n<ul>\n<li><strong>T\u00edtulo de la tesis:<\/strong>\u00a0 La construcci\u00f3n de la realidad gallega a trav\u00e9s de los medios auton\u00f3micos. cultura e identidad cultural en los informativos de radio galega y televisi\u00f3n de galicia (1985-2005) <\/li>\n<li><strong>Autor:<\/strong>\u00a0 M\u00aa Luz Barbeito Veloso <\/li>\n<li><strong>Universidad:<\/strong>\u00a0 Aut\u00f3noma de barcelona<\/li>\n<li><strong>Fecha de lectura de la tesis:<\/strong>\u00a0 17\/06\/2011<\/li>\n<\/ul>\n<p>&nbsp;<\/p>\n<h3>Direcci\u00f3n y tribunal<\/h3>\n<ul>\n<li><strong>Director de la tesis<\/strong>\n<ul>\n<li>Armand Balsebre Torroja<\/li>\n<\/ul>\n<\/li>\n<li><strong>Tribunal<\/strong>\n<ul>\n<li>Presidente del tribunal: Francisco Garc\u00eda Garc\u00eda <\/li>\n<li>Emilio Carlos Garcia fernandez (vocal)<\/li>\n<li>  (vocal)<\/li>\n<li>  (vocal)<\/li>\n<\/ul>\n<\/li>\n<\/ul>\n<p>&nbsp;<\/p>\n","protected":false},"excerpt":{"rendered":"<p>Tesis doctoral de M\u00aa Luz Barbeito Veloso A trav\u00e9s del an\u00e1lisis de los contenidos emitidos en los programas informativos del [&hellip;]<\/p>\n","protected":false},"author":1,"featured_media":0,"comment_status":"open","ping_status":"open","sticky":false,"template":"","format":"standard","meta":{"site-sidebar-layout":"default","site-content-layout":"","ast-site-content-layout":"","site-content-style":"default","site-sidebar-style":"default","ast-global-header-display":"","ast-banner-title-visibility":"","ast-main-header-display":"","ast-hfb-above-header-display":"","ast-hfb-below-header-display":"","ast-hfb-mobile-header-display":"","site-post-title":"","ast-breadcrumbs-content":"","ast-featured-img":"","footer-sml-layout":"","theme-transparent-header-meta":"","adv-header-id-meta":"","stick-header-meta":"","header-above-stick-meta":"","header-main-stick-meta":"","header-below-stick-meta":"","astra-migrate-meta-layouts":"default","ast-page-background-enabled":"default","ast-page-background-meta":{"desktop":{"background-color":"var(--ast-global-color-4)","background-image":"","background-repeat":"repeat","background-position":"center center","background-size":"auto","background-attachment":"scroll","background-type":"","background-media":"","overlay-type":"","overlay-color":"","overlay-gradient":""},"tablet":{"background-color":"","background-image":"","background-repeat":"repeat","background-position":"center center","background-size":"auto","background-attachment":"scroll","background-type":"","background-media":"","overlay-type":"","overlay-color":"","overlay-gradient":""},"mobile":{"background-color":"","background-image":"","background-repeat":"repeat","background-position":"center center","background-size":"auto","background-attachment":"scroll","background-type":"","background-media":"","overlay-type":"","overlay-color":"","overlay-gradient":""}},"ast-content-background-meta":{"desktop":{"background-color":"var(--ast-global-color-5)","background-image":"","background-repeat":"repeat","background-position":"center center","background-size":"auto","background-attachment":"scroll","background-type":"","background-media":"","overlay-type":"","overlay-color":"","overlay-gradient":""},"tablet":{"background-color":"var(--ast-global-color-5)","background-image":"","background-repeat":"repeat","background-position":"center center","background-size":"auto","background-attachment":"scroll","background-type":"","background-media":"","overlay-type":"","overlay-color":"","overlay-gradient":""},"mobile":{"background-color":"var(--ast-global-color-5)","background-image":"","background-repeat":"repeat","background-position":"center center","background-size":"auto","background-attachment":"scroll","background-type":"","background-media":"","overlay-type":"","overlay-color":"","overlay-gradient":""}},"footnotes":""},"categories":[983,5051],"tags":[24085,138791,7470,218630],"class_list":["post-109254","post","type-post","status-publish","format-standard","hentry","category-antropologia-cultural","category-medios-de-comunicacion-de-masas","tag-armand-balsebre-torroja","tag-emilio-carlos-garcia-fernandez","tag-francisco-garcia-garcia","tag-ma-luz-barbeito-veloso"],"_links":{"self":[{"href":"https:\/\/www.deberes.net\/tesis\/wp-json\/wp\/v2\/posts\/109254","targetHints":{"allow":["GET"]}}],"collection":[{"href":"https:\/\/www.deberes.net\/tesis\/wp-json\/wp\/v2\/posts"}],"about":[{"href":"https:\/\/www.deberes.net\/tesis\/wp-json\/wp\/v2\/types\/post"}],"author":[{"embeddable":true,"href":"https:\/\/www.deberes.net\/tesis\/wp-json\/wp\/v2\/users\/1"}],"replies":[{"embeddable":true,"href":"https:\/\/www.deberes.net\/tesis\/wp-json\/wp\/v2\/comments?post=109254"}],"version-history":[{"count":0,"href":"https:\/\/www.deberes.net\/tesis\/wp-json\/wp\/v2\/posts\/109254\/revisions"}],"wp:attachment":[{"href":"https:\/\/www.deberes.net\/tesis\/wp-json\/wp\/v2\/media?parent=109254"}],"wp:term":[{"taxonomy":"category","embeddable":true,"href":"https:\/\/www.deberes.net\/tesis\/wp-json\/wp\/v2\/categories?post=109254"},{"taxonomy":"post_tag","embeddable":true,"href":"https:\/\/www.deberes.net\/tesis\/wp-json\/wp\/v2\/tags?post=109254"}],"curies":[{"name":"wp","href":"https:\/\/api.w.org\/{rel}","templated":true}]}}