{"id":109256,"date":"2018-03-11T10:34:35","date_gmt":"2018-03-11T10:34:35","guid":{"rendered":"https:\/\/www.deberes.net\/tesis\/sin-categoria\/juan-maria-guelbenzu-1819-1886-estudio-biografico-y-analitico-de-su-obra-musical\/"},"modified":"2018-03-11T10:34:35","modified_gmt":"2018-03-11T10:34:35","slug":"juan-maria-guelbenzu-1819-1886-estudio-biografico-y-analitico-de-su-obra-musical","status":"publish","type":"post","link":"https:\/\/www.deberes.net\/tesis\/oviedo\/juan-maria-guelbenzu-1819-1886-estudio-biografico-y-analitico-de-su-obra-musical\/","title":{"rendered":"Juan mar\u00eda guelbenzu (1819-1886): estudio biogr\u00e1fico y an\u00e1litico de su obra musical"},"content":{"rendered":"<h2>Tesis doctoral de <strong> Eva Garc\u00eda Fern\u00e1ndez <\/strong><\/h2>\n<p>El objetivo de esta tesis doctoral es reivindicar la figura del pianista y compositor navarro juan m\u00aa guelbenzu fern\u00e1ndez (1819-1886), uno de los m\u00e1s destacados representantes del piano rom\u00e1ntico espa\u00f1ol del siglo xix. La reconstrucci\u00f3n de su biograf\u00eda y el an\u00e1lisis de su obra sit\u00faan a este autor en el contexto hist\u00f3rico, social, cultural y musical de la espa\u00f1a decimon\u00f3nica que le corresponde.  la labor desempe\u00f1ada en la capilla real como organista y en el palacio real como profesor desde 1844 hasta su fallecimiento, le colocan entre los m\u00fasicos de primera fila de la \u00e9poca, tal como atestigua la documentaci\u00f3n laboral y personal conservada en diversos archivos civiles y eclesi\u00e1sticos espa\u00f1oles. guelbenzu ser\u00e1 adem\u00e1s el creador de la sociedad de cuartetos junto a jes\u00fas de monasterio en 1863, cuya evoluci\u00f3n hemos podido estudiar gracias a la abundante documentaci\u00f3n conservada en el conservatorio superior de Madrid. Esta sociedad ser\u00e1 de vital trascendencia en el desarrollo de la m\u00fasica instrumental de la segunda mitad del siglo xix. Por otra parte, su intensa actividad concert\u00edstica e intelectual se ver\u00e1 reconocida p\u00fablicamente en 1873 con el nombramiento como miembro de la reci\u00e9n creada secci\u00f3n de m\u00fasica de la real academia de bellas artes de san fernando, adem\u00e1s de otras distinciones honor\u00edficas de primer orden.  la presente tesis doctoral plantea una biograf\u00eda cient\u00edfica de guelbenzu que se completa con el estudio de su biblioteca particular  conservada en la biblioteca nacional y la fundaci\u00f3n juan march, la cual consta de m\u00e1s de 1800 obras de al menos 500 autores diferentes, en su mayor\u00eda de piano del siglo xix, con un notable n\u00famero de manuscritos de autores destacados. el an\u00e1lisis t\u00e9cnico sistem\u00e1tico de su obra que hemos realizado le revela como uno de los compositores espa\u00f1oles de primer orden. Su repertorio para piano, de gran calidad art\u00edstica, se inscribe en el contexto del movimiento rom\u00e1ntico europeo sin renunciar al lenguaje popular espa\u00f1ol, como igual sucede con el repertorio de romanzas, melod\u00edas neo-rom\u00e1nticas y canciones espa\u00f1olas. Asimismo, en el campo de la m\u00fasica religiosa, guelbenzu es autor de diversas obras, entre las que destaca su misa en sol  que le sit\u00faan en un primer plano dentro de la est\u00e9tica reformista que gui\u00f3 a los compositores espa\u00f1oles de la segunda mitad del siglo xix.  la tesis incluye varios ap\u00e9ndices documentales relativos a su vida privada, su vida laboral, un epistolario, el cat\u00e1logo de sus composiciones musicales y de las obras de su biblioteca particular, as\u00ed como documentos gr\u00e1ficos de gran relevancia conservados en diversos archivos y fondos particulares.<\/p>\n<p>&nbsp;<\/p>\n<h3>Datos acad\u00e9micos de la tesis doctoral \u00ab<strong>Juan mar\u00eda guelbenzu (1819-1886): estudio biogr\u00e1fico y an\u00e1litico de su obra musical<\/strong>\u00ab<\/h3>\n<ul>\n<li><strong>T\u00edtulo de la tesis:<\/strong>\u00a0 Juan mar\u00eda guelbenzu (1819-1886): estudio biogr\u00e1fico y an\u00e1litico de su obra musical <\/li>\n<li><strong>Autor:<\/strong>\u00a0 Eva Garc\u00eda Fern\u00e1ndez <\/li>\n<li><strong>Universidad:<\/strong>\u00a0 Oviedo<\/li>\n<li><strong>Fecha de lectura de la tesis:<\/strong>\u00a0 17\/06\/2011<\/li>\n<\/ul>\n<p>&nbsp;<\/p>\n<h3>Direcci\u00f3n y tribunal<\/h3>\n<ul>\n<li><strong>Director de la tesis<\/strong>\n<ul>\n<li>Ramon Sobrino Sanchez<\/li>\n<\/ul>\n<\/li>\n<li><strong>Tribunal<\/strong>\n<ul>\n<li>Presidente del tribunal: emilio Casares rodicio <\/li>\n<li>marcos Andr\u00e9s vierge (vocal)<\/li>\n<li>julio ra\u00fal Ogas jofre (vocal)<\/li>\n<li>Jos\u00e9 L\u00f3pez calo (vocal)<\/li>\n<\/ul>\n<\/li>\n<\/ul>\n<p>&nbsp;<\/p>\n","protected":false},"excerpt":{"rendered":"<p>Tesis doctoral de Eva Garc\u00eda Fern\u00e1ndez El objetivo de esta tesis doctoral es reivindicar la figura del pianista y compositor [&hellip;]<\/p>\n","protected":false},"author":1,"featured_media":0,"comment_status":"open","ping_status":"open","sticky":false,"template":"","format":"standard","meta":{"site-sidebar-layout":"default","site-content-layout":"","ast-site-content-layout":"","site-content-style":"default","site-sidebar-style":"default","ast-global-header-display":"","ast-banner-title-visibility":"","ast-main-header-display":"","ast-hfb-above-header-display":"","ast-hfb-below-header-display":"","ast-hfb-mobile-header-display":"","site-post-title":"","ast-breadcrumbs-content":"","ast-featured-img":"","footer-sml-layout":"","theme-transparent-header-meta":"","adv-header-id-meta":"","stick-header-meta":"","header-above-stick-meta":"","header-main-stick-meta":"","header-below-stick-meta":"","astra-migrate-meta-layouts":"default","ast-page-background-enabled":"default","ast-page-background-meta":{"desktop":{"background-color":"var(--ast-global-color-4)","background-image":"","background-repeat":"repeat","background-position":"center center","background-size":"auto","background-attachment":"scroll","background-type":"","background-media":"","overlay-type":"","overlay-color":"","overlay-gradient":""},"tablet":{"background-color":"","background-image":"","background-repeat":"repeat","background-position":"center center","background-size":"auto","background-attachment":"scroll","background-type":"","background-media":"","overlay-type":"","overlay-color":"","overlay-gradient":""},"mobile":{"background-color":"","background-image":"","background-repeat":"repeat","background-position":"center center","background-size":"auto","background-attachment":"scroll","background-type":"","background-media":"","overlay-type":"","overlay-color":"","overlay-gradient":""}},"ast-content-background-meta":{"desktop":{"background-color":"var(--ast-global-color-5)","background-image":"","background-repeat":"repeat","background-position":"center center","background-size":"auto","background-attachment":"scroll","background-type":"","background-media":"","overlay-type":"","overlay-color":"","overlay-gradient":""},"tablet":{"background-color":"var(--ast-global-color-5)","background-image":"","background-repeat":"repeat","background-position":"center center","background-size":"auto","background-attachment":"scroll","background-type":"","background-media":"","overlay-type":"","overlay-color":"","overlay-gradient":""},"mobile":{"background-color":"var(--ast-global-color-5)","background-image":"","background-repeat":"repeat","background-position":"center center","background-size":"auto","background-attachment":"scroll","background-type":"","background-media":"","overlay-type":"","overlay-color":"","overlay-gradient":""}},"footnotes":""},"categories":[9132,8846],"tags":[7634,94005,7636,218632,192755,13805],"class_list":["post-109256","post","type-post","status-publish","format-standard","hentry","category-musica-y-musicologia","category-oviedo","tag-emilio-casares-rodicio","tag-eva-garcia-fernandez","tag-jose-lopez-calo","tag-julio-raul-ogas-jofre","tag-marcos-andres-vierge","tag-ramon-sobrino-sanchez"],"_links":{"self":[{"href":"https:\/\/www.deberes.net\/tesis\/wp-json\/wp\/v2\/posts\/109256","targetHints":{"allow":["GET"]}}],"collection":[{"href":"https:\/\/www.deberes.net\/tesis\/wp-json\/wp\/v2\/posts"}],"about":[{"href":"https:\/\/www.deberes.net\/tesis\/wp-json\/wp\/v2\/types\/post"}],"author":[{"embeddable":true,"href":"https:\/\/www.deberes.net\/tesis\/wp-json\/wp\/v2\/users\/1"}],"replies":[{"embeddable":true,"href":"https:\/\/www.deberes.net\/tesis\/wp-json\/wp\/v2\/comments?post=109256"}],"version-history":[{"count":0,"href":"https:\/\/www.deberes.net\/tesis\/wp-json\/wp\/v2\/posts\/109256\/revisions"}],"wp:attachment":[{"href":"https:\/\/www.deberes.net\/tesis\/wp-json\/wp\/v2\/media?parent=109256"}],"wp:term":[{"taxonomy":"category","embeddable":true,"href":"https:\/\/www.deberes.net\/tesis\/wp-json\/wp\/v2\/categories?post=109256"},{"taxonomy":"post_tag","embeddable":true,"href":"https:\/\/www.deberes.net\/tesis\/wp-json\/wp\/v2\/tags?post=109256"}],"curies":[{"name":"wp","href":"https:\/\/api.w.org\/{rel}","templated":true}]}}