{"id":109298,"date":"2018-03-11T10:34:35","date_gmt":"2018-03-11T10:34:35","guid":{"rendered":"https:\/\/www.deberes.net\/tesis\/sin-categoria\/apoyos-servicios-y-calidad-de-vida-en-centros-residenciales-chilenos-para-personas-con-discapacidad-intelectual\/"},"modified":"2018-03-11T10:34:35","modified_gmt":"2018-03-11T10:34:35","slug":"apoyos-servicios-y-calidad-de-vida-en-centros-residenciales-chilenos-para-personas-con-discapacidad-intelectual","status":"publish","type":"post","link":"https:\/\/www.deberes.net\/tesis\/evaluacion-y-diagnostico-en-psicologia\/apoyos-servicios-y-calidad-de-vida-en-centros-residenciales-chilenos-para-personas-con-discapacidad-intelectual\/","title":{"rendered":"Apoyos, servicios y calidad de vida en centros residenciales chilenos para personas con discapacidad intelectual"},"content":{"rendered":"<h2>Tesis doctoral de <strong> Vanessa Vega Cordova <\/strong><\/h2>\n<p>La presente tesis doctoral se centra en el an\u00e1lisis de las necesidades de apoyo, los servicios residenciales y la calidad de vida, en personas con discapacidad intelectual que viven institucionalizadas, en un contexto concreto como es el chileno.  La parte te\u00f3rica se estructura en tres cap\u00edtulos, a lo largo de los cuales se realiza una revisi\u00f3n del paradigma de apoyos en la discapacidad intelectual, la calidad de vida y  discapacidad intelectual y los servicios residenciales para personas con discapacidad  la parte emp\u00edrica de la presente tesis doctoral se enmarca en un dise\u00f1o metodol\u00f3gico  mixto  secuencial explicativo, en el que se re\u00fanen y analizan los datos cuantitativos y cualitativos con el fin de que estos \u00faltimos ayuden a explicar los resultados.  el primer cap\u00edtulo emp\u00edrico se centra en validaci\u00f3n  transcultural de la escala de intensidad de apoyos y de la escala transcultural de calidad de vida,  poder conocer las relaciones existentes entre las necesidades de apoyos y la calidad de vida de adultos institucionalizados en chile. Como consecuencia de este primer estudio se desarrolla un  segundo de \u00edndole  cualitativo para contribuir a explicar y comprender mejor los resultados obtenidos. Dicho estudio se desarroll\u00f3 mediante grupos focales con proveedores de servicios. El objetivo central fue describir las percepciones de los proveedores de servicios sobre los  apoyos, la calidad de vida y calidad de los servicios. Un objetivo adicional fue analizar el impacto de la institucionalizaci\u00f3n en los residentes. los an\u00e1lisis psicom\u00e9tricos ratifican la solidez y val\u00eda transcultural de los instrumentos utilizados. Existen ciertas discrepancias entre los hallazgos cuantitativos y cualitativos respecto a las necesidades de apoyos y la calidad de vida. Los resultados destacan la importancia de generar propuestas de intervenci\u00f3n que se centren en aspectos de los servicios como son las garant\u00edas b\u00e1sicas, compartir valores y en servicios orientados a mejorar la calidad de vida y los resultados personales de los residentes.<\/p>\n<p>&nbsp;<\/p>\n<h3>Datos acad\u00e9micos de la tesis doctoral \u00ab<strong>Apoyos, servicios y calidad de vida en centros residenciales chilenos para personas con discapacidad intelectual<\/strong>\u00ab<\/h3>\n<ul>\n<li><strong>T\u00edtulo de la tesis:<\/strong>\u00a0 Apoyos, servicios y calidad de vida en centros residenciales chilenos para personas con discapacidad intelectual <\/li>\n<li><strong>Autor:<\/strong>\u00a0 Vanessa Vega Cordova <\/li>\n<li><strong>Universidad:<\/strong>\u00a0 Salamanca<\/li>\n<li><strong>Fecha de lectura de la tesis:<\/strong>\u00a0 20\/06\/2011<\/li>\n<\/ul>\n<p>&nbsp;<\/p>\n<h3>Direcci\u00f3n y tribunal<\/h3>\n<ul>\n<li><strong>Director de la tesis<\/strong>\n<ul>\n<li>Cristina Jenaro R\u00edo<\/li>\n<\/ul>\n<\/li>\n<li><strong>Tribunal<\/strong>\n<ul>\n<li>Presidente del tribunal: Mar\u00eda cruz S\u00e1nchez g\u00f3mez <\/li>\n<li>raquel Poy castro (vocal)<\/li>\n<li>raimundo Casta\u00f1o calle (vocal)<\/li>\n<li>eliana Sabeh (vocal)<\/li>\n<\/ul>\n<\/li>\n<\/ul>\n<p>&nbsp;<\/p>\n","protected":false},"excerpt":{"rendered":"<p>Tesis doctoral de Vanessa Vega Cordova La presente tesis doctoral se centra en el an\u00e1lisis de las necesidades de apoyo, [&hellip;]<\/p>\n","protected":false},"author":1,"featured_media":0,"comment_status":"open","ping_status":"open","sticky":false,"template":"","format":"standard","meta":{"site-sidebar-layout":"default","site-content-layout":"","ast-site-content-layout":"","site-content-style":"default","site-sidebar-style":"default","ast-global-header-display":"","ast-banner-title-visibility":"","ast-main-header-display":"","ast-hfb-above-header-display":"","ast-hfb-below-header-display":"","ast-hfb-mobile-header-display":"","site-post-title":"","ast-breadcrumbs-content":"","ast-featured-img":"","footer-sml-layout":"","theme-transparent-header-meta":"","adv-header-id-meta":"","stick-header-meta":"","header-above-stick-meta":"","header-main-stick-meta":"","header-below-stick-meta":"","astra-migrate-meta-layouts":"default","ast-page-background-enabled":"default","ast-page-background-meta":{"desktop":{"background-color":"var(--ast-global-color-4)","background-image":"","background-repeat":"repeat","background-position":"center center","background-size":"auto","background-attachment":"scroll","background-type":"","background-media":"","overlay-type":"","overlay-color":"","overlay-gradient":""},"tablet":{"background-color":"","background-image":"","background-repeat":"repeat","background-position":"center center","background-size":"auto","background-attachment":"scroll","background-type":"","background-media":"","overlay-type":"","overlay-color":"","overlay-gradient":""},"mobile":{"background-color":"","background-image":"","background-repeat":"repeat","background-position":"center center","background-size":"auto","background-attachment":"scroll","background-type":"","background-media":"","overlay-type":"","overlay-color":"","overlay-gradient":""}},"ast-content-background-meta":{"desktop":{"background-color":"var(--ast-global-color-5)","background-image":"","background-repeat":"repeat","background-position":"center center","background-size":"auto","background-attachment":"scroll","background-type":"","background-media":"","overlay-type":"","overlay-color":"","overlay-gradient":""},"tablet":{"background-color":"var(--ast-global-color-5)","background-image":"","background-repeat":"repeat","background-position":"center center","background-size":"auto","background-attachment":"scroll","background-type":"","background-media":"","overlay-type":"","overlay-color":"","overlay-gradient":""},"mobile":{"background-color":"var(--ast-global-color-5)","background-image":"","background-repeat":"repeat","background-position":"center center","background-size":"auto","background-attachment":"scroll","background-type":"","background-media":"","overlay-type":"","overlay-color":"","overlay-gradient":""}},"footnotes":""},"categories":[19815,1175,56648,9386],"tags":[46009,197075,70426,156012,135480,218709],"class_list":["post-109298","post","type-post","status-publish","format-standard","hentry","category-calidad-de-vida","category-evaluacion-y-diagnostico-en-psicologia","category-minusvalia","category-salamanca","tag-cristina-jenaro-rio","tag-eliana-sabeh","tag-maria-cruz-sanchez-gomez","tag-raimundo-castano-calle","tag-raquel-poy-castro","tag-vanessa-vega-cordova"],"_links":{"self":[{"href":"https:\/\/www.deberes.net\/tesis\/wp-json\/wp\/v2\/posts\/109298","targetHints":{"allow":["GET"]}}],"collection":[{"href":"https:\/\/www.deberes.net\/tesis\/wp-json\/wp\/v2\/posts"}],"about":[{"href":"https:\/\/www.deberes.net\/tesis\/wp-json\/wp\/v2\/types\/post"}],"author":[{"embeddable":true,"href":"https:\/\/www.deberes.net\/tesis\/wp-json\/wp\/v2\/users\/1"}],"replies":[{"embeddable":true,"href":"https:\/\/www.deberes.net\/tesis\/wp-json\/wp\/v2\/comments?post=109298"}],"version-history":[{"count":0,"href":"https:\/\/www.deberes.net\/tesis\/wp-json\/wp\/v2\/posts\/109298\/revisions"}],"wp:attachment":[{"href":"https:\/\/www.deberes.net\/tesis\/wp-json\/wp\/v2\/media?parent=109298"}],"wp:term":[{"taxonomy":"category","embeddable":true,"href":"https:\/\/www.deberes.net\/tesis\/wp-json\/wp\/v2\/categories?post=109298"},{"taxonomy":"post_tag","embeddable":true,"href":"https:\/\/www.deberes.net\/tesis\/wp-json\/wp\/v2\/tags?post=109298"}],"curies":[{"name":"wp","href":"https:\/\/api.w.org\/{rel}","templated":true}]}}