{"id":109311,"date":"2018-03-11T10:34:41","date_gmt":"2018-03-11T10:34:41","guid":{"rendered":"https:\/\/www.deberes.net\/tesis\/sin-categoria\/el-sentido-estetico-en-los-fenomenos-sonoros\/"},"modified":"2018-03-11T10:34:41","modified_gmt":"2018-03-11T10:34:41","slug":"el-sentido-estetico-en-los-fenomenos-sonoros","status":"publish","type":"post","link":"https:\/\/www.deberes.net\/tesis\/filosofia\/el-sentido-estetico-en-los-fenomenos-sonoros\/","title":{"rendered":"El sentido est\u00e9tico en los fen\u00f3menos sonoros"},"content":{"rendered":"<h2>Tesis doctoral de <strong> H\u00e9ctor Ulianov Mar\u00edn Guadarrama <\/strong><\/h2>\n<p>El concepto sentido est\u00e9tico refiere a la capacidad de hacer significar un fen\u00f3meno como est\u00e9tico y se presenta como un continuo en una forma espec\u00edfica del proceso cognitivo donde se asigna significado de esta \u00edndole a los hechos. los fen\u00f3menos ac\u00fasticos sufren el mismo proceso y llegan a ser usados para conformar los fen\u00f3menos est\u00e9ticos culturales art\u00edsticos que se conocen como m\u00fasica o discursos sonoros.<\/p>\n<p>&nbsp;<\/p>\n<h3>Datos acad\u00e9micos de la tesis doctoral \u00ab<strong>El sentido est\u00e9tico en los fen\u00f3menos sonoros<\/strong>\u00ab<\/h3>\n<ul>\n<li><strong>T\u00edtulo de la tesis:<\/strong>\u00a0 El sentido est\u00e9tico en los fen\u00f3menos sonoros <\/li>\n<li><strong>Autor:<\/strong>\u00a0 H\u00e9ctor Ulianov Mar\u00edn Guadarrama <\/li>\n<li><strong>Universidad:<\/strong>\u00a0 Aut\u00f3noma de barcelona<\/li>\n<li><strong>Fecha de lectura de la tesis:<\/strong>\u00a0 20\/06\/2011<\/li>\n<\/ul>\n<p>&nbsp;<\/p>\n<h3>Direcci\u00f3n y tribunal<\/h3>\n<ul>\n<li><strong>Director de la tesis<\/strong>\n<ul>\n<li>J\u00e9ssica Jaques Pi<\/li>\n<\/ul>\n<\/li>\n<li><strong>Tribunal<\/strong>\n<ul>\n<li>Presidente del tribunal: gerard Vilar roca <\/li>\n<li>pedro Azara (vocal)<\/li>\n<li>  (vocal)<\/li>\n<li>  (vocal)<\/li>\n<\/ul>\n<\/li>\n<\/ul>\n<p>&nbsp;<\/p>\n","protected":false},"excerpt":{"rendered":"<p>Tesis doctoral de H\u00e9ctor Ulianov Mar\u00edn Guadarrama El concepto sentido est\u00e9tico refiere a la capacidad de hacer significar un fen\u00f3meno [&hellip;]<\/p>\n","protected":false},"author":1,"featured_media":0,"comment_status":"open","ping_status":"open","sticky":false,"template":"","format":"standard","meta":{"site-sidebar-layout":"default","site-content-layout":"","ast-site-content-layout":"","site-content-style":"default","site-sidebar-style":"default","ast-global-header-display":"","ast-banner-title-visibility":"","ast-main-header-display":"","ast-hfb-above-header-display":"","ast-hfb-below-header-display":"","ast-hfb-mobile-header-display":"","site-post-title":"","ast-breadcrumbs-content":"","ast-featured-img":"","footer-sml-layout":"","theme-transparent-header-meta":"","adv-header-id-meta":"","stick-header-meta":"","header-above-stick-meta":"","header-main-stick-meta":"","header-below-stick-meta":"","astra-migrate-meta-layouts":"default","ast-page-background-enabled":"default","ast-page-background-meta":{"desktop":{"background-color":"var(--ast-global-color-4)","background-image":"","background-repeat":"repeat","background-position":"center center","background-size":"auto","background-attachment":"scroll","background-type":"","background-media":"","overlay-type":"","overlay-color":"","overlay-gradient":""},"tablet":{"background-color":"","background-image":"","background-repeat":"repeat","background-position":"center center","background-size":"auto","background-attachment":"scroll","background-type":"","background-media":"","overlay-type":"","overlay-color":"","overlay-gradient":""},"mobile":{"background-color":"","background-image":"","background-repeat":"repeat","background-position":"center center","background-size":"auto","background-attachment":"scroll","background-type":"","background-media":"","overlay-type":"","overlay-color":"","overlay-gradient":""}},"ast-content-background-meta":{"desktop":{"background-color":"var(--ast-global-color-5)","background-image":"","background-repeat":"repeat","background-position":"center center","background-size":"auto","background-attachment":"scroll","background-type":"","background-media":"","overlay-type":"","overlay-color":"","overlay-gradient":""},"tablet":{"background-color":"var(--ast-global-color-5)","background-image":"","background-repeat":"repeat","background-position":"center center","background-size":"auto","background-attachment":"scroll","background-type":"","background-media":"","overlay-type":"","overlay-color":"","overlay-gradient":""},"mobile":{"background-color":"var(--ast-global-color-5)","background-image":"","background-repeat":"repeat","background-position":"center center","background-size":"auto","background-attachment":"scroll","background-type":"","background-media":"","overlay-type":"","overlay-color":"","overlay-gradient":""}},"footnotes":""},"categories":[10452,165,9132],"tags":[20219,218731,202614,218732],"class_list":["post-109311","post","type-post","status-publish","format-standard","hentry","category-estetica","category-filosofia","category-musica-y-musicologia","tag-gerard-vilar-roca","tag-hector-ulianov-marin-guadarrama","tag-jassica-jaques-pi","tag-pedro-azara"],"_links":{"self":[{"href":"https:\/\/www.deberes.net\/tesis\/wp-json\/wp\/v2\/posts\/109311","targetHints":{"allow":["GET"]}}],"collection":[{"href":"https:\/\/www.deberes.net\/tesis\/wp-json\/wp\/v2\/posts"}],"about":[{"href":"https:\/\/www.deberes.net\/tesis\/wp-json\/wp\/v2\/types\/post"}],"author":[{"embeddable":true,"href":"https:\/\/www.deberes.net\/tesis\/wp-json\/wp\/v2\/users\/1"}],"replies":[{"embeddable":true,"href":"https:\/\/www.deberes.net\/tesis\/wp-json\/wp\/v2\/comments?post=109311"}],"version-history":[{"count":0,"href":"https:\/\/www.deberes.net\/tesis\/wp-json\/wp\/v2\/posts\/109311\/revisions"}],"wp:attachment":[{"href":"https:\/\/www.deberes.net\/tesis\/wp-json\/wp\/v2\/media?parent=109311"}],"wp:term":[{"taxonomy":"category","embeddable":true,"href":"https:\/\/www.deberes.net\/tesis\/wp-json\/wp\/v2\/categories?post=109311"},{"taxonomy":"post_tag","embeddable":true,"href":"https:\/\/www.deberes.net\/tesis\/wp-json\/wp\/v2\/tags?post=109311"}],"curies":[{"name":"wp","href":"https:\/\/api.w.org\/{rel}","templated":true}]}}