{"id":109321,"date":"2018-03-11T10:34:41","date_gmt":"2018-03-11T10:34:41","guid":{"rendered":"https:\/\/www.deberes.net\/tesis\/sin-categoria\/aplicacion-del-metodo-de-monte-carlo-a-la-planificacion-en-radioterapia-y-a-la-reconstruccion-de-espectros-de-fotones-de-aceleradores-lineales-de-parta%c2%adculas-linac\/"},"modified":"2018-03-11T10:34:41","modified_gmt":"2018-03-11T10:34:41","slug":"aplicacion-del-metodo-de-monte-carlo-a-la-planificacion-en-radioterapia-y-a-la-reconstruccion-de-espectros-de-fotones-de-aceleradores-lineales-de-parta%c2%adculas-linac","status":"publish","type":"post","link":"https:\/\/www.deberes.net\/tesis\/radioterapia\/aplicacion-del-metodo-de-monte-carlo-a-la-planificacion-en-radioterapia-y-a-la-reconstruccion-de-espectros-de-fotones-de-aceleradores-lineales-de-parta%c2%adculas-linac\/","title":{"rendered":"Aplicaci\u00f3n del m\u00e9todo de monte carlo a la planificaci\u00f3n en radioterapia y a la reconstrucci\u00f3n de espectros de fotones de aceleradores lineales de part\u00edculas (linac)."},"content":{"rendered":"<h2>Tesis doctoral de <strong> Bel\u00e9n Juste Vidal <\/strong><\/h2>\n<p>La radioterapia es uno de los tratamientos m\u00e1s generalizados aplicados a los pacientes que padecen determinados tipos de c\u00e1ncer. Sin embargo, la efectividad de este tipo de tratamientos en la destrucci\u00f3n de las c\u00e9lulas cancer\u00edgenas lleva asociada la posibilidad de sufrir los efectos secundarios de la radiaci\u00f3n sobre los tejidos sanos circundantes. El riesgo de lesi\u00f3n de las c\u00e9lulas sanas depende fundamentalmente de la orientaci\u00f3n del haz emitido por la unidad de radioterapia y de la intensidad de la radiaci\u00f3n recibida por el paciente. los avances tecnol\u00f3gicos est\u00e1n permitiendo optimizar los tratamientos, disminuyendo las dosis administradas y los efectos indeseables de \u00e9stas, pero uno de los principales problemas en el c\u00e1lculo de dosis de estos sistemas es la exactitud de los algoritmos de c\u00e1lculo en presencia de tejidos con densidades muy diferentes, as\u00ed como el conocimiento exacto del espectro emitido por los aceleradores lineales m\u00e9dicos. una de las herramientas aplicadas en este campo es el m\u00e9todo de monte carlo frente a procedimientos de c\u00e1lculo deterministas. Este m\u00e9todo, es una t\u00e9cnica de c\u00e1lculo que permite, entre otras aplicaciones, simular el efecto de las radiaciones que se utilizan en la terapia contra el c\u00e1ncer y otras afecciones similares. el trabajo que aqu\u00ed se presenta, pretende demostrar la posibilidad de trasladar el uso de las simulaciones monte carlo a la planificaci\u00f3n de los tratamientos en radioterapia, mejorando la eficacia en el c\u00e1lculo de la distribuci\u00f3n de dosis en un determinado medio frente a los sistemas tradicionales. Adem\u00e1s pretende validar el uso de las simulaciones a otras aplicaciones relacionadas como es la reconstrucci\u00f3n de espectros fot\u00f3nicos. una simulaci\u00f3n de este tipo implica modelizar con realismo la geometr\u00eda del cabezal del acelerador, as\u00ed como definir los par\u00e1metros f\u00edsicos que rigen el transporte de las part\u00edculas. Adem\u00e1s, es imprescindible el conocimiento detallado del espectro emitido por el acelerador lineal modelizado, pues de la energ\u00eda del haz dependen los factores dosim\u00e9tricos a cuantificar. Una parte importante de este trabajo se centra en la reconstrucci\u00f3n del espectro de un acelerador lineal y su utilizaci\u00f3n en la simulaci\u00f3n del transporte de fotones y electrones durante el funcionamiento de la unidad de radioterapia.  el procedimiento desarrollado para caracterizar los haces de radiaci\u00f3n generados en un acelerador lineal est\u00e1 basado en la deconvoluci\u00f3n mediante los algoritmos de hansen de las curvas de dosis en profundidad simuladas y medidas en una cuba de agua. Las comparaciones realizadas entre las medidas experimentales y los c\u00e1lculos realizados demuestran que el algoritmo desarrollado en este trabajo es una v\u00eda v\u00e1lida para reconstruir los espectros fot\u00f3nicos emitidos por unidades de radioterapia. En el desarrollo de esta tesis se explica detallada y rigurosamente todo este proceso, a la vez que se aportan los datos experimentales que justifican que es una metodolog\u00eda fiable para lograr el prop\u00f3sito de reconstruir espectros fot\u00f3nicos.  el c\u00f3digo de transporte de part\u00edculas utilizado en las simulaciones de esta tesis ha sido el monte carlo n-particle transport code system (mcnp), versi\u00f3n 5, desarrollado en el laboratorio de los \u00e1lamos, en estados unidos y escogido por ser uno de los programas de c\u00e1lculo m\u00e1s usados y precisos en el \u00e1mbito de simulaciones del transporte de neutrones, fotones y electrones.<\/p>\n<p>&nbsp;<\/p>\n<h3>Datos acad\u00e9micos de la tesis doctoral \u00ab<strong>Aplicaci\u00f3n del m\u00e9todo de monte carlo a la planificaci\u00f3n en radioterapia y a la reconstrucci\u00f3n de espectros de fotones de aceleradores lineales de part\u00edculas (linac).<\/strong>\u00ab<\/h3>\n<ul>\n<li><strong>T\u00edtulo de la tesis:<\/strong>\u00a0 Aplicaci\u00f3n del m\u00e9todo de monte carlo a la planificaci\u00f3n en radioterapia y a la reconstrucci\u00f3n de espectros de fotones de aceleradores lineales de part\u00edculas (linac). <\/li>\n<li><strong>Autor:<\/strong>\u00a0 Bel\u00e9n Juste Vidal <\/li>\n<li><strong>Universidad:<\/strong>\u00a0 Polit\u00e9cnica de Valencia<\/li>\n<li><strong>Fecha de lectura de la tesis:<\/strong>\u00a0 20\/06\/2011<\/li>\n<\/ul>\n<p>&nbsp;<\/p>\n<h3>Direcci\u00f3n y tribunal<\/h3>\n<ul>\n<li><strong>Director de la tesis<\/strong>\n<ul>\n<li>Rafael Miro Herrero<\/li>\n<\/ul>\n<\/li>\n<li><strong>Tribunal<\/strong>\n<ul>\n<li>Presidente del tribunal: Jos\u00e9 R\u00f3denas  diago <\/li>\n<li>eduardo Gallego diaz (vocal)<\/li>\n<li>facundo Ballester  pallar\u00e9s (vocal)<\/li>\n<li>Jos\u00e9 pedro Miragaia trancoso  vaz (vocal)<\/li>\n<\/ul>\n<\/li>\n<\/ul>\n<p>&nbsp;<\/p>\n","protected":false},"excerpt":{"rendered":"<p>Tesis doctoral de Bel\u00e9n Juste Vidal La radioterapia es uno de los tratamientos m\u00e1s generalizados aplicados a los pacientes que [&hellip;]<\/p>\n","protected":false},"author":1,"featured_media":0,"comment_status":"open","ping_status":"open","sticky":false,"template":"","format":"standard","meta":{"site-sidebar-layout":"default","site-content-layout":"","ast-site-content-layout":"","site-content-style":"default","site-sidebar-style":"default","ast-global-header-display":"","ast-banner-title-visibility":"","ast-main-header-display":"","ast-hfb-above-header-display":"","ast-hfb-below-header-display":"","ast-hfb-mobile-header-display":"","site-post-title":"","ast-breadcrumbs-content":"","ast-featured-img":"","footer-sml-layout":"","theme-transparent-header-meta":"","adv-header-id-meta":"","stick-header-meta":"","header-above-stick-meta":"","header-main-stick-meta":"","header-below-stick-meta":"","astra-migrate-meta-layouts":"default","ast-page-background-enabled":"default","ast-page-background-meta":{"desktop":{"background-color":"var(--ast-global-color-4)","background-image":"","background-repeat":"repeat","background-position":"center center","background-size":"auto","background-attachment":"scroll","background-type":"","background-media":"","overlay-type":"","overlay-color":"","overlay-gradient":""},"tablet":{"background-color":"","background-image":"","background-repeat":"repeat","background-position":"center center","background-size":"auto","background-attachment":"scroll","background-type":"","background-media":"","overlay-type":"","overlay-color":"","overlay-gradient":""},"mobile":{"background-color":"","background-image":"","background-repeat":"repeat","background-position":"center center","background-size":"auto","background-attachment":"scroll","background-type":"","background-media":"","overlay-type":"","overlay-color":"","overlay-gradient":""}},"ast-content-background-meta":{"desktop":{"background-color":"var(--ast-global-color-5)","background-image":"","background-repeat":"repeat","background-position":"center center","background-size":"auto","background-attachment":"scroll","background-type":"","background-media":"","overlay-type":"","overlay-color":"","overlay-gradient":""},"tablet":{"background-color":"var(--ast-global-color-5)","background-image":"","background-repeat":"repeat","background-position":"center center","background-size":"auto","background-attachment":"scroll","background-type":"","background-media":"","overlay-type":"","overlay-color":"","overlay-gradient":""},"mobile":{"background-color":"var(--ast-global-color-5)","background-image":"","background-repeat":"repeat","background-position":"center center","background-size":"auto","background-attachment":"scroll","background-type":"","background-media":"","overlay-type":"","overlay-color":"","overlay-gradient":""}},"footnotes":""},"categories":[30450,29842,16820,1809,13227],"tags":[218745,60813,48393,218746,114534,53406],"class_list":["post-109321","post","type-post","status-publish","format-standard","hentry","category-aceleradores-de-particulas","category-espectroscopia-de-rayos-x","category-politecnica-de-valencia","category-radioterapia","category-simulacion","tag-belen-juste-vidal","tag-eduardo-gallego-diaz","tag-facundo-ballester-pallares","tag-jose-pedro-miragaia-trancoso-vaz","tag-jose-rodenas-diago","tag-rafael-miro-herrero"],"_links":{"self":[{"href":"https:\/\/www.deberes.net\/tesis\/wp-json\/wp\/v2\/posts\/109321","targetHints":{"allow":["GET"]}}],"collection":[{"href":"https:\/\/www.deberes.net\/tesis\/wp-json\/wp\/v2\/posts"}],"about":[{"href":"https:\/\/www.deberes.net\/tesis\/wp-json\/wp\/v2\/types\/post"}],"author":[{"embeddable":true,"href":"https:\/\/www.deberes.net\/tesis\/wp-json\/wp\/v2\/users\/1"}],"replies":[{"embeddable":true,"href":"https:\/\/www.deberes.net\/tesis\/wp-json\/wp\/v2\/comments?post=109321"}],"version-history":[{"count":0,"href":"https:\/\/www.deberes.net\/tesis\/wp-json\/wp\/v2\/posts\/109321\/revisions"}],"wp:attachment":[{"href":"https:\/\/www.deberes.net\/tesis\/wp-json\/wp\/v2\/media?parent=109321"}],"wp:term":[{"taxonomy":"category","embeddable":true,"href":"https:\/\/www.deberes.net\/tesis\/wp-json\/wp\/v2\/categories?post=109321"},{"taxonomy":"post_tag","embeddable":true,"href":"https:\/\/www.deberes.net\/tesis\/wp-json\/wp\/v2\/tags?post=109321"}],"curies":[{"name":"wp","href":"https:\/\/api.w.org\/{rel}","templated":true}]}}