{"id":109322,"date":"2018-03-11T10:34:41","date_gmt":"2018-03-11T10:34:41","guid":{"rendered":"https:\/\/www.deberes.net\/tesis\/sin-categoria\/la-teoria-fotografica-contemporanea-hacia-una-nueva-pragmatica-del-campo-fotografico\/"},"modified":"2018-03-11T10:34:41","modified_gmt":"2018-03-11T10:34:41","slug":"la-teoria-fotografica-contemporanea-hacia-una-nueva-pragmatica-del-campo-fotografico","status":"publish","type":"post","link":"https:\/\/www.deberes.net\/tesis\/teoria-analisis-y-critica-de-las-bellas-artes\/la-teoria-fotografica-contemporanea-hacia-una-nueva-pragmatica-del-campo-fotografico\/","title":{"rendered":"La teor\u00eda fotogr\u00e1fica contempor\u00e1nea: hacia una nueva pragm\u00e1tica del campo fotogr\u00e1fico"},"content":{"rendered":"<h2>Tesis doctoral de <strong> Jos\u00e9 Ra\u00fal P\u00e9rez Fern\u00e1ndez <\/strong><\/h2>\n<p>La fotograf\u00eda, uno de los medios y pr\u00e1cticas caracter\u00edsticos de la semiosfera contempor\u00e1nea, ha sido estudiada a lo largo de su historia desde una gran variedad de enfoques. La presente tesis doctoral se centra en las aportaciones te\u00f3ricas que consideran la misma como un lenguaje, de ah\u00ed que preste una especial atenci\u00f3n el desarrollo de las teor\u00edas que, a partir de la d\u00e9cada de 1960, han elaborado aproximaciones vinculadas con la denominada cr\u00edtica posestructuralista. La primera hip\u00f3tesis espec\u00edfica de nuestro trabajo propone que es a trav\u00e9s del estudio de los procedimientos de codificaci\u00f3n propios del medio que podemos desentra\u00f1ar la especificidad del signo fotogr\u00e1fico, propiciando un an\u00e1lisis tanto de tipo inmanente, como un an\u00e1lisis pragm\u00e1tico que incorpore elementos contextuales. Nuestra segunda hip\u00f3tesis espec\u00edfica se relaciona con ese citado cambio contextual, ya que intenta responder a un interrogante: \u00c2\u00bfla introducci\u00f3n de los procesos digitales ha derivado en la creaci\u00f3n de un nuevo lenguaje fotogr\u00e1fico o, por el contrario, su aportaci\u00f3n est\u00e1 m\u00e1s vinculada al \u00e1mbito de los usos de la imagen? En su expresi\u00f3n m\u00e1s general, lo que este trabajo desentra\u00f1a a partir de dicho cuestionamiento son las formas en que la digitalizaci\u00f3n de los procesos fotogr\u00e1ficos han modificado, no s\u00f3lo los aspectos expresivos del lenguaje fotogr\u00e1fico, sino tambi\u00e9n los extr\u00ednsecos, esto es, el giro pragm\u00e1tico experimentado por el campo fotogr\u00e1fico en los \u00faltimos veinte a\u00f1os.<\/p>\n<p>&nbsp;<\/p>\n<h3>Datos acad\u00e9micos de la tesis doctoral \u00ab<strong>La teor\u00eda fotogr\u00e1fica contempor\u00e1nea: hacia una nueva pragm\u00e1tica del campo fotogr\u00e1fico<\/strong>\u00ab<\/h3>\n<ul>\n<li><strong>T\u00edtulo de la tesis:<\/strong>\u00a0 La teor\u00eda fotogr\u00e1fica contempor\u00e1nea: hacia una nueva pragm\u00e1tica del campo fotogr\u00e1fico <\/li>\n<li><strong>Autor:<\/strong>\u00a0 Jos\u00e9 Ra\u00fal P\u00e9rez Fern\u00e1ndez <\/li>\n<li><strong>Universidad:<\/strong>\u00a0 Polit\u00e9cnica de Valencia<\/li>\n<li><strong>Fecha de lectura de la tesis:<\/strong>\u00a0 20\/06\/2011<\/li>\n<\/ul>\n<p>&nbsp;<\/p>\n<h3>Direcci\u00f3n y tribunal<\/h3>\n<ul>\n<li><strong>Director de la tesis<\/strong>\n<ul>\n<li>David P\u00e9rez Rodrigo<\/li>\n<\/ul>\n<\/li>\n<li><strong>Tribunal<\/strong>\n<ul>\n<li>Presidente del tribunal: Jos\u00e9 ramon Alcala mellado <\/li>\n<li>alfia Leiva del valle (vocal)<\/li>\n<li>victor del Rio Garc\u00eda (vocal)<\/li>\n<li>Carlos Tejo veloso (vocal)<\/li>\n<\/ul>\n<\/li>\n<\/ul>\n<p>&nbsp;<\/p>\n","protected":false},"excerpt":{"rendered":"<p>Tesis doctoral de Jos\u00e9 Ra\u00fal P\u00e9rez Fern\u00e1ndez La fotograf\u00eda, uno de los medios y pr\u00e1cticas caracter\u00edsticos de la semiosfera contempor\u00e1nea, [&hellip;]<\/p>\n","protected":false},"author":1,"featured_media":0,"comment_status":"open","ping_status":"open","sticky":false,"template":"","format":"standard","meta":{"site-sidebar-layout":"default","site-content-layout":"","ast-site-content-layout":"","site-content-style":"default","site-sidebar-style":"default","ast-global-header-display":"","ast-banner-title-visibility":"","ast-main-header-display":"","ast-hfb-above-header-display":"","ast-hfb-below-header-display":"","ast-hfb-mobile-header-display":"","site-post-title":"","ast-breadcrumbs-content":"","ast-featured-img":"","footer-sml-layout":"","theme-transparent-header-meta":"","adv-header-id-meta":"","stick-header-meta":"","header-above-stick-meta":"","header-main-stick-meta":"","header-below-stick-meta":"","astra-migrate-meta-layouts":"default","ast-page-background-enabled":"default","ast-page-background-meta":{"desktop":{"background-color":"var(--ast-global-color-4)","background-image":"","background-repeat":"repeat","background-position":"center center","background-size":"auto","background-attachment":"scroll","background-type":"","background-media":"","overlay-type":"","overlay-color":"","overlay-gradient":""},"tablet":{"background-color":"","background-image":"","background-repeat":"repeat","background-position":"center center","background-size":"auto","background-attachment":"scroll","background-type":"","background-media":"","overlay-type":"","overlay-color":"","overlay-gradient":""},"mobile":{"background-color":"","background-image":"","background-repeat":"repeat","background-position":"center center","background-size":"auto","background-attachment":"scroll","background-type":"","background-media":"","overlay-type":"","overlay-color":"","overlay-gradient":""}},"ast-content-background-meta":{"desktop":{"background-color":"var(--ast-global-color-5)","background-image":"","background-repeat":"repeat","background-position":"center center","background-size":"auto","background-attachment":"scroll","background-type":"","background-media":"","overlay-type":"","overlay-color":"","overlay-gradient":""},"tablet":{"background-color":"var(--ast-global-color-5)","background-image":"","background-repeat":"repeat","background-position":"center center","background-size":"auto","background-attachment":"scroll","background-type":"","background-media":"","overlay-type":"","overlay-color":"","overlay-gradient":""},"mobile":{"background-color":"var(--ast-global-color-5)","background-image":"","background-repeat":"repeat","background-position":"center center","background-size":"auto","background-attachment":"scroll","background-type":"","background-media":"","overlay-type":"","overlay-color":"","overlay-gradient":""}},"footnotes":""},"categories":[4510,5270,2563,16820,1111],"tags":[75422,124253,130472,148506,218747,133679],"class_list":["post-109322","post","type-post","status-publish","format-standard","hentry","category-estetica-de-las-bellas-artes","category-fotografia","category-historia-del-arte-de-los-siglos-xix-y-xx","category-politecnica-de-valencia","category-teoria-analisis-y-critica-de-las-bellas-artes","tag-alfia-leiva-del-valle","tag-carlos-tejo-veloso","tag-david-perez-rodrigo","tag-jose-ramon-alcala-mellado","tag-jose-raul-perez-fernandez","tag-victor-del-rio-garcia"],"_links":{"self":[{"href":"https:\/\/www.deberes.net\/tesis\/wp-json\/wp\/v2\/posts\/109322","targetHints":{"allow":["GET"]}}],"collection":[{"href":"https:\/\/www.deberes.net\/tesis\/wp-json\/wp\/v2\/posts"}],"about":[{"href":"https:\/\/www.deberes.net\/tesis\/wp-json\/wp\/v2\/types\/post"}],"author":[{"embeddable":true,"href":"https:\/\/www.deberes.net\/tesis\/wp-json\/wp\/v2\/users\/1"}],"replies":[{"embeddable":true,"href":"https:\/\/www.deberes.net\/tesis\/wp-json\/wp\/v2\/comments?post=109322"}],"version-history":[{"count":0,"href":"https:\/\/www.deberes.net\/tesis\/wp-json\/wp\/v2\/posts\/109322\/revisions"}],"wp:attachment":[{"href":"https:\/\/www.deberes.net\/tesis\/wp-json\/wp\/v2\/media?parent=109322"}],"wp:term":[{"taxonomy":"category","embeddable":true,"href":"https:\/\/www.deberes.net\/tesis\/wp-json\/wp\/v2\/categories?post=109322"},{"taxonomy":"post_tag","embeddable":true,"href":"https:\/\/www.deberes.net\/tesis\/wp-json\/wp\/v2\/tags?post=109322"}],"curies":[{"name":"wp","href":"https:\/\/api.w.org\/{rel}","templated":true}]}}