{"id":109366,"date":"2018-03-11T10:34:48","date_gmt":"2018-03-11T10:34:48","guid":{"rendered":"https:\/\/www.deberes.net\/tesis\/sin-categoria\/august-font-i-carreras-1845-1924\/"},"modified":"2018-03-11T10:34:48","modified_gmt":"2018-03-11T10:34:48","slug":"august-font-i-carreras-1845-1924","status":"publish","type":"post","link":"https:\/\/www.deberes.net\/tesis\/barcelona\/august-font-i-carreras-1845-1924\/","title":{"rendered":"August font i carreras (1845-1924)"},"content":{"rendered":"<h2>Tesis doctoral de <strong> Judith Urbano  Lorente <\/strong><\/h2>\n<p>An\u00e1lisis de la vida y obra de august font y carreras (1845-1924), arquitecto de barcelona. Acad\u00e9mico de la real academia de san fernando de Madrid, de la de ciencias y artes y de la de bellas artes de sant jordi de barcelona, profesor de la escuela de arquitectura de barcelona y miembro de la asociaci\u00f3n de arquitectos de catalu\u00f1a. Obras destacadas: en barcelona, fachada y cimborrio de la catedral, palacio de bellas artes, plaza de toros las arenas, iglesia de santa mar\u00eda de montalegre, maison dor\u00e9e, instituto frenop\u00e1tico de les corts, asilo de las hermanitas de los pobres en gracia, iglesia y convento de los franciscanos, fachada iglesia sant just i pastor, sucursales de la caja de ahorros y monte de piedad en gracia, clot, st pere, jaume i y calle hospital, palacio de les heures, casa ponsich, casa gallart, casa marquesa de brusi y traslado patio casa gralla; en zaragoza consolid\u00f3 la c\u00fapula central con grandes problemas estructurales, en tarragona hizo el seminario pontificio y con el\u00edas rogent, el ambicioso proyecto de restauraci\u00f3n de la catedral. En vilafranca del pened\u00e9s hizo la fachada de la iglesia de santa mar\u00eda, la casa via ravent\u00f3s, reforma palacio balt\u00ed\u00a0, centro agr\u00edcola, hospital comarcal y reformas en la iglesia de los trinidad; en tortosa, casa ballester, villa mercedes, reformas en el palacio montagut,en la ermita de la providencia y en la iglesia de san juan.<\/p>\n<p>&nbsp;<\/p>\n<h3>Datos acad\u00e9micos de la tesis doctoral \u00ab<strong>August font i carreras (1845-1924)<\/strong>\u00ab<\/h3>\n<ul>\n<li><strong>T\u00edtulo de la tesis:<\/strong>\u00a0 August font i carreras (1845-1924) <\/li>\n<li><strong>Autor:<\/strong>\u00a0 Judith Urbano  Lorente <\/li>\n<li><strong>Universidad:<\/strong>\u00a0 Barcelona<\/li>\n<li><strong>Fecha de lectura de la tesis:<\/strong>\u00a0 21\/06\/2011<\/li>\n<\/ul>\n<p>&nbsp;<\/p>\n<h3>Direcci\u00f3n y tribunal<\/h3>\n<ul>\n<li><strong>Director de la tesis<\/strong>\n<ul>\n<li>Mar\u00eda  Del Ripoll Freixa Serra<\/li>\n<\/ul>\n<\/li>\n<li><strong>Tribunal<\/strong>\n<ul>\n<li>Presidente del tribunal: M\u00aa teresa Paliza monduate <\/li>\n<li>vicen\u00ed\u00a7 Sarrablo moreno (vocal)<\/li>\n<li>  (vocal)<\/li>\n<li>  (vocal)<\/li>\n<\/ul>\n<\/li>\n<\/ul>\n<p>&nbsp;<\/p>\n","protected":false},"excerpt":{"rendered":"<p>Tesis doctoral de Judith Urbano Lorente An\u00e1lisis de la vida y obra de august font y carreras (1845-1924), arquitecto de [&hellip;]<\/p>\n","protected":false},"author":1,"featured_media":0,"comment_status":"open","ping_status":"open","sticky":false,"template":"","format":"standard","meta":{"site-sidebar-layout":"default","site-content-layout":"","ast-site-content-layout":"","site-content-style":"default","site-sidebar-style":"default","ast-global-header-display":"","ast-banner-title-visibility":"","ast-main-header-display":"","ast-hfb-above-header-display":"","ast-hfb-below-header-display":"","ast-hfb-mobile-header-display":"","site-post-title":"","ast-breadcrumbs-content":"","ast-featured-img":"","footer-sml-layout":"","theme-transparent-header-meta":"","adv-header-id-meta":"","stick-header-meta":"","header-above-stick-meta":"","header-main-stick-meta":"","header-below-stick-meta":"","astra-migrate-meta-layouts":"default","ast-page-background-enabled":"default","ast-page-background-meta":{"desktop":{"background-color":"var(--ast-global-color-4)","background-image":"","background-repeat":"repeat","background-position":"center center","background-size":"auto","background-attachment":"scroll","background-type":"","background-media":"","overlay-type":"","overlay-color":"","overlay-gradient":""},"tablet":{"background-color":"","background-image":"","background-repeat":"repeat","background-position":"center center","background-size":"auto","background-attachment":"scroll","background-type":"","background-media":"","overlay-type":"","overlay-color":"","overlay-gradient":""},"mobile":{"background-color":"","background-image":"","background-repeat":"repeat","background-position":"center center","background-size":"auto","background-attachment":"scroll","background-type":"","background-media":"","overlay-type":"","overlay-color":"","overlay-gradient":""}},"ast-content-background-meta":{"desktop":{"background-color":"var(--ast-global-color-5)","background-image":"","background-repeat":"repeat","background-position":"center center","background-size":"auto","background-attachment":"scroll","background-type":"","background-media":"","overlay-type":"","overlay-color":"","overlay-gradient":""},"tablet":{"background-color":"var(--ast-global-color-5)","background-image":"","background-repeat":"repeat","background-position":"center center","background-size":"auto","background-attachment":"scroll","background-type":"","background-media":"","overlay-type":"","overlay-color":"","overlay-gradient":""},"mobile":{"background-color":"var(--ast-global-color-5)","background-image":"","background-repeat":"repeat","background-position":"center center","background-size":"auto","background-attachment":"scroll","background-type":"","background-media":"","overlay-type":"","overlay-color":"","overlay-gradient":""}},"footnotes":""},"categories":[951,1745,1014],"tags":[218812,94145,136559,82657],"class_list":["post-109366","post","type-post","status-publish","format-standard","hentry","category-barcelona","category-historia-de-la-arquitectura","category-historia-del-arte","tag-judith-urbano-lorente","tag-maria-del-ripoll-freixa-serra","tag-ma-teresa-paliza-monduate","tag-viceni-sarrablo-moreno"],"_links":{"self":[{"href":"https:\/\/www.deberes.net\/tesis\/wp-json\/wp\/v2\/posts\/109366","targetHints":{"allow":["GET"]}}],"collection":[{"href":"https:\/\/www.deberes.net\/tesis\/wp-json\/wp\/v2\/posts"}],"about":[{"href":"https:\/\/www.deberes.net\/tesis\/wp-json\/wp\/v2\/types\/post"}],"author":[{"embeddable":true,"href":"https:\/\/www.deberes.net\/tesis\/wp-json\/wp\/v2\/users\/1"}],"replies":[{"embeddable":true,"href":"https:\/\/www.deberes.net\/tesis\/wp-json\/wp\/v2\/comments?post=109366"}],"version-history":[{"count":0,"href":"https:\/\/www.deberes.net\/tesis\/wp-json\/wp\/v2\/posts\/109366\/revisions"}],"wp:attachment":[{"href":"https:\/\/www.deberes.net\/tesis\/wp-json\/wp\/v2\/media?parent=109366"}],"wp:term":[{"taxonomy":"category","embeddable":true,"href":"https:\/\/www.deberes.net\/tesis\/wp-json\/wp\/v2\/categories?post=109366"},{"taxonomy":"post_tag","embeddable":true,"href":"https:\/\/www.deberes.net\/tesis\/wp-json\/wp\/v2\/tags?post=109366"}],"curies":[{"name":"wp","href":"https:\/\/api.w.org\/{rel}","templated":true}]}}