{"id":109382,"date":"2018-03-11T10:34:48","date_gmt":"2018-03-11T10:34:48","guid":{"rendered":"https:\/\/www.deberes.net\/tesis\/sin-categoria\/conectividad-funcional-en-registros-de-magnetoencefalografa%c2%ada-aplicada-a-demencias\/"},"modified":"2018-03-11T10:34:48","modified_gmt":"2018-03-11T10:34:48","slug":"conectividad-funcional-en-registros-de-magnetoencefalografa%c2%ada-aplicada-a-demencias","status":"publish","type":"post","link":"https:\/\/www.deberes.net\/tesis\/ciencias-medicas\/conectividad-funcional-en-registros-de-magnetoencefalografa%c2%ada-aplicada-a-demencias\/","title":{"rendered":"Conectividad funcional en registros de magnetoencefalograf\u00edaaplicada a demencias"},"content":{"rendered":"<h2>Tesis doctoral de <strong> Ricardo Bajo Breton <\/strong><\/h2>\n<p>La magnetoencefalograf\u00eda es una t\u00e9cnica de neuroimagen para medir campos magn\u00e9ticos extremadamente d\u00e9biles, como los producidos por las corrientes i\u00f3nicas de las neuronas del cerebro. La conectividad funcional, es un concepto del que se empez\u00f3 a habl ar en la d\u00e9cada de los 90 (friston, 1994), para describir como se coordinan las distintas regiones cerebrales con el fin de ejecutar una tarea cognitiva. La conectividad funcional refleja la dependencia estad\u00edstica entre dos se\u00f1ales fisiol\u00f3gicas, pro porcionando informaci\u00f3n sobre la interacci\u00f3n funcional entre las correspondientes regiones del cerebro. En cuanto a la enfermedad de alzheimer, hoy en d\u00eda existe una creciente demanda de herramientas de diagn\u00f3stico precoz de la misma, con la vista pu esta en posibles terapias preventivas, que es posiblemente el \u00fanico y m\u00e1s efectivo camino para su tratamiento. con el desarrollo de esta tesis nos hemos propuesto una aportaci\u00f3n al an\u00e1lisis y cuantificaci\u00f3n de la conectividad funcional y su aplicaci\u00f3 n a los problemas del deterioro cognitivo y la demencia senil.  para lograrlo, ha sido necesario una doble visi\u00f3n del problema a tratar, el punto de vista cl\u00ednico,, y el punto de vista f\u00edsico-matem\u00e1tico. Esta combinaci\u00f3n de disciplinas creemos ser\u00e1 e sencial para cualquier investigaci\u00f3n futura, y sobre todo en un campo como la neurociencia, ya que para comprender el funcionamiento del cerebro, ser\u00e1n necesarias con toda probabilidad, aportaciones de muchas de las \u00c2\u00bfciencias\u00c2\u00bf que el propio cerebro e s capaz de dominar. el desarrollo de la  tesis se apoya en 3 art\u00edculos y una \u00c2\u00bfbrief communication\u00c2\u00bf (sancho et al., 2007, bajo et al., 2010, bajo et al., 2011a y bajo et al., 2011b), y en todos ellos, salvo en el primero que es una descripci\u00f3n de la t \u00e9cnica de magnetoencefalograf\u00eda (meg), subyacen las 3 ideas esenciales mencionadas: meg, conectividad funcional y ayuda al diagn\u00f3stico precoz de la enfermedad de alzheimer.<\/p>\n<p>&nbsp;<\/p>\n<h3>Datos acad\u00e9micos de la tesis doctoral \u00ab<strong>Conectividad funcional en registros de magnetoencefalograf\u00edaaplicada a demencias<\/strong>\u00ab<\/h3>\n<ul>\n<li><strong>T\u00edtulo de la tesis:<\/strong>\u00a0 Conectividad funcional en registros de magnetoencefalograf\u00edaaplicada a demencias <\/li>\n<li><strong>Autor:<\/strong>\u00a0 Ricardo Bajo Breton <\/li>\n<li><strong>Universidad:<\/strong>\u00a0 Complutense de Madrid<\/li>\n<li><strong>Fecha de lectura de la tesis:<\/strong>\u00a0 22\/06\/2011<\/li>\n<\/ul>\n<p>&nbsp;<\/p>\n<h3>Direcci\u00f3n y tribunal<\/h3>\n<ul>\n<li><strong>Director de la tesis<\/strong>\n<ul>\n<li>Alberto Fern\u00e1ndez Lucas<\/li>\n<\/ul>\n<\/li>\n<li><strong>Tribunal<\/strong>\n<ul>\n<li>Presidente del tribunal: Francisco Sanchez quesada <\/li>\n<li>Javier Mart\u00edn buldu (vocal)<\/li>\n<li>Fernando Diaz fernandez (vocal)<\/li>\n<li>nazaret Perales castellanos (vocal)<\/li>\n<\/ul>\n<\/li>\n<\/ul>\n<p>&nbsp;<\/p>\n","protected":false},"excerpt":{"rendered":"<p>Tesis doctoral de Ricardo Bajo Breton La magnetoencefalograf\u00eda es una t\u00e9cnica de neuroimagen para medir campos magn\u00e9ticos extremadamente d\u00e9biles, como [&hellip;]<\/p>\n","protected":false},"author":1,"featured_media":0,"comment_status":"open","ping_status":"open","sticky":false,"template":"","format":"standard","meta":{"site-sidebar-layout":"default","site-content-layout":"","ast-site-content-layout":"","site-content-style":"default","site-sidebar-style":"default","ast-global-header-display":"","ast-banner-title-visibility":"","ast-main-header-display":"","ast-hfb-above-header-display":"","ast-hfb-below-header-display":"","ast-hfb-mobile-header-display":"","site-post-title":"","ast-breadcrumbs-content":"","ast-featured-img":"","footer-sml-layout":"","theme-transparent-header-meta":"","adv-header-id-meta":"","stick-header-meta":"","header-above-stick-meta":"","header-main-stick-meta":"","header-below-stick-meta":"","astra-migrate-meta-layouts":"default","ast-page-background-enabled":"default","ast-page-background-meta":{"desktop":{"background-color":"var(--ast-global-color-4)","background-image":"","background-repeat":"repeat","background-position":"center center","background-size":"auto","background-attachment":"scroll","background-type":"","background-media":"","overlay-type":"","overlay-color":"","overlay-gradient":""},"tablet":{"background-color":"","background-image":"","background-repeat":"repeat","background-position":"center center","background-size":"auto","background-attachment":"scroll","background-type":"","background-media":"","overlay-type":"","overlay-color":"","overlay-gradient":""},"mobile":{"background-color":"","background-image":"","background-repeat":"repeat","background-position":"center center","background-size":"auto","background-attachment":"scroll","background-type":"","background-media":"","overlay-type":"","overlay-color":"","overlay-gradient":""}},"ast-content-background-meta":{"desktop":{"background-color":"var(--ast-global-color-5)","background-image":"","background-repeat":"repeat","background-position":"center center","background-size":"auto","background-attachment":"scroll","background-type":"","background-media":"","overlay-type":"","overlay-color":"","overlay-gradient":""},"tablet":{"background-color":"var(--ast-global-color-5)","background-image":"","background-repeat":"repeat","background-position":"center center","background-size":"auto","background-attachment":"scroll","background-type":"","background-media":"","overlay-type":"","overlay-color":"","overlay-gradient":""},"mobile":{"background-color":"var(--ast-global-color-5)","background-image":"","background-repeat":"repeat","background-position":"center center","background-size":"auto","background-attachment":"scroll","background-type":"","background-media":"","overlay-type":"","overlay-color":"","overlay-gradient":""}},"footnotes":""},"categories":[9,986],"tags":[5775,5779,4903,71161,203777,218831],"class_list":["post-109382","post","type-post","status-publish","format-standard","hentry","category-ciencias-medicas","category-complutense-de-madrid","tag-alberto-fernandez-lucas","tag-fernando-diaz-fernandez","tag-francisco-sanchez-quesada","tag-javier-martin-buldu","tag-nazaret-perales-castellanos","tag-ricardo-bajo-breton"],"_links":{"self":[{"href":"https:\/\/www.deberes.net\/tesis\/wp-json\/wp\/v2\/posts\/109382","targetHints":{"allow":["GET"]}}],"collection":[{"href":"https:\/\/www.deberes.net\/tesis\/wp-json\/wp\/v2\/posts"}],"about":[{"href":"https:\/\/www.deberes.net\/tesis\/wp-json\/wp\/v2\/types\/post"}],"author":[{"embeddable":true,"href":"https:\/\/www.deberes.net\/tesis\/wp-json\/wp\/v2\/users\/1"}],"replies":[{"embeddable":true,"href":"https:\/\/www.deberes.net\/tesis\/wp-json\/wp\/v2\/comments?post=109382"}],"version-history":[{"count":0,"href":"https:\/\/www.deberes.net\/tesis\/wp-json\/wp\/v2\/posts\/109382\/revisions"}],"wp:attachment":[{"href":"https:\/\/www.deberes.net\/tesis\/wp-json\/wp\/v2\/media?parent=109382"}],"wp:term":[{"taxonomy":"category","embeddable":true,"href":"https:\/\/www.deberes.net\/tesis\/wp-json\/wp\/v2\/categories?post=109382"},{"taxonomy":"post_tag","embeddable":true,"href":"https:\/\/www.deberes.net\/tesis\/wp-json\/wp\/v2\/tags?post=109382"}],"curies":[{"name":"wp","href":"https:\/\/api.w.org\/{rel}","templated":true}]}}