{"id":109400,"date":"2018-03-11T10:34:48","date_gmt":"2018-03-11T10:34:48","guid":{"rendered":"https:\/\/www.deberes.net\/tesis\/sin-categoria\/los-cuidadores-informales-de-los-enfermos-de-alzheimer-procesos-claves-y-alternativas-un-estudio-en-la-ciudad-de-la-coruna\/"},"modified":"2018-03-11T10:34:48","modified_gmt":"2018-03-11T10:34:48","slug":"los-cuidadores-informales-de-los-enfermos-de-alzheimer-procesos-claves-y-alternativas-un-estudio-en-la-ciudad-de-la-coruna","status":"publish","type":"post","link":"https:\/\/www.deberes.net\/tesis\/familia-y-parentesco\/los-cuidadores-informales-de-los-enfermos-de-alzheimer-procesos-claves-y-alternativas-un-estudio-en-la-ciudad-de-la-coruna\/","title":{"rendered":"Los cuidadores informales de los enfermos de alzheimer. procesos, claves y alternativas. (un estudio en la ciudad de la coru\u00f1a)"},"content":{"rendered":"<h2>Tesis doctoral de <strong> Mar\u00eda Victoria Mart\u00ednez V\u00e9rez <\/strong><\/h2>\n<p>1.\tCap\u00edtulo i: aspectos introductorias. En el que se analizan en envejecimiento y las teor\u00edas sociales relacionadas con el mismo; la dependencia, as\u00ed como el marco legal y competencial de la misma; y las repercusiones sociales del alzheimer.  2.\tCap\u00edtulo ii: el cuidado informal. En el que se estudian los conceptos de cuidado, los sistemas formal y informal, as\u00ed como, la relaci\u00f3n entre los mismos, la aplicaci\u00f3n de la teor\u00eda sociol\u00f3gica al cuidado informal, el perfil del cuidador y las repercusiones derivadas del cuidado.   3.\tCap\u00edtulo iii: metodolog\u00eda. En este cap\u00edtulo se explican los procedimientos y las t\u00e9cnicas empleados en la presente investigaci\u00f3n para obtener daos primarios, teniendo en cuenta que, tal y como se\u00f1alan hern\u00e1ndez-sampieri; fern\u00e1ndez-collado y baptista (1996:298), la metodolog\u00eda  es: \u00abuna especie de br\u00fajula en la que no se produce autom\u00e1ticamente el saber, pero que evita perdernos en el caos aparente de los fen\u00f3menos, aunque solo sea porque nos indica como no plantear los problemas y como no sucumbir en el embrujo de nuestros prejuicios predilectos.\u00bb 4.\tCap\u00edtulo iv: an\u00e1lisis de los resultados. En el cap\u00edtulo iv, se analizaron los datos obtenidos con la finalidad de identificar los elementos que constituyen la realidad observada, describir las relaciones entre ellos y sintetizar el conocimiento resultante.  5.\tCap\u00edtulo v: discusi\u00f3n de los resultados. El objeto de la discusi\u00f3n de los resultados, es compararlos con los obtenidos por otros investigadores, en el marco de otros estudios, para observar similitudes y diferencias entre ellos. 6.\tCap\u00edtulo vi: conclusiones. En el cap\u00edtulo vi se describen las conclusiones obtenidas en la presente tesis doctoral. 7.\tCap\u00edtulo vii: bibliograf\u00eda. En este apartado se plasman la totalidad de los libros y art\u00edculos referenciados en la investigaci\u00f3n.<\/p>\n<p>&nbsp;<\/p>\n<h3>Datos acad\u00e9micos de la tesis doctoral \u00ab<strong>Los cuidadores informales de los enfermos de alzheimer. procesos, claves y alternativas. (un estudio en la ciudad de la coru\u00f1a)<\/strong>\u00ab<\/h3>\n<ul>\n<li><strong>T\u00edtulo de la tesis:<\/strong>\u00a0 Los cuidadores informales de los enfermos de alzheimer. procesos, claves y alternativas. (un estudio en la ciudad de la coru\u00f1a) <\/li>\n<li><strong>Autor:<\/strong>\u00a0 Mar\u00eda Victoria Mart\u00ednez V\u00e9rez <\/li>\n<li><strong>Universidad:<\/strong>\u00a0 A coru\u00f1a<\/li>\n<li><strong>Fecha de lectura de la tesis:<\/strong>\u00a0 22\/06\/2011<\/li>\n<\/ul>\n<p>&nbsp;<\/p>\n<h3>Direcci\u00f3n y tribunal<\/h3>\n<ul>\n<li><strong>Director de la tesis<\/strong>\n<ul>\n<li>Jose Leira Lopez<\/li>\n<\/ul>\n<\/li>\n<li><strong>Tribunal<\/strong>\n<ul>\n<li>Presidente del tribunal: Mar\u00eda  teresa Bazo royo <\/li>\n<li>Jos\u00e9 Carlos Mill\u00e1n calenti (vocal)<\/li>\n<li>lourdes P\u00e9rez ortiz (vocal)<\/li>\n<li>benjam\u00edn Garc\u00eda  sanz (vocal)<\/li>\n<\/ul>\n<\/li>\n<\/ul>\n<p>&nbsp;<\/p>\n","protected":false},"excerpt":{"rendered":"<p>Tesis doctoral de Mar\u00eda Victoria Mart\u00ednez V\u00e9rez 1. Cap\u00edtulo i: aspectos introductorias. En el que se analizan en envejecimiento y [&hellip;]<\/p>\n","protected":false},"author":1,"featured_media":0,"comment_status":"open","ping_status":"open","sticky":false,"template":"","format":"standard","meta":{"site-sidebar-layout":"default","site-content-layout":"","ast-site-content-layout":"","site-content-style":"default","site-sidebar-style":"default","ast-global-header-display":"","ast-banner-title-visibility":"","ast-main-header-display":"","ast-hfb-above-header-display":"","ast-hfb-below-header-display":"","ast-hfb-mobile-header-display":"","site-post-title":"","ast-breadcrumbs-content":"","ast-featured-img":"","footer-sml-layout":"","theme-transparent-header-meta":"","adv-header-id-meta":"","stick-header-meta":"","header-above-stick-meta":"","header-main-stick-meta":"","header-below-stick-meta":"","astra-migrate-meta-layouts":"default","ast-page-background-enabled":"default","ast-page-background-meta":{"desktop":{"background-color":"var(--ast-global-color-4)","background-image":"","background-repeat":"repeat","background-position":"center center","background-size":"auto","background-attachment":"scroll","background-type":"","background-media":"","overlay-type":"","overlay-color":"","overlay-gradient":""},"tablet":{"background-color":"","background-image":"","background-repeat":"repeat","background-position":"center center","background-size":"auto","background-attachment":"scroll","background-type":"","background-media":"","overlay-type":"","overlay-color":"","overlay-gradient":""},"mobile":{"background-color":"","background-image":"","background-repeat":"repeat","background-position":"center center","background-size":"auto","background-attachment":"scroll","background-type":"","background-media":"","overlay-type":"","overlay-color":"","overlay-gradient":""}},"ast-content-background-meta":{"desktop":{"background-color":"var(--ast-global-color-5)","background-image":"","background-repeat":"repeat","background-position":"center center","background-size":"auto","background-attachment":"scroll","background-type":"","background-media":"","overlay-type":"","overlay-color":"","overlay-gradient":""},"tablet":{"background-color":"var(--ast-global-color-5)","background-image":"","background-repeat":"repeat","background-position":"center center","background-size":"auto","background-attachment":"scroll","background-type":"","background-media":"","overlay-type":"","overlay-color":"","overlay-gradient":""},"mobile":{"background-color":"var(--ast-global-color-5)","background-image":"","background-repeat":"repeat","background-position":"center center","background-size":"auto","background-attachment":"scroll","background-type":"","background-media":"","overlay-type":"","overlay-color":"","overlay-gradient":""}},"footnotes":""},"categories":[18576,290],"tags":[24580,39160,139580,191566,48698,218858],"class_list":["post-109400","post","type-post","status-publish","format-standard","hentry","category-a-coruna","category-familia-y-parentesco","tag-benjamin-garcia-sanz","tag-jose-carlos-millan-calenti","tag-jose-leira-lopez","tag-lourdes-perez-ortiz","tag-maria-teresa-bazo-royo","tag-maria-victoria-Martinez-verez"],"_links":{"self":[{"href":"https:\/\/www.deberes.net\/tesis\/wp-json\/wp\/v2\/posts\/109400","targetHints":{"allow":["GET"]}}],"collection":[{"href":"https:\/\/www.deberes.net\/tesis\/wp-json\/wp\/v2\/posts"}],"about":[{"href":"https:\/\/www.deberes.net\/tesis\/wp-json\/wp\/v2\/types\/post"}],"author":[{"embeddable":true,"href":"https:\/\/www.deberes.net\/tesis\/wp-json\/wp\/v2\/users\/1"}],"replies":[{"embeddable":true,"href":"https:\/\/www.deberes.net\/tesis\/wp-json\/wp\/v2\/comments?post=109400"}],"version-history":[{"count":0,"href":"https:\/\/www.deberes.net\/tesis\/wp-json\/wp\/v2\/posts\/109400\/revisions"}],"wp:attachment":[{"href":"https:\/\/www.deberes.net\/tesis\/wp-json\/wp\/v2\/media?parent=109400"}],"wp:term":[{"taxonomy":"category","embeddable":true,"href":"https:\/\/www.deberes.net\/tesis\/wp-json\/wp\/v2\/categories?post=109400"},{"taxonomy":"post_tag","embeddable":true,"href":"https:\/\/www.deberes.net\/tesis\/wp-json\/wp\/v2\/tags?post=109400"}],"curies":[{"name":"wp","href":"https:\/\/api.w.org\/{rel}","templated":true}]}}