{"id":109419,"date":"2018-03-11T10:34:48","date_gmt":"2018-03-11T10:34:48","guid":{"rendered":"https:\/\/www.deberes.net\/tesis\/sin-categoria\/humanismo-y-reforma-la-contribucion-de-felipe-melanchthon\/"},"modified":"2018-03-11T10:34:48","modified_gmt":"2018-03-11T10:34:48","slug":"humanismo-y-reforma-la-contribucion-de-felipe-melanchthon","status":"publish","type":"post","link":"https:\/\/www.deberes.net\/tesis\/filosofia-moderna\/humanismo-y-reforma-la-contribucion-de-felipe-melanchthon\/","title":{"rendered":"Humanismo y reforma. la contribucion de felipe melanchthon"},"content":{"rendered":"<h2>Tesis doctoral de <strong> Mar\u00eda  Del Pilar Pena Bua <\/strong><\/h2>\n<p>El trabajo se centra en investigar la alianza entre humanismo y reforma, apoy\u00e1ndonos para ello en la figura de felipe melanchthon. B\u00e1sicamente lo que intentamos mostrar es que el humanismo no es un mero recurso, epis\u00f3dico y circunstancial, en el pensamiento reformador sino un componente intelectual que tiene plena cabida en los postulados reformadores. \t\tafirmar que esta vinculaci\u00f3n acontece en el pensamiento melanchthoniano supone, al mismo tiempo, afirmar la alianza entre humanismo y reforma. Porque melanchthon es, junto con lutero, padre de la iglesia protestante. \t\ten nuestro intento abordaremos los intereses filos\u00f3ficos y teol\u00f3gicos del humanismo para, posteriormente, comprobar si se reflejan en el pensamiento protestante de melanchthon.<\/p>\n<p>&nbsp;<\/p>\n<h3>Datos acad\u00e9micos de la tesis doctoral \u00ab<strong>Humanismo y reforma. la contribucion de felipe melanchthon<\/strong>\u00ab<\/h3>\n<ul>\n<li><strong>T\u00edtulo de la tesis:<\/strong>\u00a0 Humanismo y reforma. la contribucion de felipe melanchthon <\/li>\n<li><strong>Autor:<\/strong>\u00a0 Mar\u00eda  Del Pilar Pena Bua <\/li>\n<li><strong>Universidad:<\/strong>\u00a0 Nacional de educaci\u00f3n a distancia<\/li>\n<li><strong>Fecha de lectura de la tesis:<\/strong>\u00a0 22\/06\/2011<\/li>\n<\/ul>\n<p>&nbsp;<\/p>\n<h3>Direcci\u00f3n y tribunal<\/h3>\n<ul>\n<li><strong>Director de la tesis<\/strong>\n<ul>\n<li>Manuel Fraij\u00f3 Nieto<\/li>\n<\/ul>\n<\/li>\n<li><strong>Tribunal<\/strong>\n<ul>\n<li>Presidente del tribunal: Antonio Valdecantos alcaide <\/li>\n<li>Mar\u00eda  concepcion Roldan panadero (vocal)<\/li>\n<li>roberto Rodriguez aramayo (vocal)<\/li>\n<li>Francisco Jos\u00e9 Mart\u00ednez mart\u00ednez (vocal)<\/li>\n<\/ul>\n<\/li>\n<\/ul>\n<p>&nbsp;<\/p>\n","protected":false},"excerpt":{"rendered":"<p>Tesis doctoral de Mar\u00eda Del Pilar Pena Bua El trabajo se centra en investigar la alianza entre humanismo y reforma, [&hellip;]<\/p>\n","protected":false},"author":1,"featured_media":0,"comment_status":"open","ping_status":"open","sticky":false,"template":"","format":"standard","meta":{"site-sidebar-layout":"default","site-content-layout":"","ast-site-content-layout":"","site-content-style":"default","site-sidebar-style":"default","ast-global-header-display":"","ast-banner-title-visibility":"","ast-main-header-display":"","ast-hfb-above-header-display":"","ast-hfb-below-header-display":"","ast-hfb-mobile-header-display":"","site-post-title":"","ast-breadcrumbs-content":"","ast-featured-img":"","footer-sml-layout":"","theme-transparent-header-meta":"","adv-header-id-meta":"","stick-header-meta":"","header-above-stick-meta":"","header-main-stick-meta":"","header-below-stick-meta":"","astra-migrate-meta-layouts":"default","ast-page-background-enabled":"default","ast-page-background-meta":{"desktop":{"background-color":"var(--ast-global-color-4)","background-image":"","background-repeat":"repeat","background-position":"center center","background-size":"auto","background-attachment":"scroll","background-type":"","background-media":"","overlay-type":"","overlay-color":"","overlay-gradient":""},"tablet":{"background-color":"","background-image":"","background-repeat":"repeat","background-position":"center center","background-size":"auto","background-attachment":"scroll","background-type":"","background-media":"","overlay-type":"","overlay-color":"","overlay-gradient":""},"mobile":{"background-color":"","background-image":"","background-repeat":"repeat","background-position":"center center","background-size":"auto","background-attachment":"scroll","background-type":"","background-media":"","overlay-type":"","overlay-color":"","overlay-gradient":""}},"ast-content-background-meta":{"desktop":{"background-color":"var(--ast-global-color-5)","background-image":"","background-repeat":"repeat","background-position":"center center","background-size":"auto","background-attachment":"scroll","background-type":"","background-media":"","overlay-type":"","overlay-color":"","overlay-gradient":""},"tablet":{"background-color":"var(--ast-global-color-5)","background-image":"","background-repeat":"repeat","background-position":"center center","background-size":"auto","background-attachment":"scroll","background-type":"","background-media":"","overlay-type":"","overlay-color":"","overlay-gradient":""},"mobile":{"background-color":"var(--ast-global-color-5)","background-image":"","background-repeat":"repeat","background-position":"center center","background-size":"auto","background-attachment":"scroll","background-type":"","background-media":"","overlay-type":"","overlay-color":"","overlay-gradient":""}},"footnotes":""},"categories":[1058,17070],"tags":[30237,143439,31404,140971,218889,1065],"class_list":["post-109419","post","type-post","status-publish","format-standard","hentry","category-filosofia-moderna","category-nacional-de-educacion-a-distancia","tag-antonio-valdecantos-alcaide","tag-francisco-jose-Martinez-Martinez","tag-manuel-fraijo-nieto","tag-maria-concepcion-roldan-panadero","tag-maria-del-pilar-pena-bua","tag-roberto-rodriguez-aramayo"],"_links":{"self":[{"href":"https:\/\/www.deberes.net\/tesis\/wp-json\/wp\/v2\/posts\/109419","targetHints":{"allow":["GET"]}}],"collection":[{"href":"https:\/\/www.deberes.net\/tesis\/wp-json\/wp\/v2\/posts"}],"about":[{"href":"https:\/\/www.deberes.net\/tesis\/wp-json\/wp\/v2\/types\/post"}],"author":[{"embeddable":true,"href":"https:\/\/www.deberes.net\/tesis\/wp-json\/wp\/v2\/users\/1"}],"replies":[{"embeddable":true,"href":"https:\/\/www.deberes.net\/tesis\/wp-json\/wp\/v2\/comments?post=109419"}],"version-history":[{"count":0,"href":"https:\/\/www.deberes.net\/tesis\/wp-json\/wp\/v2\/posts\/109419\/revisions"}],"wp:attachment":[{"href":"https:\/\/www.deberes.net\/tesis\/wp-json\/wp\/v2\/media?parent=109419"}],"wp:term":[{"taxonomy":"category","embeddable":true,"href":"https:\/\/www.deberes.net\/tesis\/wp-json\/wp\/v2\/categories?post=109419"},{"taxonomy":"post_tag","embeddable":true,"href":"https:\/\/www.deberes.net\/tesis\/wp-json\/wp\/v2\/tags?post=109419"}],"curies":[{"name":"wp","href":"https:\/\/api.w.org\/{rel}","templated":true}]}}