{"id":109502,"date":"2018-03-11T10:34:59","date_gmt":"2018-03-11T10:34:59","guid":{"rendered":"https:\/\/www.deberes.net\/tesis\/sin-categoria\/el-lenguaje-en-la-pola%c2%adtica-vasca-tres-corrientes-tres-lenguajes-1996-2004\/"},"modified":"2018-03-11T10:34:59","modified_gmt":"2018-03-11T10:34:59","slug":"el-lenguaje-en-la-pola%c2%adtica-vasca-tres-corrientes-tres-lenguajes-1996-2004","status":"publish","type":"post","link":"https:\/\/www.deberes.net\/tesis\/historia-contemporanea\/el-lenguaje-en-la-pola%c2%adtica-vasca-tres-corrientes-tres-lenguajes-1996-2004\/","title":{"rendered":"El lenguaje en la pol\u00edtica vasca: tres corrientes, tres lenguajes (1996-2004)"},"content":{"rendered":"<h2>Tesis doctoral de <strong> Regina Martinez Idarreta <\/strong><\/h2>\n<p>La tesis busca comprobar si existe una correlaci\u00f3n entre el lenguaje empleado en los editoriales de los cuatro peri\u00f3dicos de referencia en el pa\u00eds vasco y los acontecimientos pol\u00edticos, a lo largo del periodo de tiempo que va entre 1996 y 2004. El punto de partida de la investigaci\u00f3n es una identificaci\u00f3n entre las tres grandes corrientes ideol\u00f3gicas vascas la nacionalista radical, la nacionalista moderada y la no  nacionalista- y los cuatro peri\u00f3dicos m\u00e1s importantes del pa\u00eds vasco: egin-gara &#8211; teniendo en cuenta el marco cronol\u00f3gico elegido, ha sido inevitable realizar el an\u00e1lisis de la corriente nacionalista radical a trav\u00e9s de dos peri\u00f3dicos diferentes, egin y gara. Recordemos que el primero fue clausurado por el juez garz\u00f3n en julio de 1998, en el marco de una investigaci\u00f3n sobre su supuesta implicaci\u00f3n con eta- deia y el correo no se ha utilizado el diario vasco, peri\u00f3dico de referencia en guip\u00fazcoa, ya que ambos pertenecen al mismo grupo comunicativo y comparten, en general, la l\u00ednea editorial-. El m\u00e9todo elegido para la realizaci\u00f3n del trabajo de investigaci\u00f3n ha sido una combinaci\u00f3n del an\u00e1lisis cuantitativo y el cualitativo, a trav\u00e9s de un estudio lexicogr\u00e1fico de los editoriales sobre pol\u00edtica vasca de los cuatro peri\u00f3dicos. La estad\u00edstica cumple un importante papel en la tesis, ya que los resultados del an\u00e1lisis se muestran gr\u00e1ficamente en tablas y gr\u00e1ficos que demuestran la evoluci\u00f3n del lenguaje empleado por cada uno de los peri\u00f3dicos para referirse a los diferentes temas que engloba la pol\u00edtica vasca: desde el nosotros hasta eta, pasando por los presos, los otros, o la violencia, entre otros.<\/p>\n<p>&nbsp;<\/p>\n<h3>Datos acad\u00e9micos de la tesis doctoral \u00ab<strong>El lenguaje en la pol\u00edtica vasca: tres corrientes, tres lenguajes (1996-2004)<\/strong>\u00ab<\/h3>\n<ul>\n<li><strong>T\u00edtulo de la tesis:<\/strong>\u00a0 El lenguaje en la pol\u00edtica vasca: tres corrientes, tres lenguajes (1996-2004) <\/li>\n<li><strong>Autor:<\/strong>\u00a0 Regina Martinez Idarreta <\/li>\n<li><strong>Universidad:<\/strong>\u00a0 Pa\u00eds vasco\/euskal herriko unibertsitatea<\/li>\n<li><strong>Fecha de lectura de la tesis:<\/strong>\u00a0 24\/06\/2011<\/li>\n<\/ul>\n<p>&nbsp;<\/p>\n<h3>Direcci\u00f3n y tribunal<\/h3>\n<ul>\n<li><strong>Director de la tesis<\/strong>\n<ul>\n<li>Juan  Francisco Fuentes Aragones<\/li>\n<\/ul>\n<\/li>\n<li><strong>Tribunal<\/strong>\n<ul>\n<li>Presidente del tribunal: Andr\u00e9s de Blas guerrero <\/li>\n<li>Juan  pablo Fusi aizpurua (vocal)<\/li>\n<li>Jos\u00e9 Varela ortega (vocal)<\/li>\n<li>Jos\u00e9 Luis De la granja sainz (vocal)<\/li>\n<\/ul>\n<\/li>\n<\/ul>\n<p>&nbsp;<\/p>\n","protected":false},"excerpt":{"rendered":"<p>Tesis doctoral de Regina Martinez Idarreta La tesis busca comprobar si existe una correlaci\u00f3n entre el lenguaje empleado en los [&hellip;]<\/p>\n","protected":false},"author":1,"featured_media":0,"comment_status":"open","ping_status":"open","sticky":false,"template":"","format":"standard","meta":{"site-sidebar-layout":"default","site-content-layout":"","ast-site-content-layout":"","site-content-style":"default","site-sidebar-style":"default","ast-global-header-display":"","ast-banner-title-visibility":"","ast-main-header-display":"","ast-hfb-above-header-display":"","ast-hfb-below-header-display":"","ast-hfb-mobile-header-display":"","site-post-title":"","ast-breadcrumbs-content":"","ast-featured-img":"","footer-sml-layout":"","theme-transparent-header-meta":"","adv-header-id-meta":"","stick-header-meta":"","header-above-stick-meta":"","header-main-stick-meta":"","header-below-stick-meta":"","astra-migrate-meta-layouts":"default","ast-page-background-enabled":"default","ast-page-background-meta":{"desktop":{"background-color":"var(--ast-global-color-4)","background-image":"","background-repeat":"repeat","background-position":"center center","background-size":"auto","background-attachment":"scroll","background-type":"","background-media":"","overlay-type":"","overlay-color":"","overlay-gradient":""},"tablet":{"background-color":"","background-image":"","background-repeat":"repeat","background-position":"center center","background-size":"auto","background-attachment":"scroll","background-type":"","background-media":"","overlay-type":"","overlay-color":"","overlay-gradient":""},"mobile":{"background-color":"","background-image":"","background-repeat":"repeat","background-position":"center center","background-size":"auto","background-attachment":"scroll","background-type":"","background-media":"","overlay-type":"","overlay-color":"","overlay-gradient":""}},"ast-content-background-meta":{"desktop":{"background-color":"var(--ast-global-color-5)","background-image":"","background-repeat":"repeat","background-position":"center center","background-size":"auto","background-attachment":"scroll","background-type":"","background-media":"","overlay-type":"","overlay-color":"","overlay-gradient":""},"tablet":{"background-color":"var(--ast-global-color-5)","background-image":"","background-repeat":"repeat","background-position":"center center","background-size":"auto","background-attachment":"scroll","background-type":"","background-media":"","overlay-type":"","overlay-color":"","overlay-gradient":""},"mobile":{"background-color":"var(--ast-global-color-5)","background-image":"","background-repeat":"repeat","background-position":"center center","background-size":"auto","background-attachment":"scroll","background-type":"","background-media":"","overlay-type":"","overlay-color":"","overlay-gradient":""}},"footnotes":""},"categories":[1816,5812,12909],"tags":[126266,28509,28444,49188,6662,219009],"class_list":["post-109502","post","type-post","status-publish","format-standard","hentry","category-historia-contemporanea","category-historia-del-periodismo","category-pais-vasco-euskal-herriko-unibertsitatea","tag-andres-de-blas-guerrero","tag-jose-luis-de-la-granja-sainz","tag-jose-varela-ortega","tag-juan-francisco-fuentes-aragones","tag-juan-pablo-fusi-aizpurua","tag-regina-Martinez-idarreta"],"_links":{"self":[{"href":"https:\/\/www.deberes.net\/tesis\/wp-json\/wp\/v2\/posts\/109502","targetHints":{"allow":["GET"]}}],"collection":[{"href":"https:\/\/www.deberes.net\/tesis\/wp-json\/wp\/v2\/posts"}],"about":[{"href":"https:\/\/www.deberes.net\/tesis\/wp-json\/wp\/v2\/types\/post"}],"author":[{"embeddable":true,"href":"https:\/\/www.deberes.net\/tesis\/wp-json\/wp\/v2\/users\/1"}],"replies":[{"embeddable":true,"href":"https:\/\/www.deberes.net\/tesis\/wp-json\/wp\/v2\/comments?post=109502"}],"version-history":[{"count":0,"href":"https:\/\/www.deberes.net\/tesis\/wp-json\/wp\/v2\/posts\/109502\/revisions"}],"wp:attachment":[{"href":"https:\/\/www.deberes.net\/tesis\/wp-json\/wp\/v2\/media?parent=109502"}],"wp:term":[{"taxonomy":"category","embeddable":true,"href":"https:\/\/www.deberes.net\/tesis\/wp-json\/wp\/v2\/categories?post=109502"},{"taxonomy":"post_tag","embeddable":true,"href":"https:\/\/www.deberes.net\/tesis\/wp-json\/wp\/v2\/tags?post=109502"}],"curies":[{"name":"wp","href":"https:\/\/api.w.org\/{rel}","templated":true}]}}