{"id":109519,"date":"2018-03-11T10:34:59","date_gmt":"2018-03-11T10:34:59","guid":{"rendered":"https:\/\/www.deberes.net\/tesis\/sin-categoria\/perspectivas-comparatistas-y-representacion-de-la-realidad-en-la-obra-de-benito-perez-galdos-y-de-yahya-haqqi-nazara%c2%adn-y-al-bustayi-el-cartero-como-prototipos\/"},"modified":"2018-03-11T10:34:59","modified_gmt":"2018-03-11T10:34:59","slug":"perspectivas-comparatistas-y-representacion-de-la-realidad-en-la-obra-de-benito-perez-galdos-y-de-yahya-haqqi-nazara%c2%adn-y-al-bustayi-el-cartero-como-prototipos","status":"publish","type":"post","link":"https:\/\/www.deberes.net\/tesis\/lengua-y-literatura\/perspectivas-comparatistas-y-representacion-de-la-realidad-en-la-obra-de-benito-perez-galdos-y-de-yahya-haqqi-nazara%c2%adn-y-al-bustayi-el-cartero-como-prototipos\/","title":{"rendered":"\u00abperspectivas comparatistas y representaci\u00f3n de la realidad en la obra de benito p\u00e9rez gald\u00f3s y de yahya haqqi: nazar\u00edn y al-bustayi (el cartero) como prototipos\u00bb"},"content":{"rendered":"<h2>Tesis doctoral de <strong> Adel Mohamed Mohamed Nasr <\/strong><\/h2>\n<p>El n\u00facleo central de esta tesis doctoral es la literatura comparada entre teor\u00eda y praxis. Esta dicotom\u00eda constituyente de la disciplina ha sido abordada por varios estudiosos e investigadores, pero lo que caracteriza este trabajo es su empe\u00f1o por ofrecer una visi\u00f3n panor\u00e1mica de la literatura comparada, tanto en occidente como en oriente. El investigador aborda comparat\u00edsticamente el tema de la representaci\u00f3n de la realidad en la obra literaria de benito p\u00e9rez gald\u00f3s y de ya\u00c2\u00bfy\u00ed\u00a0 \u00c2\u00bfaqq\u00c2\u00bf. Por ello, esta tesis doctoral est\u00e1 dividida en tres secciones. Cada una de \u00e9stas est\u00e1 dividida en varios cap\u00edtulos que responden a una unidad tem\u00e1tica de la secci\u00f3n, formando al final este t\u00edtulo que tiene la tesis.   \tla primera secci\u00f3n es una introducci\u00f3n a la literatura comparada desde diferentes perspectivas culturales. En el cap\u00edtulo primero de \u00e9sta se plantean algunas cuestiones como la inadecuaci\u00f3n del t\u00e9rmino \u00c2\u00bfliteratura comparada\u00c2\u00bf, la precedencia de los estudios cr\u00edticos o pr\u00e1cticos antes de la teorizaci\u00f3n sobre la disciplina, la literatura comparada como disciplina y la comparaci\u00f3n literaria como m\u00e9todo, los primeros pasos que dieron los pronosticadores y pioneros de esta ciencia como goethe, lessing, madame de sta\u00ed\u00abl, hippolyte taine, ferdinand bruneti\u00e9re, etc. El cap\u00edtulo segundo aborda el paradigma del t\u00e9rmino desde las diferentes perspectivas comparatistas occidentales y aclara la situaci\u00f3n de la disciplina en estos pa\u00edses. El cap\u00edtulo tercero se centra en esclarecer el estado de la cuesti\u00f3n en el mundo \u00e1rabe, sobre todo en egipto, que dio pasos muy s\u00f3lidos en este campo, pero, al mismo tiempo, muy lentos.  la secci\u00f3n segunda explica y aproxima las circunstancias familiares y culturales en que gald\u00f3s y \u00c2\u00bfaqq\u00c2\u00bf se criaron, lo que influy\u00f3 necesariamente en su obra, sus actitudes e intereses literarios. El inter\u00e9s por la historia y el presente y su transubstanciaci\u00f3n po\u00e9tica en el conjunto de su labor literaria es el eje de esta secci\u00f3n. Pues se centra en destacar primordialmente el concepto del realismo y la actitud de ambos autores frente su aplicaci\u00f3n en la obra literaria. Revela su inter\u00e9s por reproducir los aspectos del pasado y los del presente, en su proyecto de convertir la novela en imagen o espejo de la vida. Asimismo, resalta la preocupaci\u00f3n de ambos autores por reflejar algunas problem\u00e1ticas de su contemporaneidad como los problemas socioreligiosos, la pol\u00edtica, el papel de la mujer en su vida y obra, etc.  la secci\u00f3n tercera est\u00e1 dividida en dos cap\u00edtulos. El primero se centra en ofrecer una relectura de varios aspectos de la vida espa\u00f1ola y la vida egipcia a trav\u00e9s de las obras de dos figuras de la literatura espa\u00f1ola y la literatura egipcia. As\u00ed, ambos autores representaron po\u00e9ticamente la realidad de sus respectivos pa\u00edses en el conjunto de sus obras. Entre \u00e9stas existieron varios aspectos de semejanza y otros de diferencia que revelan estrategias comunes y, al mismo tiempo, la singularidad y la originalidad de cada uno de ellos. En la primera \u00e9poca de su producci\u00f3n literaria, destaca el acercamiento que hemos tratado de llevar a cabo entre la fontana de oro y qahwat dimitri (el caf\u00e9 de dimitri); do\u00f1a perfecta, gloria, la familia de le\u00f3n roch y qind\u00c2\u00bfl umm h\u00c2\u00bf\u00c5\u00a1im; marianela y abu fudah; etc. La descripci\u00f3n de la realidad tambi\u00e9n se hace muy patente en las obras de la segunda manera de novelar de gald\u00f3s o las conocidas por las novelas espa\u00f1olas contempor\u00e1neas, as\u00ed como las obras de la \u00faltima etapa de \u00c2\u00bfaqq\u00c2\u00bf o las escritas despu\u00e9s de qind\u00c2\u00bfl umm h\u00c2\u00bf\u00c5\u00a1im (1944), que cobran gran importancia por su valor literario, su realismo y por su vasto panorama de aspectos de la vida cotidiana. Por ello, hemos ofrecido como modelo de representaci\u00f3n de la realidad de este ciclo fortunata y jacinta y \u00c2\u00bfa\u00c2\u00bf\u00c2\u00bf al-nawm porque entre ambas obras existen muchos rasgos anal\u00f3gicos.  el cap\u00edtulo segundo de la secci\u00f3n tercera ofrece como modelo anal\u00edtico nazar\u00edn y al-bus\u00c2\u00bfa\u00c2\u00bf\u00c2\u00bf, donde se muestra comparat\u00edsticamente  la representaci\u00f3n de la realidad y las v\u00edas est\u00e9ticas de las que ambos autores se valieron para dicha representaci\u00f3n. El an\u00e1lisis de estas dos obras se centra en poner al descubierto las similitudes y las diferencias existentes tanto en los rasgos extr\u00ednsecos como en los rasgos intr\u00ednsecos. As\u00ed, en ellas abordamos la descripci\u00f3n y la cr\u00edtica de la realidad, realidad y ficci\u00f3n, estructuras, personajes, su discurso y el espacio en que se mueven.<\/p>\n<p>&nbsp;<\/p>\n<h3>Datos acad\u00e9micos de la tesis doctoral \u00ab<strong>\u00abperspectivas comparatistas y representaci\u00f3n de la realidad en la obra de benito p\u00e9rez gald\u00f3s y de yahya haqqi: nazar\u00edn y al-bustayi (el cartero) como prototipos\u00bb<\/strong>\u00ab<\/h3>\n<ul>\n<li><strong>T\u00edtulo de la tesis:<\/strong>\u00a0 \u00abperspectivas comparatistas y representaci\u00f3n de la realidad en la obra de benito p\u00e9rez gald\u00f3s y de yahya haqqi: nazar\u00edn y al-bustayi (el cartero) como prototipos\u00bb <\/li>\n<li><strong>Autor:<\/strong>\u00a0 Adel Mohamed Mohamed Nasr <\/li>\n<li><strong>Universidad:<\/strong>\u00a0 Aut\u00f3noma de Madrid<\/li>\n<li><strong>Fecha de lectura de la tesis:<\/strong>\u00a0 27\/06\/2011<\/li>\n<\/ul>\n<p>&nbsp;<\/p>\n<h3>Direcci\u00f3n y tribunal<\/h3>\n<ul>\n<li><strong>Director de la tesis<\/strong>\n<ul>\n<li>Tomas Albaladejo Mayordomo<\/li>\n<\/ul>\n<\/li>\n<li><strong>Tribunal<\/strong>\n<ul>\n<li>Presidente del tribunal: germ\u00e1n Gull\u00f3n palacios <\/li>\n<li>Jos\u00e9 Luis Mora garcia (vocal)<\/li>\n<li>mercedes Rodr\u00edguez  peque\u00f1o (vocal)<\/li>\n<li>el sayed Ibrahim  soheim (vocal)<\/li>\n<\/ul>\n<\/li>\n<\/ul>\n<p>&nbsp;<\/p>\n","protected":false},"excerpt":{"rendered":"<p>Tesis doctoral de Adel Mohamed Mohamed Nasr El n\u00facleo central de esta tesis doctoral es la literatura comparada entre teor\u00eda [&hellip;]<\/p>\n","protected":false},"author":1,"featured_media":0,"comment_status":"open","ping_status":"open","sticky":false,"template":"","format":"standard","meta":{"site-sidebar-layout":"default","site-content-layout":"","ast-site-content-layout":"","site-content-style":"default","site-sidebar-style":"default","ast-global-header-display":"","ast-banner-title-visibility":"","ast-main-header-display":"","ast-hfb-above-header-display":"","ast-hfb-below-header-display":"","ast-hfb-mobile-header-display":"","site-post-title":"","ast-breadcrumbs-content":"","ast-featured-img":"","footer-sml-layout":"","theme-transparent-header-meta":"","adv-header-id-meta":"","stick-header-meta":"","header-above-stick-meta":"","header-main-stick-meta":"","header-below-stick-meta":"","astra-migrate-meta-layouts":"default","ast-page-background-enabled":"default","ast-page-background-meta":{"desktop":{"background-color":"var(--ast-global-color-4)","background-image":"","background-repeat":"repeat","background-position":"center center","background-size":"auto","background-attachment":"scroll","background-type":"","background-media":"","overlay-type":"","overlay-color":"","overlay-gradient":""},"tablet":{"background-color":"","background-image":"","background-repeat":"repeat","background-position":"center center","background-size":"auto","background-attachment":"scroll","background-type":"","background-media":"","overlay-type":"","overlay-color":"","overlay-gradient":""},"mobile":{"background-color":"","background-image":"","background-repeat":"repeat","background-position":"center center","background-size":"auto","background-attachment":"scroll","background-type":"","background-media":"","overlay-type":"","overlay-color":"","overlay-gradient":""}},"ast-content-background-meta":{"desktop":{"background-color":"var(--ast-global-color-5)","background-image":"","background-repeat":"repeat","background-position":"center center","background-size":"auto","background-attachment":"scroll","background-type":"","background-media":"","overlay-type":"","overlay-color":"","overlay-gradient":""},"tablet":{"background-color":"var(--ast-global-color-5)","background-image":"","background-repeat":"repeat","background-position":"center center","background-size":"auto","background-attachment":"scroll","background-type":"","background-media":"","overlay-type":"","overlay-color":"","overlay-gradient":""},"mobile":{"background-color":"var(--ast-global-color-5)","background-image":"","background-repeat":"repeat","background-position":"center center","background-size":"auto","background-attachment":"scroll","background-type":"","background-media":"","overlay-type":"","overlay-color":"","overlay-gradient":""}},"footnotes":""},"categories":[636],"tags":[219033,219034,35143,23964,68829,4759],"class_list":["post-109519","post","type-post","status-publish","format-standard","hentry","category-lengua-y-literatura","tag-adel-mohamed-mohamed-nasr","tag-el-sayed-ibrahim-soheim","tag-german-gullon-palacios","tag-jose-luis-mora-garcia","tag-mercedes-rodriguez-pequeno","tag-tomas-albaladejo-mayordomo"],"_links":{"self":[{"href":"https:\/\/www.deberes.net\/tesis\/wp-json\/wp\/v2\/posts\/109519","targetHints":{"allow":["GET"]}}],"collection":[{"href":"https:\/\/www.deberes.net\/tesis\/wp-json\/wp\/v2\/posts"}],"about":[{"href":"https:\/\/www.deberes.net\/tesis\/wp-json\/wp\/v2\/types\/post"}],"author":[{"embeddable":true,"href":"https:\/\/www.deberes.net\/tesis\/wp-json\/wp\/v2\/users\/1"}],"replies":[{"embeddable":true,"href":"https:\/\/www.deberes.net\/tesis\/wp-json\/wp\/v2\/comments?post=109519"}],"version-history":[{"count":0,"href":"https:\/\/www.deberes.net\/tesis\/wp-json\/wp\/v2\/posts\/109519\/revisions"}],"wp:attachment":[{"href":"https:\/\/www.deberes.net\/tesis\/wp-json\/wp\/v2\/media?parent=109519"}],"wp:term":[{"taxonomy":"category","embeddable":true,"href":"https:\/\/www.deberes.net\/tesis\/wp-json\/wp\/v2\/categories?post=109519"},{"taxonomy":"post_tag","embeddable":true,"href":"https:\/\/www.deberes.net\/tesis\/wp-json\/wp\/v2\/tags?post=109519"}],"curies":[{"name":"wp","href":"https:\/\/api.w.org\/{rel}","templated":true}]}}