{"id":109607,"date":"2018-03-11T10:35:11","date_gmt":"2018-03-11T10:35:11","guid":{"rendered":"https:\/\/www.deberes.net\/tesis\/sin-categoria\/responsabilidad-social-en-la-universidad-estudio-de-casos-y-propuesta-de-despliegue\/"},"modified":"2018-03-11T10:35:11","modified_gmt":"2018-03-11T10:35:11","slug":"responsabilidad-social-en-la-universidad-estudio-de-casos-y-propuesta-de-despliegue","status":"publish","type":"post","link":"https:\/\/www.deberes.net\/tesis\/organizacion-y-gestion-de-empresas\/responsabilidad-social-en-la-universidad-estudio-de-casos-y-propuesta-de-despliegue\/","title":{"rendered":"Responsabilidad social en la universidad: estudio de casos y propuesta de despliegue"},"content":{"rendered":"<h2>Tesis doctoral de <strong> Ignacio Aldeanueva Fern\u00e1ndez <\/strong><\/h2>\n<p>La tesis doctoral consta de una introducci\u00f3n, tres cap\u00edtulos y las conclusiones: introducci\u00f3n. A lo largo de la misma, se detalla el planteamiento del problema objeto de investigaci\u00f3n, la documentaci\u00f3n y fuentes de informaci\u00f3n utlizadas, el estado actual de la cuesti\u00f3n investigada, el dise\u00f1o efectuado para la realizaci\u00f3n de la investigaci\u00f3n, la metodolog\u00eda de trabajo aplicada y, por \u00faltimo, las futuras l\u00edneas de trabajo que enriquecer\u00e1n la investigaci\u00f3n llevada a cabo. cap\u00edtulo primero. En \u00e9l se realiza una delimitaci\u00f3n conceptual de la responsabilidad social. A partir de los antecedentes de la misma, se repasa la literatura existente ahondando en el contexto en el que se desarrolla la responsabilidad social, los principios que la sustentan, sus relaciones con la \u00e9tica y las actuaciones desarrolladas por los organismos internacionales en su apoyo. A continuaci\u00f3n, bajo el ep\u00edgrafe \u00abgesti\u00f3n de la responsabilidad social\u00bb se efect\u00faa un an\u00e1lisis comparado de lo principales est\u00e1ndares internacionales que se ocupan de facilitar su implantaci\u00f3n y mantenimiento en organizaciones y empresas. capitulo segundo. Se dedica al estudio de la responsabilidad social en la universidad, se parte de una exposici\u00f3n sobre lo que supone e implica la responsabilidad social en la educaci\u00f3n superior analizando la denominada \u00abdimensi\u00f3n social de la universidad\u00bb. A continuaci\u00f3n se caracterizan las universidades socialmente responsables. Por \u00faltimo, se estudia la situaci\u00f3n de la responsabilidad social en el sistema universitario de espa\u00f1a. Tras un cuadro general que expone el estado de la misma, mediante la utilizaci\u00f3n del estudio de casos, se analiza el grado de implantaci\u00f3n de la responsabilidad social en tres universidades que constituyen un referente nacional al respecto: la universidad de santiago de compostela, la universidad internacional de andaluc\u00eda y la universidad de m\u00e1laga. capitulo tercero. Contiene una propuesta metodol\u00f3gica para la implantaci\u00f3n de la responsabilidad social en la universidad. Para ello, se parte del an\u00e1lisis del modelo que al respecto propone el foro de consejos sociales de las universidades p\u00fablicas de andaluc\u00eda. A continuaci\u00f3n, se exponen las caracter\u00edsticas y peculiaridades de los sistemas de garant\u00eda de la calidad en la universidad, dedicando especial atenci\u00f3n a la posibilidad de integrar los diferentes sistemas de gesti\u00f3n existentes en la instituci\u00f3n en un sistema \u00fanico. Se finaliza, con la propuesta y definici\u00f3n de un proceso estrat\u00e9gico, que permita integrar la responsabilidad social en el sistema de garant\u00eda de la calidad de los centros de la universidad de m\u00e1laga. En la propuesta realizada se incluye la definici\u00f3n de los indicadores aplicables para el seguimiento del proceso estrat\u00e9gico en cuesti\u00f3n, as\u00ed como la de un grupo de indicadores que permitan el despliegue del proceso estrat\u00e9gico planteado a trav\u00e9s de los centros de la citada universidad. Se plantea, de forma impl\u00edcita, que el despliegue en la universidad de la responsabilidad social a trav\u00e9s del sistema de garant\u00eda de la calidad de sus centros, constituye un primer paso para, posteriormente, poder utilizar la responsabilidad social como un elemento que de cohesi\u00f3n a los restantes sistemas de gesti\u00f3n de la universidad. conclusiones. Al finalizar cada cap\u00edtulo se presentan una serie de conclusiones relativas a los temas desarrollados, para en este apartado, incluir las conclusiones generales de la investigaci\u00f3n. De ellas, entre otras, cabe destacar la condici\u00f3n de universidades socialmente responsables que se deriva del estudio de casos aplicado a las universidades de santiago de compostela, internacional de andaluc\u00eda y m\u00e1laga y la conclusi\u00f3n relativa a que el car\u00e1cter estrat\u00e9gico del proceso definido para la universidad de m\u00e1laga, permitir\u00e1 a la misma establecer su pol\u00edtica de responsabilidad social y gestionarla en la instituci\u00f3n, mientras que su despliegue a trav\u00e9s de los centros, utilizando para ello la estructura del contrato programa, facilitar\u00e1 su implantaci\u00f3n general.<\/p>\n<p>&nbsp;<\/p>\n<h3>Datos acad\u00e9micos de la tesis doctoral \u00ab<strong>Responsabilidad social en la universidad: estudio de casos y propuesta de despliegue<\/strong>\u00ab<\/h3>\n<ul>\n<li><strong>T\u00edtulo de la tesis:<\/strong>\u00a0 Responsabilidad social en la universidad: estudio de casos y propuesta de despliegue <\/li>\n<li><strong>Autor:<\/strong>\u00a0 Ignacio Aldeanueva Fern\u00e1ndez <\/li>\n<li><strong>Universidad:<\/strong>\u00a0 M\u00e1laga<\/li>\n<li><strong>Fecha de lectura de la tesis:<\/strong>\u00a0 28\/06\/2011<\/li>\n<\/ul>\n<p>&nbsp;<\/p>\n<h3>Direcci\u00f3n y tribunal<\/h3>\n<ul>\n<li><strong>Director de la tesis<\/strong>\n<ul>\n<li>Carlos \u00e1ngel Benavides Velasco<\/li>\n<\/ul>\n<\/li>\n<li><strong>Tribunal<\/strong>\n<ul>\n<li>Presidente del tribunal: francisca Parra guerrero <\/li>\n<li>julio Terrados cepeda (vocal)<\/li>\n<li>josep Comajuncosa casabella (vocal)<\/li>\n<li>pablo Arranz val (vocal)<\/li>\n<\/ul>\n<\/li>\n<\/ul>\n<p>&nbsp;<\/p>\n","protected":false},"excerpt":{"rendered":"<p>Tesis doctoral de Ignacio Aldeanueva Fern\u00e1ndez La tesis doctoral consta de una introducci\u00f3n, tres cap\u00edtulos y las conclusiones: introducci\u00f3n. A [&hellip;]<\/p>\n","protected":false},"author":1,"featured_media":0,"comment_status":"open","ping_status":"open","sticky":false,"template":"","format":"standard","meta":{"site-sidebar-layout":"default","site-content-layout":"","ast-site-content-layout":"","site-content-style":"default","site-sidebar-style":"default","ast-global-header-display":"","ast-banner-title-visibility":"","ast-main-header-display":"","ast-hfb-above-header-display":"","ast-hfb-below-header-display":"","ast-hfb-mobile-header-display":"","site-post-title":"","ast-breadcrumbs-content":"","ast-featured-img":"","footer-sml-layout":"","theme-transparent-header-meta":"","adv-header-id-meta":"","stick-header-meta":"","header-above-stick-meta":"","header-main-stick-meta":"","header-below-stick-meta":"","astra-migrate-meta-layouts":"default","ast-page-background-enabled":"default","ast-page-background-meta":{"desktop":{"background-color":"var(--ast-global-color-4)","background-image":"","background-repeat":"repeat","background-position":"center center","background-size":"auto","background-attachment":"scroll","background-type":"","background-media":"","overlay-type":"","overlay-color":"","overlay-gradient":""},"tablet":{"background-color":"","background-image":"","background-repeat":"repeat","background-position":"center center","background-size":"auto","background-attachment":"scroll","background-type":"","background-media":"","overlay-type":"","overlay-color":"","overlay-gradient":""},"mobile":{"background-color":"","background-image":"","background-repeat":"repeat","background-position":"center center","background-size":"auto","background-attachment":"scroll","background-type":"","background-media":"","overlay-type":"","overlay-color":"","overlay-gradient":""}},"ast-content-background-meta":{"desktop":{"background-color":"var(--ast-global-color-5)","background-image":"","background-repeat":"repeat","background-position":"center center","background-size":"auto","background-attachment":"scroll","background-type":"","background-media":"","overlay-type":"","overlay-color":"","overlay-gradient":""},"tablet":{"background-color":"var(--ast-global-color-5)","background-image":"","background-repeat":"repeat","background-position":"center center","background-size":"auto","background-attachment":"scroll","background-type":"","background-media":"","overlay-type":"","overlay-color":"","overlay-gradient":""},"mobile":{"background-color":"var(--ast-global-color-5)","background-image":"","background-repeat":"repeat","background-position":"center center","background-size":"auto","background-attachment":"scroll","background-type":"","background-media":"","overlay-type":"","overlay-color":"","overlay-gradient":""}},"footnotes":""},"categories":[9098,7570,7834,7611,1302],"tags":[28442,24674,219167,39226,219168,129062],"class_list":["post-109607","post","type-post","status-publish","format-standard","hentry","category-gestion-administrativa","category-gestion-de-recursos-humanos","category-malaga","category-organizacion-y-direccion-de-las-instituciones-educativas","category-organizacion-y-gestion-de-empresas","tag-carlos-angel-benavides-velasco","tag-francisca-parra-guerrero","tag-ignacio-aldeanueva-fernandez","tag-josep-comajuncosa-casabella","tag-julio-terrados-cepeda","tag-pablo-arranz-val"],"_links":{"self":[{"href":"https:\/\/www.deberes.net\/tesis\/wp-json\/wp\/v2\/posts\/109607","targetHints":{"allow":["GET"]}}],"collection":[{"href":"https:\/\/www.deberes.net\/tesis\/wp-json\/wp\/v2\/posts"}],"about":[{"href":"https:\/\/www.deberes.net\/tesis\/wp-json\/wp\/v2\/types\/post"}],"author":[{"embeddable":true,"href":"https:\/\/www.deberes.net\/tesis\/wp-json\/wp\/v2\/users\/1"}],"replies":[{"embeddable":true,"href":"https:\/\/www.deberes.net\/tesis\/wp-json\/wp\/v2\/comments?post=109607"}],"version-history":[{"count":0,"href":"https:\/\/www.deberes.net\/tesis\/wp-json\/wp\/v2\/posts\/109607\/revisions"}],"wp:attachment":[{"href":"https:\/\/www.deberes.net\/tesis\/wp-json\/wp\/v2\/media?parent=109607"}],"wp:term":[{"taxonomy":"category","embeddable":true,"href":"https:\/\/www.deberes.net\/tesis\/wp-json\/wp\/v2\/categories?post=109607"},{"taxonomy":"post_tag","embeddable":true,"href":"https:\/\/www.deberes.net\/tesis\/wp-json\/wp\/v2\/tags?post=109607"}],"curies":[{"name":"wp","href":"https:\/\/api.w.org\/{rel}","templated":true}]}}