{"id":109667,"date":"2018-03-11T10:35:16","date_gmt":"2018-03-11T10:35:16","guid":{"rendered":"https:\/\/www.deberes.net\/tesis\/sin-categoria\/virtualidad-y-creatividad-escultorica\/"},"modified":"2018-03-11T10:35:16","modified_gmt":"2018-03-11T10:35:16","slug":"virtualidad-y-creatividad-escultorica","status":"publish","type":"post","link":"https:\/\/www.deberes.net\/tesis\/ciencias-de-las-artes-y-las-letras\/virtualidad-y-creatividad-escultorica\/","title":{"rendered":"Virtualidad y creatividad escult\u00f3rica."},"content":{"rendered":"<h2>Tesis doctoral de <strong> Pedro Juan Sanchez Bermejo <\/strong><\/h2>\n<p>La sociedad, los valores, la cultura, la organizaci\u00f3n social, el mercado tal y como los entend\u00edamos a finales del s. Xx han cambiado. La tecnolog\u00eda est\u00e1 en continua renovaci\u00f3n; el saber se genera vertiginosamente, en m\u00faltiples entornos, y es r\u00e1pidame nte suplantado; la competencia ha aumentado; las comunicaciones tienden a la globalizaci\u00f3n; se ofertan puestos de trabajos en los que priman habilidades de tipo intelectual m\u00e1s que manual, etc. Nuestra sociedad cambia y se renueva continuamente, y se guir\u00e1 haci\u00e9ndolo.  la tecnolog\u00eda no s\u00f3lo avanza funcionalmente, sino que incluye factores emocionales. Supone un modo diferente de ver y percibir la realidad y, por lo tanto, de interpretarla y procesarla. Implican un cambio de mentalidad, un cambio conceptual que supone una revoluci\u00f3n.   en este contexto, la educaci\u00f3n cobra una importancia fundamental. La rapidez con que se est\u00e1n produciendo estos acontecimientos supera ya nuestra capacidad de absorci\u00f3n. Se hace perentorio conocer las repercusi ones que pueda tener esta realidad en el terreno del arte, y en el de la escultura en particular, estableciendo un punto de partida para futuras interacciones.   las tecnolog\u00edas digitales, constituyen una herramienta muy interesante para la creativid ad escult\u00f3rica. En primer lugar por la libertad absoluta para crear, lejos de las limitaciones del material; pero tambi\u00e9n por ampliar nuestros sentidos perceptivos.  aunque algunas universidades y segmentos educativos intentan adaptarse a estos cambi os, la sociedad cambia a mayor rapidez que la capacidad de respuestas de estas instituciones. Esta renovaci\u00f3n deber\u00eda incidir especialmente sobre la adecuaci\u00f3n de las t\u00e9cnicas y procesos que se imparten en la educaci\u00f3n superior de las bellas artes \u00c2\u00bfy  concretamente de la escultura- ante la complejidad de la creaci\u00f3n art\u00edstica actual, as\u00ed como hac\u00eda orientaciones profesionales m\u00e1s acordes a las demandas de la sociedad actual.  el concepto de lo que es escultura est\u00e1 cambiando. Los materiales y las  t\u00e9cnicas est\u00e1n y estar\u00e1n en continua evoluci\u00f3n. Lo que implica que los procesos, las soluciones y las posibles manifestaciones a conseguir tambi\u00e9n lo est\u00e1n. A nosotros nos corresponde decir d\u00f3nde est\u00e1 y qu\u00e9 ser\u00e1 de ahora en adelante. Tenemos ante no sotros un mundo fascinante por descubrir, lleno de posibilidades.<\/p>\n<p>&nbsp;<\/p>\n<h3>Datos acad\u00e9micos de la tesis doctoral \u00ab<strong>Virtualidad y creatividad escult\u00f3rica.<\/strong>\u00ab<\/h3>\n<ul>\n<li><strong>T\u00edtulo de la tesis:<\/strong>\u00a0 Virtualidad y creatividad escult\u00f3rica. <\/li>\n<li><strong>Autor:<\/strong>\u00a0 Pedro Juan Sanchez Bermejo <\/li>\n<li><strong>Universidad:<\/strong>\u00a0 Complutense de Madrid<\/li>\n<li><strong>Fecha de lectura de la tesis:<\/strong>\u00a0 30\/06\/2011<\/li>\n<\/ul>\n<p>&nbsp;<\/p>\n<h3>Direcci\u00f3n y tribunal<\/h3>\n<ul>\n<li><strong>Director de la tesis<\/strong>\n<ul>\n<li>Rodolfo Conesa Bermejo<\/li>\n<\/ul>\n<\/li>\n<li><strong>Tribunal<\/strong>\n<ul>\n<li>Presidente del tribunal: Jos\u00e9 Luis enrique Pares parra <\/li>\n<li>Jos\u00e9 Luis D\u00edez de ulzurrun rozpide (vocal)<\/li>\n<li>Francisco Javier Ma\u00f1ero rodicio (vocal)<\/li>\n<li>Rafael S\u00e1nchez-carralero l\u00f3pez (vocal)<\/li>\n<\/ul>\n<\/li>\n<\/ul>\n<p>&nbsp;<\/p>\n","protected":false},"excerpt":{"rendered":"<p>Tesis doctoral de Pedro Juan Sanchez Bermejo La sociedad, los valores, la cultura, la organizaci\u00f3n social, el mercado tal y [&hellip;]<\/p>\n","protected":false},"author":1,"featured_media":0,"comment_status":"open","ping_status":"open","sticky":false,"template":"","format":"standard","meta":{"site-sidebar-layout":"default","site-content-layout":"","ast-site-content-layout":"","site-content-style":"default","site-sidebar-style":"default","ast-global-header-display":"","ast-banner-title-visibility":"","ast-main-header-display":"","ast-hfb-above-header-display":"","ast-hfb-below-header-display":"","ast-hfb-mobile-header-display":"","site-post-title":"","ast-breadcrumbs-content":"","ast-featured-img":"","footer-sml-layout":"","theme-transparent-header-meta":"","adv-header-id-meta":"","stick-header-meta":"","header-above-stick-meta":"","header-main-stick-meta":"","header-below-stick-meta":"","astra-migrate-meta-layouts":"default","ast-page-background-enabled":"default","ast-page-background-meta":{"desktop":{"background-color":"var(--ast-global-color-4)","background-image":"","background-repeat":"repeat","background-position":"center center","background-size":"auto","background-attachment":"scroll","background-type":"","background-media":"","overlay-type":"","overlay-color":"","overlay-gradient":""},"tablet":{"background-color":"","background-image":"","background-repeat":"repeat","background-position":"center center","background-size":"auto","background-attachment":"scroll","background-type":"","background-media":"","overlay-type":"","overlay-color":"","overlay-gradient":""},"mobile":{"background-color":"","background-image":"","background-repeat":"repeat","background-position":"center center","background-size":"auto","background-attachment":"scroll","background-type":"","background-media":"","overlay-type":"","overlay-color":"","overlay-gradient":""}},"ast-content-background-meta":{"desktop":{"background-color":"var(--ast-global-color-5)","background-image":"","background-repeat":"repeat","background-position":"center center","background-size":"auto","background-attachment":"scroll","background-type":"","background-media":"","overlay-type":"","overlay-color":"","overlay-gradient":""},"tablet":{"background-color":"var(--ast-global-color-5)","background-image":"","background-repeat":"repeat","background-position":"center center","background-size":"auto","background-attachment":"scroll","background-type":"","background-media":"","overlay-type":"","overlay-color":"","overlay-gradient":""},"mobile":{"background-color":"var(--ast-global-color-5)","background-image":"","background-repeat":"repeat","background-position":"center center","background-size":"auto","background-attachment":"scroll","background-type":"","background-media":"","overlay-type":"","overlay-color":"","overlay-gradient":""}},"footnotes":""},"categories":[147,986],"tags":[148492,76975,126055,219260,43251,36204],"class_list":["post-109667","post","type-post","status-publish","format-standard","hentry","category-ciencias-de-las-artes-y-las-letras","category-complutense-de-madrid","tag-francisco-javier-manero-rodicio","tag-jose-luis-diez-de-ulzurrun-rozpide","tag-jose-luis-enrique-pares-parra","tag-pedro-juan-sanchez-bermejo","tag-rafael-sanchez-carralero-lopez","tag-rodolfo-conesa-bermejo"],"_links":{"self":[{"href":"https:\/\/www.deberes.net\/tesis\/wp-json\/wp\/v2\/posts\/109667","targetHints":{"allow":["GET"]}}],"collection":[{"href":"https:\/\/www.deberes.net\/tesis\/wp-json\/wp\/v2\/posts"}],"about":[{"href":"https:\/\/www.deberes.net\/tesis\/wp-json\/wp\/v2\/types\/post"}],"author":[{"embeddable":true,"href":"https:\/\/www.deberes.net\/tesis\/wp-json\/wp\/v2\/users\/1"}],"replies":[{"embeddable":true,"href":"https:\/\/www.deberes.net\/tesis\/wp-json\/wp\/v2\/comments?post=109667"}],"version-history":[{"count":0,"href":"https:\/\/www.deberes.net\/tesis\/wp-json\/wp\/v2\/posts\/109667\/revisions"}],"wp:attachment":[{"href":"https:\/\/www.deberes.net\/tesis\/wp-json\/wp\/v2\/media?parent=109667"}],"wp:term":[{"taxonomy":"category","embeddable":true,"href":"https:\/\/www.deberes.net\/tesis\/wp-json\/wp\/v2\/categories?post=109667"},{"taxonomy":"post_tag","embeddable":true,"href":"https:\/\/www.deberes.net\/tesis\/wp-json\/wp\/v2\/tags?post=109667"}],"curies":[{"name":"wp","href":"https:\/\/api.w.org\/{rel}","templated":true}]}}