{"id":109705,"date":"2018-03-11T10:35:16","date_gmt":"2018-03-11T10:35:16","guid":{"rendered":"https:\/\/www.deberes.net\/tesis\/sin-categoria\/la-regeneracion-urbana-de-bilbao-y-su-area-metropolitana-cra%c2%adtica-al-proceso-urbana%c2%adstico-y-al-modelo-de-ciudad-resultante\/"},"modified":"2018-03-11T10:35:16","modified_gmt":"2018-03-11T10:35:16","slug":"la-regeneracion-urbana-de-bilbao-y-su-area-metropolitana-cra%c2%adtica-al-proceso-urbana%c2%adstico-y-al-modelo-de-ciudad-resultante","status":"publish","type":"post","link":"https:\/\/www.deberes.net\/tesis\/pais-vasco-euskal-herriko-unibertsitatea\/la-regeneracion-urbana-de-bilbao-y-su-area-metropolitana-cra%c2%adtica-al-proceso-urbana%c2%adstico-y-al-modelo-de-ciudad-resultante\/","title":{"rendered":"La regeneraci\u00f3n urbana de bilbao y su \u00e1rea metropolitana: cr\u00edtica al proceso urban\u00edstico y al modelo de ciudad resultante"},"content":{"rendered":"<h2>Tesis doctoral de <strong> Elias Mas Serra <\/strong><\/h2>\n<p>A lo largo de la investigaci\u00f3n y de los art\u00edculos generados como consecuencia de la misma, publicados o en v\u00edas de publicaci\u00f3n en diferentes revistas cient\u00edficas indexadas, hemos tratado el fen\u00f3meno de la decadencia y regeneraci\u00f3n producido en bilbao y su \u00e1rea metropolitana. Un fen\u00f3meno que ha requerido toda una amplia transformaci\u00f3n urban\u00edstica y el desarrollo de una gesti\u00f3n que han sido reconocidos, en muchos \u00e1mbitos y aspectos, como un proceso de revitalizaci\u00f3n ejemplar con un importante nivel de \u00e9xito.   la tesis aborda una reflexi\u00f3n cr\u00edtica respecto de los diferentes criterios adoptados en la revitalizaci\u00f3n del bilbao metropolitano.   esta reflexi\u00f3n se enfrenta a aspectos tales como el valor real del plan estrat\u00e9gico, el sentido de la gesti\u00f3n de bilbao r\u00eda 2000 y las diferentes circunstancias que emanan del desembarco en la ciudad del museo guggenheim. A partir de ello se llega, adem\u00e1s, a diferentes conclusiones que afectan al dilema entre la globalizaci\u00f3n y la identidad y, sobre todo, a la problem\u00e1tica territorial en un doble sentido: el concepto de la ciudad en el territorio y los conceptos de dimensi\u00f3n, recuperaci\u00f3n y paisaje territorial.    en un contexto en el que el \u00e9xito pol\u00edtico y, hasta un cierto punto, urban\u00edstico, se convierten en la aureola de todo el proceso, la tesis desentra\u00f1a motivaciones, puntos d\u00e9biles e incluso perversiones de algunos conceptos y actitudes generales que magnifican el car\u00e1cter paradigm\u00e1tico de las diferentes gestiones vinculadas a la administraci\u00f3n y, en general, al sector p\u00fablico.   los diferentes objetivos que se planteaban inicialmente desembocan en unas conclusiones de las que pueden deducirse claramente lo que constituyen los objetivos de una pol\u00edtica neoliberal. Objetivos en los que se pone de manifiesto que cuestiones tales como la informaci\u00f3n p\u00fablica, el respeto a consideraciones de orden geogr\u00e1fico y paisaj\u00edstico, el reconocimiento real del hecho urbano metropolitano, el equilibrio entre las partes que constituyen la ciudad, etc\u00e9tera, deben o pueden ser obviados. Omisi\u00f3n que se produce en la medida que se convierten en un obst\u00e1culo para la consecuci\u00f3n de distintos fines de alcance pol\u00edtico y econ\u00f3mico para la administraci\u00f3n y los sectores vinculados a la regeneraci\u00f3n y a la construcci\u00f3n de la ciudad.     throughout the investigation and in the articles produced as a result thereof, either published or in the process of being published in different indexed scientific journals, we have dealt with the phenomenon of the decline and regeneration of bilbao and its metropolitan area, a phenomenon that has required extensive urban transformation and the development of a management model that have been recognized in many areas and aspects as an exemplary process of revitalization with a significant level of success.    the thesis makes a critical reflection on the different criteria adopted in the revitalization of metropolitan bilbao.    this reflection tackles issues such as the real value of the strategic plan, the purpose of the management of bilbao ria 2000 and different circumstances deriving from the arrival in the city of the guggenheim museum. From here, different conclusions arise which affect the dilemma between globalization and identity and, above all, a twofold territorial problem: the concept of the city in the territory and the concepts of dimension, recovery and territorial landscape.    in a context in which political and, to a certain extent, urban success become the aureole of the entire process, the thesis unravels motivations, weaknesses and even perversions of certain concepts and general attitudes that magnify the paradigmatic nature of the different factors related to the local administration and, in general, the public sector.    the different objectives raised initially lead to conclusions from which the objectives of a neo-liberal policy can be clearly drawn, objectives which show that issues such as public information, respect for considerations of geographical and scenic nature, acknowledgement of the metropolitan urban reality, the balance between the different parts that make up the city, and so on, should or may be overlooked, an omission which occurs to the extent that they become an obstacle for the achievement of political and economic goals by the local administration and the sectors linked to the regeneration and the construction of the city.<\/p>\n<p>&nbsp;<\/p>\n<h3>Datos acad\u00e9micos de la tesis doctoral \u00ab<strong>La regeneraci\u00f3n urbana de bilbao y su \u00e1rea metropolitana: cr\u00edtica al proceso urban\u00edstico y al modelo de ciudad resultante<\/strong>\u00ab<\/h3>\n<ul>\n<li><strong>T\u00edtulo de la tesis:<\/strong>\u00a0 La regeneraci\u00f3n urbana de bilbao y su \u00e1rea metropolitana: cr\u00edtica al proceso urban\u00edstico y al modelo de ciudad resultante <\/li>\n<li><strong>Autor:<\/strong>\u00a0 Elias Mas Serra <\/li>\n<li><strong>Universidad:<\/strong>\u00a0 Pa\u00eds vasco\/euskal herriko unibertsitatea<\/li>\n<li><strong>Fecha de lectura de la tesis:<\/strong>\u00a0 30\/06\/2011<\/li>\n<\/ul>\n<p>&nbsp;<\/p>\n<h3>Direcci\u00f3n y tribunal<\/h3>\n<ul>\n<li><strong>Director de la tesis<\/strong>\n<ul>\n<li>Mar\u00eda  Beatriz Plaza Inchausti<\/li>\n<\/ul>\n<\/li>\n<li><strong>Tribunal<\/strong>\n<ul>\n<li>Presidente del tribunal: milagros Garcia crespo <\/li>\n<li>candido Mu\u00f1oz cidad (vocal)<\/li>\n<li>pedro Fraile y perez de mediguren (vocal)<\/li>\n<li>Luis cesar Herrero prieto (vocal)<\/li>\n<\/ul>\n<\/li>\n<\/ul>\n<p>&nbsp;<\/p>\n","protected":false},"excerpt":{"rendered":"<p>Tesis doctoral de Elias Mas Serra A lo largo de la investigaci\u00f3n y de los art\u00edculos generados como consecuencia de [&hellip;]<\/p>\n","protected":false},"author":1,"featured_media":0,"comment_status":"open","ping_status":"open","sticky":false,"template":"","format":"standard","meta":{"site-sidebar-layout":"default","site-content-layout":"","ast-site-content-layout":"","site-content-style":"default","site-sidebar-style":"default","ast-global-header-display":"","ast-banner-title-visibility":"","ast-main-header-display":"","ast-hfb-above-header-display":"","ast-hfb-below-header-display":"","ast-hfb-mobile-header-display":"","site-post-title":"","ast-breadcrumbs-content":"","ast-featured-img":"","footer-sml-layout":"","theme-transparent-header-meta":"","adv-header-id-meta":"","stick-header-meta":"","header-above-stick-meta":"","header-main-stick-meta":"","header-below-stick-meta":"","astra-migrate-meta-layouts":"default","ast-page-background-enabled":"default","ast-page-background-meta":{"desktop":{"background-color":"var(--ast-global-color-4)","background-image":"","background-repeat":"repeat","background-position":"center center","background-size":"auto","background-attachment":"scroll","background-type":"","background-media":"","overlay-type":"","overlay-color":"","overlay-gradient":""},"tablet":{"background-color":"","background-image":"","background-repeat":"repeat","background-position":"center center","background-size":"auto","background-attachment":"scroll","background-type":"","background-media":"","overlay-type":"","overlay-color":"","overlay-gradient":""},"mobile":{"background-color":"","background-image":"","background-repeat":"repeat","background-position":"center center","background-size":"auto","background-attachment":"scroll","background-type":"","background-media":"","overlay-type":"","overlay-color":"","overlay-gradient":""}},"ast-content-background-meta":{"desktop":{"background-color":"var(--ast-global-color-5)","background-image":"","background-repeat":"repeat","background-position":"center center","background-size":"auto","background-attachment":"scroll","background-type":"","background-media":"","overlay-type":"","overlay-color":"","overlay-gradient":""},"tablet":{"background-color":"var(--ast-global-color-5)","background-image":"","background-repeat":"repeat","background-position":"center center","background-size":"auto","background-attachment":"scroll","background-type":"","background-media":"","overlay-type":"","overlay-color":"","overlay-gradient":""},"mobile":{"background-color":"var(--ast-global-color-5)","background-image":"","background-repeat":"repeat","background-position":"center center","background-size":"auto","background-attachment":"scroll","background-type":"","background-media":"","overlay-type":"","overlay-color":"","overlay-gradient":""}},"footnotes":""},"categories":[13381,12909],"tags":[8574,219319,44070,219320,12733,216999],"class_list":["post-109705","post","type-post","status-publish","format-standard","hentry","category-integracion-economica","category-pais-vasco-euskal-herriko-unibertsitatea","tag-candido-munoz-cidad","tag-elias-mas-serra","tag-luis-cesar-herrero-prieto","tag-maria-beatriz-plaza-inchausti","tag-milagros-garcia-crespo","tag-pedro-fraile-y-perez-de-mediguren"],"_links":{"self":[{"href":"https:\/\/www.deberes.net\/tesis\/wp-json\/wp\/v2\/posts\/109705","targetHints":{"allow":["GET"]}}],"collection":[{"href":"https:\/\/www.deberes.net\/tesis\/wp-json\/wp\/v2\/posts"}],"about":[{"href":"https:\/\/www.deberes.net\/tesis\/wp-json\/wp\/v2\/types\/post"}],"author":[{"embeddable":true,"href":"https:\/\/www.deberes.net\/tesis\/wp-json\/wp\/v2\/users\/1"}],"replies":[{"embeddable":true,"href":"https:\/\/www.deberes.net\/tesis\/wp-json\/wp\/v2\/comments?post=109705"}],"version-history":[{"count":0,"href":"https:\/\/www.deberes.net\/tesis\/wp-json\/wp\/v2\/posts\/109705\/revisions"}],"wp:attachment":[{"href":"https:\/\/www.deberes.net\/tesis\/wp-json\/wp\/v2\/media?parent=109705"}],"wp:term":[{"taxonomy":"category","embeddable":true,"href":"https:\/\/www.deberes.net\/tesis\/wp-json\/wp\/v2\/categories?post=109705"},{"taxonomy":"post_tag","embeddable":true,"href":"https:\/\/www.deberes.net\/tesis\/wp-json\/wp\/v2\/tags?post=109705"}],"curies":[{"name":"wp","href":"https:\/\/api.w.org\/{rel}","templated":true}]}}