{"id":109708,"date":"2011-01-07T00:00:00","date_gmt":"2011-01-07T00:00:00","guid":{"rendered":"https:\/\/www.deberes.net\/tesis\/sin-categoria\/la-disciplina-parlamentaria\/"},"modified":"2011-01-07T00:00:00","modified_gmt":"2011-01-07T00:00:00","slug":"la-disciplina-parlamentaria","status":"publish","type":"post","link":"https:\/\/www.deberes.net\/tesis\/ciencias-juridicas-y-derecho\/la-disciplina-parlamentaria\/","title":{"rendered":"La disciplina parlamentaria"},"content":{"rendered":"<h2>Tesis doctoral de <strong> Juan  Miguel Matheus  Fern\u00e1ndez <\/strong><\/h2>\n<p>El objeto de la tesis es el estudio de la disciplina parlamentaria en cuanto sistema sancionador vigente en el seno de las cortes generales y de los parlamentos auton\u00f3micos. Se trata, fundamentalmente, de una realidad jur\u00eddica prevista en los reglamentos de las c\u00e1maras parlamentarias. Estos instrumentos suelen desarrollar el art\u00edculo 72.3 de la constituci\u00f3n espa\u00f1ola en tres subsistemas disciplinarios: (i) las sanciones por el incumplimiento de los deberes de los parlamentarios, (ii) las llamadas a la cuesti\u00f3n y al orden y, por \u00faltimo, (iii) las medidas para la salvaguarda del recinto parlamentario.  la tesis consta de tres partes divididas en cuatro cap\u00edtulos de desigual extensi\u00f3n. La primera parte (aproximaci\u00f3n al concepto de disciplina parlamentaria) est\u00e1 conformada por el cap\u00edtulo i, en el que se delimita el concepto de la disciplina parlamentaria. En la segunda parte de la investigaci\u00f3n (la disciplina parlamentaria como sistema jur\u00eddico sancionador), que se desarrolla en el cap\u00edtulo ii, nos ocupamos de los fundamentos hist\u00f3rico-funcionales de las sanciones parlamentarias. Y en la tercera parte (la disciplina parlamentaria en el ordenamiento constitucional espa\u00f1ol), que es la m\u00e1s extensa de todas, explicamos el concepto constitucional de disciplina parlamentaria (cap\u00edtulo iii) y la incidencia de la disciplina parlamentaria en la posici\u00f3n constitucional de diputados y senadores (cap\u00edtulo iv).<\/p>\n<p>&nbsp;<\/p>\n<h3>Datos acad\u00e9micos de la tesis doctoral \u00ab<strong>La disciplina parlamentaria<\/strong>\u00ab<\/h3>\n<ul>\n<li><strong>T\u00edtulo de la tesis:<\/strong>\u00a0 La disciplina parlamentaria <\/li>\n<li><strong>Autor:<\/strong>\u00a0 Juan  Miguel Matheus  Fern\u00e1ndez <\/li>\n<li><strong>Universidad:<\/strong>\u00a0 Navarra<\/li>\n<li><strong>Fecha de lectura de la tesis:<\/strong>\u00a0 01\/07\/2011<\/li>\n<\/ul>\n<p>&nbsp;<\/p>\n<h3>Direcci\u00f3n y tribunal<\/h3>\n<ul>\n<li><strong>Director de la tesis<\/strong>\n<ul>\n<li>Angel Jose Gomez Montoro<\/li>\n<\/ul>\n<\/li>\n<li><strong>Tribunal<\/strong>\n<ul>\n<li>Presidente del tribunal: manuel Arag\u00f3n reyes <\/li>\n<li>ignacio Torres muro (vocal)<\/li>\n<li>piedad Garc\u00eda-escudero m\u00e1rquez (vocal)<\/li>\n<li>Juan  Jos\u00e9 Solozabal echevarria (vocal)<\/li>\n<\/ul>\n<\/li>\n<\/ul>\n<p>&nbsp;<\/p>\n","protected":false},"excerpt":{"rendered":"<p>Tesis doctoral de Juan Miguel Matheus Fern\u00e1ndez El objeto de la tesis es el estudio de la disciplina parlamentaria en [&hellip;]<\/p>\n","protected":false},"author":1,"featured_media":0,"comment_status":"open","ping_status":"open","sticky":false,"template":"","format":"standard","meta":{"site-sidebar-layout":"default","site-content-layout":"","ast-site-content-layout":"","site-content-style":"default","site-sidebar-style":"default","ast-global-header-display":"","ast-banner-title-visibility":"","ast-main-header-display":"","ast-hfb-above-header-display":"","ast-hfb-below-header-display":"","ast-hfb-mobile-header-display":"","site-post-title":"","ast-breadcrumbs-content":"","ast-featured-img":"","footer-sml-layout":"","theme-transparent-header-meta":"","adv-header-id-meta":"","stick-header-meta":"","header-above-stick-meta":"","header-main-stick-meta":"","header-below-stick-meta":"","astra-migrate-meta-layouts":"default","ast-page-background-enabled":"default","ast-page-background-meta":{"desktop":{"background-color":"var(--ast-global-color-4)","background-image":"","background-repeat":"repeat","background-position":"center center","background-size":"auto","background-attachment":"scroll","background-type":"","background-media":"","overlay-type":"","overlay-color":"","overlay-gradient":""},"tablet":{"background-color":"","background-image":"","background-repeat":"repeat","background-position":"center center","background-size":"auto","background-attachment":"scroll","background-type":"","background-media":"","overlay-type":"","overlay-color":"","overlay-gradient":""},"mobile":{"background-color":"","background-image":"","background-repeat":"repeat","background-position":"center center","background-size":"auto","background-attachment":"scroll","background-type":"","background-media":"","overlay-type":"","overlay-color":"","overlay-gradient":""}},"ast-content-background-meta":{"desktop":{"background-color":"var(--ast-global-color-5)","background-image":"","background-repeat":"repeat","background-position":"center center","background-size":"auto","background-attachment":"scroll","background-type":"","background-media":"","overlay-type":"","overlay-color":"","overlay-gradient":""},"tablet":{"background-color":"var(--ast-global-color-5)","background-image":"","background-repeat":"repeat","background-position":"center center","background-size":"auto","background-attachment":"scroll","background-type":"","background-media":"","overlay-type":"","overlay-color":"","overlay-gradient":""},"mobile":{"background-color":"var(--ast-global-color-5)","background-image":"","background-repeat":"repeat","background-position":"center center","background-size":"auto","background-attachment":"scroll","background-type":"","background-media":"","overlay-type":"","overlay-color":"","overlay-gradient":""}},"footnotes":""},"categories":[612,17749],"tags":[55209,63849,188161,219324,29538,23327],"class_list":["post-109708","post","type-post","status-publish","format-standard","hentry","category-ciencias-juridicas-y-derecho","category-navarra","tag-angel-jose-gomez-montoro","tag-ignacio-torres-muro","tag-juan-jose-solozabal-echevarria","tag-juan-miguel-matheus-fernandez","tag-manuel-aragon-reyes","tag-piedad-garcia-escudero-marquez"],"_links":{"self":[{"href":"https:\/\/www.deberes.net\/tesis\/wp-json\/wp\/v2\/posts\/109708","targetHints":{"allow":["GET"]}}],"collection":[{"href":"https:\/\/www.deberes.net\/tesis\/wp-json\/wp\/v2\/posts"}],"about":[{"href":"https:\/\/www.deberes.net\/tesis\/wp-json\/wp\/v2\/types\/post"}],"author":[{"embeddable":true,"href":"https:\/\/www.deberes.net\/tesis\/wp-json\/wp\/v2\/users\/1"}],"replies":[{"embeddable":true,"href":"https:\/\/www.deberes.net\/tesis\/wp-json\/wp\/v2\/comments?post=109708"}],"version-history":[{"count":0,"href":"https:\/\/www.deberes.net\/tesis\/wp-json\/wp\/v2\/posts\/109708\/revisions"}],"wp:attachment":[{"href":"https:\/\/www.deberes.net\/tesis\/wp-json\/wp\/v2\/media?parent=109708"}],"wp:term":[{"taxonomy":"category","embeddable":true,"href":"https:\/\/www.deberes.net\/tesis\/wp-json\/wp\/v2\/categories?post=109708"},{"taxonomy":"post_tag","embeddable":true,"href":"https:\/\/www.deberes.net\/tesis\/wp-json\/wp\/v2\/tags?post=109708"}],"curies":[{"name":"wp","href":"https:\/\/api.w.org\/{rel}","templated":true}]}}