{"id":109864,"date":"2011-05-07T00:00:00","date_gmt":"2011-05-07T00:00:00","guid":{"rendered":"https:\/\/www.deberes.net\/tesis\/sin-categoria\/la-cronica-de-sucesos-criminales-en-el-cine-espanol-1912-1982\/"},"modified":"2011-05-07T00:00:00","modified_gmt":"2011-05-07T00:00:00","slug":"la-cronica-de-sucesos-criminales-en-el-cine-espanol-1912-1982","status":"publish","type":"post","link":"https:\/\/www.deberes.net\/tesis\/medios-de-comunicacion-de-masas\/la-cronica-de-sucesos-criminales-en-el-cine-espanol-1912-1982\/","title":{"rendered":"La cr\u00f3nica de sucesos criminales en el cine espa\u00f1ol (1912-1982)"},"content":{"rendered":"<h2>Tesis doctoral de <strong> Concepci\u00f3n G\u00f3mez Garc\u00eda <\/strong><\/h2>\n<p>\u00abla cr\u00f3nica de sucesos criminales en el cine espa\u00f1ol 1912-1982\u00bb  se adentra en un terreno bastante inexplorado tanto por los estudiosos e investigadores de la historia de la cinematograf\u00eda espa\u00f1ola como por los historiadores de la prensa espa\u00f1ola. Nos hemos propuesto abordar las relaciones entre el periodismo escrito y el cine para intentar entender c\u00f3mo los creadores cinematogr\u00e1ficos seleccionan, atienden y manipulan creativamente (en el buen sentido del t\u00e9rmino) historias extra\u00eddas de las p\u00e1ginas de los peri\u00f3dicos para convertirlas despu\u00e9s en argumentos \u00abbasados en hechos reales\u00bb.  Focalizamos nuestra atenci\u00f3n en la cr\u00f3nica de sucesos, un \u00e1mbito de la informaci\u00f3n period\u00edstica que nos seduce de manera especial porque tradicionalmente ha  representado una gran paradoja: aunque su relato ha fascinado a miles de lectores y ha disparado las tiradas de los peri\u00f3dicos en cualquier rinc\u00f3n de espa\u00f1a, su imagen social siempre ha estado asociada a lo negativo, lo turbio y lo escabroso, quiz\u00e1 porque invariablemente parec\u00eda que suceso y sensacionalismo iban de la mano.  consideramos que la aportaci\u00f3n de este trabajo puede contribuir a ilustrar la relaci\u00f3n existente entre ambas disciplinas, al tiempo que nos ayudar\u00e1 a conocer mejor c\u00f3mo funciona ese proceso de retroalimentaci\u00f3n que puede existir entre periodismo y cine. Del resultado de esta investigaci\u00f3n podremos tambi\u00e9n extraer algunas conclusiones sobre el inter\u00e9s que ha mostrado el cine espa\u00f1ol por recrear, ilustrar o analizar sucesos criminales que han jalonado el acontecer de esos a\u00f1os. Asuntos que pueden esconderse en ese \u00abpatio trasero\u00bb que toda sociedad tiene, que pueden ser empleados para indagar en el lado m\u00e1s oscuro e imperfecto de los sentimientos y de las pasiones del ser humano y en los aspectos m\u00e1s lacerantes de una sociedad. Con esa radiograf\u00eda de contraste podremos poner, negro sobre blanco, qu\u00e9 presencias y qu\u00e9 ausencias resaltan en el complejo panorama cinematogr\u00e1fico espa\u00f1ol<\/p>\n<p>&nbsp;<\/p>\n<h3>Datos acad\u00e9micos de la tesis doctoral \u00ab<strong>La cr\u00f3nica de sucesos criminales en el cine espa\u00f1ol (1912-1982)<\/strong>\u00ab<\/h3>\n<ul>\n<li><strong>T\u00edtulo de la tesis:<\/strong>\u00a0 La cr\u00f3nica de sucesos criminales en el cine espa\u00f1ol (1912-1982) <\/li>\n<li><strong>Autor:<\/strong>\u00a0 Concepci\u00f3n G\u00f3mez Garc\u00eda <\/li>\n<li><strong>Universidad:<\/strong>\u00a0 Carlos III de Madrid<\/li>\n<li><strong>Fecha de lectura de la tesis:<\/strong>\u00a0 05\/07\/2011<\/li>\n<\/ul>\n<p>&nbsp;<\/p>\n<h3>Direcci\u00f3n y tribunal<\/h3>\n<ul>\n<li><strong>Director de la tesis<\/strong>\n<ul>\n<li>Pilar Carrera Alvarez<\/li>\n<\/ul>\n<\/li>\n<li><strong>Tribunal<\/strong>\n<ul>\n<li>Presidente del tribunal: Mar\u00eda pilar Diezhandino nieto <\/li>\n<li>santos Zunzunegui diez (vocal)<\/li>\n<li>jenaro Talens carmona (vocal)<\/li>\n<li>Jos\u00e9 enrique Monterde lozoya (vocal)<\/li>\n<\/ul>\n<\/li>\n<\/ul>\n<p>&nbsp;<\/p>\n","protected":false},"excerpt":{"rendered":"<p>Tesis doctoral de Concepci\u00f3n G\u00f3mez Garc\u00eda \u00abla cr\u00f3nica de sucesos criminales en el cine espa\u00f1ol 1912-1982\u00bb se adentra en un [&hellip;]<\/p>\n","protected":false},"author":1,"featured_media":0,"comment_status":"open","ping_status":"open","sticky":false,"template":"","format":"standard","meta":{"site-sidebar-layout":"default","site-content-layout":"","ast-site-content-layout":"","site-content-style":"default","site-sidebar-style":"default","ast-global-header-display":"","ast-banner-title-visibility":"","ast-main-header-display":"","ast-hfb-above-header-display":"","ast-hfb-below-header-display":"","ast-hfb-mobile-header-display":"","site-post-title":"","ast-breadcrumbs-content":"","ast-featured-img":"","footer-sml-layout":"","theme-transparent-header-meta":"","adv-header-id-meta":"","stick-header-meta":"","header-above-stick-meta":"","header-main-stick-meta":"","header-below-stick-meta":"","astra-migrate-meta-layouts":"default","ast-page-background-enabled":"default","ast-page-background-meta":{"desktop":{"background-color":"var(--ast-global-color-4)","background-image":"","background-repeat":"repeat","background-position":"center center","background-size":"auto","background-attachment":"scroll","background-type":"","background-media":"","overlay-type":"","overlay-color":"","overlay-gradient":""},"tablet":{"background-color":"","background-image":"","background-repeat":"repeat","background-position":"center center","background-size":"auto","background-attachment":"scroll","background-type":"","background-media":"","overlay-type":"","overlay-color":"","overlay-gradient":""},"mobile":{"background-color":"","background-image":"","background-repeat":"repeat","background-position":"center center","background-size":"auto","background-attachment":"scroll","background-type":"","background-media":"","overlay-type":"","overlay-color":"","overlay-gradient":""}},"ast-content-background-meta":{"desktop":{"background-color":"var(--ast-global-color-5)","background-image":"","background-repeat":"repeat","background-position":"center center","background-size":"auto","background-attachment":"scroll","background-type":"","background-media":"","overlay-type":"","overlay-color":"","overlay-gradient":""},"tablet":{"background-color":"var(--ast-global-color-5)","background-image":"","background-repeat":"repeat","background-position":"center center","background-size":"auto","background-attachment":"scroll","background-type":"","background-media":"","overlay-type":"","overlay-color":"","overlay-gradient":""},"mobile":{"background-color":"var(--ast-global-color-5)","background-image":"","background-repeat":"repeat","background-position":"center center","background-size":"auto","background-attachment":"scroll","background-type":"","background-media":"","overlay-type":"","overlay-color":"","overlay-gradient":""}},"footnotes":""},"categories":[18550,5547,5812,5051],"tags":[219568,4740,99044,22893,85556,5038],"class_list":["post-109864","post","type-post","status-publish","format-standard","hentry","category-carlos-iii-de-madrid","category-cinematografia","category-historia-del-periodismo","category-medios-de-comunicacion-de-masas","tag-concepcion-gomez-garcia","tag-jenaro-talens-carmona","tag-jose-enrique-monterde-lozoya","tag-maria-pilar-diezhandino-nieto","tag-pilar-carrera-alvarez","tag-santos-zunzunegui-diez"],"_links":{"self":[{"href":"https:\/\/www.deberes.net\/tesis\/wp-json\/wp\/v2\/posts\/109864","targetHints":{"allow":["GET"]}}],"collection":[{"href":"https:\/\/www.deberes.net\/tesis\/wp-json\/wp\/v2\/posts"}],"about":[{"href":"https:\/\/www.deberes.net\/tesis\/wp-json\/wp\/v2\/types\/post"}],"author":[{"embeddable":true,"href":"https:\/\/www.deberes.net\/tesis\/wp-json\/wp\/v2\/users\/1"}],"replies":[{"embeddable":true,"href":"https:\/\/www.deberes.net\/tesis\/wp-json\/wp\/v2\/comments?post=109864"}],"version-history":[{"count":0,"href":"https:\/\/www.deberes.net\/tesis\/wp-json\/wp\/v2\/posts\/109864\/revisions"}],"wp:attachment":[{"href":"https:\/\/www.deberes.net\/tesis\/wp-json\/wp\/v2\/media?parent=109864"}],"wp:term":[{"taxonomy":"category","embeddable":true,"href":"https:\/\/www.deberes.net\/tesis\/wp-json\/wp\/v2\/categories?post=109864"},{"taxonomy":"post_tag","embeddable":true,"href":"https:\/\/www.deberes.net\/tesis\/wp-json\/wp\/v2\/tags?post=109864"}],"curies":[{"name":"wp","href":"https:\/\/api.w.org\/{rel}","templated":true}]}}