{"id":109884,"date":"2011-05-07T00:00:00","date_gmt":"2011-05-07T00:00:00","guid":{"rendered":"https:\/\/www.deberes.net\/tesis\/sin-categoria\/dacriopsicologa%c2%ada-estudio-sobre-el-origen-y-la-clasificacion-del-llanto-emocional\/"},"modified":"2011-05-07T00:00:00","modified_gmt":"2011-05-07T00:00:00","slug":"dacriopsicologa%c2%ada-estudio-sobre-el-origen-y-la-clasificacion-del-llanto-emocional","status":"publish","type":"post","link":"https:\/\/www.deberes.net\/tesis\/oftalmologia\/dacriopsicologa%c2%ada-estudio-sobre-el-origen-y-la-clasificacion-del-llanto-emocional\/","title":{"rendered":"Dacriopsicolog\u00eda: estudio sobre el origen y la clasificaci\u00f3n del llanto emocional"},"content":{"rendered":"<h2>Tesis doctoral de <strong> Elena Jarrin Hern\u00e1ndez <\/strong><\/h2>\n<p>La secreci\u00f3n lagrimal psicoemocional pertenece exclusivamente al g\u00e9nero homo y es un comportamiento universal entre los seres humanos. A pesar de su importancia,  desconocemos qu\u00e9 ventaja evolutiva supone para nuestra especie.Con el objetivo de valorar la adecuaci\u00f3n de de la teor\u00eda del s\u00edmbolo de sufrimiento y la clasificaci\u00f3n del llanto emocional en petici\u00f3n y ofrecimiento de ayuda, realizamos un estudio observacional transversal describiendo los episodios de llanto emocional vividos en una semana en una muestra de 479 estudiantes de medicina de la universidad de alcal\u00e1 (Madrid) a partir de una encuesta voluntaria an\u00f3nima entre los a\u00f1os 1992 y 2005. El an\u00e1lisis estad\u00edstico fue realizado mediante el programa spss 15.0. La mediana fue de 2 episodios de llanto emocional semanales. El d\u00eda de la semana en el que el llanto fue m\u00e1s prevalente fue el viernes. La hora punta del llanto es de 22:00 a 24:00. El canal m\u00e1s habitual fue la televisi\u00f3n. Los est\u00edmulos de llanto m\u00e1s frecuentes fueron la muerte y la emoci\u00f3n. Al llorar nuestros encuestados sintieron principalmente rabia e impotencia. Se suele llorar en soledad. El s\u00edntoma m\u00e1s frecuente es la humedad ocular y el nudo en la garganta. El llanto por ofrecimiento de ayuda cursa con nudo en la garganta y tambi\u00e9n son habituales las carcajadas. En el llanto por petici\u00f3n de ayuda se suele tragar saliva y emitir gemidoslas mujeres presentaron unos episodios de llanto m\u00e1s prolongados y con m\u00e1s m\u00edmica. Lloraron m\u00e1s los encuestados que ten\u00edan pareja. Las mujeres lloran con m\u00e1s frecuencia para pedir ayuda y los varones para ofrecer ayuda. Es m\u00e1s frecuente sentir verg\u00ed\u00bcenza en el tipo de llanto por petici\u00f3n de ayuda que en el llanto por ofrecimiento de ayuda. En los episodios de llanto es m\u00e1s frecuente el papel del espectador que el de actor. El papel de actor est\u00e1 asociado con el llanto por petici\u00f3n de ayuda, mientras que el papel de espectador se relaciona con el llanto por ofrecimiento de ayuda.  El llanto no parece tener un efecto cat\u00e1rtico. Los estudiantes de medicina est\u00e1n muy influenciados por su vocaci\u00f3n a la hora de llorar<\/p>\n<p>&nbsp;<\/p>\n<h3>Datos acad\u00e9micos de la tesis doctoral \u00ab<strong>Dacriopsicolog\u00eda: estudio sobre el origen y la clasificaci\u00f3n del llanto emocional<\/strong>\u00ab<\/h3>\n<ul>\n<li><strong>T\u00edtulo de la tesis:<\/strong>\u00a0 Dacriopsicolog\u00eda: estudio sobre el origen y la clasificaci\u00f3n del llanto emocional <\/li>\n<li><strong>Autor:<\/strong>\u00a0 Elena Jarrin Hern\u00e1ndez <\/li>\n<li><strong>Universidad:<\/strong>\u00a0 Alcal\u00e1<\/li>\n<li><strong>Fecha de lectura de la tesis:<\/strong>\u00a0 05\/07\/2011<\/li>\n<\/ul>\n<p>&nbsp;<\/p>\n<h3>Direcci\u00f3n y tribunal<\/h3>\n<ul>\n<li><strong>Director de la tesis<\/strong>\n<ul>\n<li>Juan Murube Del Castillo<\/li>\n<\/ul>\n<\/li>\n<li><strong>Tribunal<\/strong>\n<ul>\n<li>Presidente del tribunal: julian Garcia sanchez <\/li>\n<li>Andrea Sanz l\u00f3pez (vocal)<\/li>\n<li>carmen Cabarga del nozal (vocal)<\/li>\n<li>Antonio L\u00f3pez alonso (vocal)<\/li>\n<\/ul>\n<\/li>\n<\/ul>\n<p>&nbsp;<\/p>\n","protected":false},"excerpt":{"rendered":"<p>Tesis doctoral de Elena Jarrin Hern\u00e1ndez La secreci\u00f3n lagrimal psicoemocional pertenece exclusivamente al g\u00e9nero homo y es un comportamiento universal [&hellip;]<\/p>\n","protected":false},"author":1,"featured_media":0,"comment_status":"open","ping_status":"open","sticky":false,"template":"","format":"standard","meta":{"site-sidebar-layout":"default","site-content-layout":"","ast-site-content-layout":"","site-content-style":"default","site-sidebar-style":"default","ast-global-header-display":"","ast-banner-title-visibility":"","ast-main-header-display":"","ast-hfb-above-header-display":"","ast-hfb-below-header-display":"","ast-hfb-mobile-header-display":"","site-post-title":"","ast-breadcrumbs-content":"","ast-featured-img":"","footer-sml-layout":"","theme-transparent-header-meta":"","adv-header-id-meta":"","stick-header-meta":"","header-above-stick-meta":"","header-main-stick-meta":"","header-below-stick-meta":"","astra-migrate-meta-layouts":"default","ast-page-background-enabled":"default","ast-page-background-meta":{"desktop":{"background-color":"var(--ast-global-color-4)","background-image":"","background-repeat":"repeat","background-position":"center center","background-size":"auto","background-attachment":"scroll","background-type":"","background-media":"","overlay-type":"","overlay-color":"","overlay-gradient":""},"tablet":{"background-color":"","background-image":"","background-repeat":"repeat","background-position":"center center","background-size":"auto","background-attachment":"scroll","background-type":"","background-media":"","overlay-type":"","overlay-color":"","overlay-gradient":""},"mobile":{"background-color":"","background-image":"","background-repeat":"repeat","background-position":"center center","background-size":"auto","background-attachment":"scroll","background-type":"","background-media":"","overlay-type":"","overlay-color":"","overlay-gradient":""}},"ast-content-background-meta":{"desktop":{"background-color":"var(--ast-global-color-5)","background-image":"","background-repeat":"repeat","background-position":"center center","background-size":"auto","background-attachment":"scroll","background-type":"","background-media":"","overlay-type":"","overlay-color":"","overlay-gradient":""},"tablet":{"background-color":"var(--ast-global-color-5)","background-image":"","background-repeat":"repeat","background-position":"center center","background-size":"auto","background-attachment":"scroll","background-type":"","background-media":"","overlay-type":"","overlay-color":"","overlay-gradient":""},"mobile":{"background-color":"var(--ast-global-color-5)","background-image":"","background-repeat":"repeat","background-position":"center center","background-size":"auto","background-attachment":"scroll","background-type":"","background-media":"","overlay-type":"","overlay-color":"","overlay-gradient":""}},"footnotes":""},"categories":[17426,988],"tags":[17638,10318,52072,219600,15480,756],"class_list":["post-109884","post","type-post","status-publish","format-standard","hentry","category-alcala","category-oftalmologia","tag-andrea-sanz-lopez","tag-antonio-lopez-alonso","tag-carmen-cabarga-del-nozal","tag-elena-jarrin-hernandez","tag-juan-murube-del-castillo","tag-julian-garcia-sanchez"],"_links":{"self":[{"href":"https:\/\/www.deberes.net\/tesis\/wp-json\/wp\/v2\/posts\/109884","targetHints":{"allow":["GET"]}}],"collection":[{"href":"https:\/\/www.deberes.net\/tesis\/wp-json\/wp\/v2\/posts"}],"about":[{"href":"https:\/\/www.deberes.net\/tesis\/wp-json\/wp\/v2\/types\/post"}],"author":[{"embeddable":true,"href":"https:\/\/www.deberes.net\/tesis\/wp-json\/wp\/v2\/users\/1"}],"replies":[{"embeddable":true,"href":"https:\/\/www.deberes.net\/tesis\/wp-json\/wp\/v2\/comments?post=109884"}],"version-history":[{"count":0,"href":"https:\/\/www.deberes.net\/tesis\/wp-json\/wp\/v2\/posts\/109884\/revisions"}],"wp:attachment":[{"href":"https:\/\/www.deberes.net\/tesis\/wp-json\/wp\/v2\/media?parent=109884"}],"wp:term":[{"taxonomy":"category","embeddable":true,"href":"https:\/\/www.deberes.net\/tesis\/wp-json\/wp\/v2\/categories?post=109884"},{"taxonomy":"post_tag","embeddable":true,"href":"https:\/\/www.deberes.net\/tesis\/wp-json\/wp\/v2\/tags?post=109884"}],"curies":[{"name":"wp","href":"https:\/\/api.w.org\/{rel}","templated":true}]}}