{"id":109914,"date":"2011-06-07T00:00:00","date_gmt":"2011-06-07T00:00:00","guid":{"rendered":"https:\/\/www.deberes.net\/tesis\/sin-categoria\/el-pensamiento-poetico-de-fernando-pessoa-acercamiento-ontologico-a-la-dilalectica-filosofico-poetica-filosofa%c2%ada-y-poesa%c2%ada-ilosofa%c2%ada-y-poesa%c2%ada\/"},"modified":"2011-06-07T00:00:00","modified_gmt":"2011-06-07T00:00:00","slug":"el-pensamiento-poetico-de-fernando-pessoa-acercamiento-ontologico-a-la-dilalectica-filosofico-poetica-filosofa%c2%ada-y-poesa%c2%ada-ilosofa%c2%ada-y-poesa%c2%ada","status":"publish","type":"post","link":"https:\/\/www.deberes.net\/tesis\/filosofia\/el-pensamiento-poetico-de-fernando-pessoa-acercamiento-ontologico-a-la-dilalectica-filosofico-poetica-filosofa%c2%ada-y-poesa%c2%ada-ilosofa%c2%ada-y-poesa%c2%ada\/","title":{"rendered":"El pensamiento po\u00e9tico de fernando pessoa. acercamiento ontol\u00f3gico a la dilal\u00e9ctica filos\u00f3fico-po\u00e9tica. filosof\u00eday poes\u00eda.ilosof\u00eday poes\u00eda."},"content":{"rendered":"<h2>Tesis doctoral de <strong> Pablo Javier Perez Lopez <\/strong><\/h2>\n<p>Se propone un acercamiento ontol\u00f3gico a la po\u00e9tica y los escritos filos\u00f3ficos de fernando pessoa. Su figura se comprende como int\u00e9rprete de excepci\u00f3n de la crisis de la denominada filosof\u00eda moderna. Las rupturas de las fronteras entre sujeto y objeto, verdad y mentira son ejemplo inmejorable de ello.  el estudio privilegia el acceso directo a las fuentes y transcribe por primera vez textos in\u00e9ditos del autor que parecen de ayuda para sostener los argumentos propuestos. se trata de encuadrar a fernando pessoa entre los representantes de excepci\u00f3n del pensar po\u00e9tico-tr\u00e1gico. Como ejemplo del pensar po\u00e9tico ib\u00e9rico que supone la recuperaci\u00f3n del di\u00e1logo entre filosof\u00eda y poes\u00eda, entre el instinto de realidad y el instinto idealizador.  se caracteriza la etapa de jovialidad filos\u00f3fica pessona, exponiendo sus principales intuiciones, ideas, proyectos y lecturas filos\u00f3ficas. Se estudia la dimensi\u00f3n filos\u00f3fica de la poes\u00eda tr\u00e1gico-dram\u00e1tica comprendida como la superaci\u00f3n de la poes\u00eda l\u00edrica.  Se ofrece como elemento clave de la hermen\u00e9utica propuesta la recuperaci\u00f3n de la categor\u00eda poeta-pensador. Se analiza la l\u00f3gica parad\u00f3jica que subyace al sensacionismo y sus posibles or\u00edgenes en la lectura de los subjetivistas ingleses. Se analiza la vertiente tr\u00e1gica pessoana en una triple dimensi\u00f3n: la voluntad de ilusi\u00f3n como condici\u00f3n del existir, la relaci\u00f3n entre pessoa y nietzsche y las claves esenciales del neopaganismo de mora y caeiro. Se enuncian en clave sint\u00e9tica las principales claves filos\u00f3ficas del fen\u00f3meno heteron\u00edmico.  Se propone un estudio comparativo entre pessoa y borges, as\u00ed como un estudio comparativo entre soares, cioran y schopenhauer. Se trata de caracterizar la asociaci\u00f3n de locura y metaf\u00edsica en perspectiva pessoana. Por \u00faltimo se propone un estudio de la met\u00e1fora del viaje como expresi\u00f3n esencial de la l\u00f3gica parad\u00f3jica pessoana y de la voluntad de infancia inserta en su obra-vida.<\/p>\n<p>&nbsp;<\/p>\n<h3>Datos acad\u00e9micos de la tesis doctoral \u00ab<strong>El pensamiento po\u00e9tico de fernando pessoa. acercamiento ontol\u00f3gico a la dilal\u00e9ctica filos\u00f3fico-po\u00e9tica. filosof\u00eday poes\u00eda.ilosof\u00eday poes\u00eda.<\/strong>\u00ab<\/h3>\n<ul>\n<li><strong>T\u00edtulo de la tesis:<\/strong>\u00a0 El pensamiento po\u00e9tico de fernando pessoa. acercamiento ontol\u00f3gico a la dilal\u00e9ctica filos\u00f3fico-po\u00e9tica. filosof\u00eday poes\u00eda.ilosof\u00eday poes\u00eda. <\/li>\n<li><strong>Autor:<\/strong>\u00a0 Pablo Javier Perez Lopez <\/li>\n<li><strong>Universidad:<\/strong>\u00a0 Valladolid<\/li>\n<li><strong>Fecha de lectura de la tesis:<\/strong>\u00a0 06\/07\/2011<\/li>\n<\/ul>\n<p>&nbsp;<\/p>\n<h3>Direcci\u00f3n y tribunal<\/h3>\n<ul>\n<li><strong>Director de la tesis<\/strong>\n<ul>\n<li>Sixto Jose Castro Rodriguez<\/li>\n<\/ul>\n<\/li>\n<li><strong>Tribunal<\/strong>\n<ul>\n<li>Presidente del tribunal: Javierde Lorenzo mart\u00ednez <\/li>\n<li>pedro Martin lago (vocal)<\/li>\n<li>paulo alexandre Esteves borges (vocal)<\/li>\n<li>  (vocal)<\/li>\n<\/ul>\n<\/li>\n<\/ul>\n<p>&nbsp;<\/p>\n","protected":false},"excerpt":{"rendered":"<p>Tesis doctoral de Pablo Javier Perez Lopez Se propone un acercamiento ontol\u00f3gico a la po\u00e9tica y los escritos filos\u00f3ficos de [&hellip;]<\/p>\n","protected":false},"author":1,"featured_media":0,"comment_status":"open","ping_status":"open","sticky":false,"template":"","format":"standard","meta":{"site-sidebar-layout":"default","site-content-layout":"","ast-site-content-layout":"","site-content-style":"default","site-sidebar-style":"default","ast-global-header-display":"","ast-banner-title-visibility":"","ast-main-header-display":"","ast-hfb-above-header-display":"","ast-hfb-below-header-display":"","ast-hfb-mobile-header-display":"","site-post-title":"","ast-breadcrumbs-content":"","ast-featured-img":"","footer-sml-layout":"","theme-transparent-header-meta":"","adv-header-id-meta":"","stick-header-meta":"","header-above-stick-meta":"","header-main-stick-meta":"","header-below-stick-meta":"","astra-migrate-meta-layouts":"default","ast-page-background-enabled":"default","ast-page-background-meta":{"desktop":{"background-color":"var(--ast-global-color-4)","background-image":"","background-repeat":"repeat","background-position":"center center","background-size":"auto","background-attachment":"scroll","background-type":"","background-media":"","overlay-type":"","overlay-color":"","overlay-gradient":""},"tablet":{"background-color":"","background-image":"","background-repeat":"repeat","background-position":"center center","background-size":"auto","background-attachment":"scroll","background-type":"","background-media":"","overlay-type":"","overlay-color":"","overlay-gradient":""},"mobile":{"background-color":"","background-image":"","background-repeat":"repeat","background-position":"center center","background-size":"auto","background-attachment":"scroll","background-type":"","background-media":"","overlay-type":"","overlay-color":"","overlay-gradient":""}},"ast-content-background-meta":{"desktop":{"background-color":"var(--ast-global-color-5)","background-image":"","background-repeat":"repeat","background-position":"center center","background-size":"auto","background-attachment":"scroll","background-type":"","background-media":"","overlay-type":"","overlay-color":"","overlay-gradient":""},"tablet":{"background-color":"var(--ast-global-color-5)","background-image":"","background-repeat":"repeat","background-position":"center center","background-size":"auto","background-attachment":"scroll","background-type":"","background-media":"","overlay-type":"","overlay-color":"","overlay-gradient":""},"mobile":{"background-color":"var(--ast-global-color-5)","background-image":"","background-repeat":"repeat","background-position":"center center","background-size":"auto","background-attachment":"scroll","background-type":"","background-media":"","overlay-type":"","overlay-color":"","overlay-gradient":""}},"footnotes":""},"categories":[10452,165,636,6428,12451],"tags":[27902,219640,219642,219641,117333],"class_list":["post-109914","post","type-post","status-publish","format-standard","hentry","category-estetica","category-filosofia","category-lengua-y-literatura","category-metafisica-y-ontologia","category-valladolid","tag-javierde-lorenzo-Martinez","tag-pablo-javier-perez-lopez","tag-paulo-alexandre-esteves-borges","tag-pedro-martin-lago","tag-sixto-jose-castro-rodriguez"],"_links":{"self":[{"href":"https:\/\/www.deberes.net\/tesis\/wp-json\/wp\/v2\/posts\/109914","targetHints":{"allow":["GET"]}}],"collection":[{"href":"https:\/\/www.deberes.net\/tesis\/wp-json\/wp\/v2\/posts"}],"about":[{"href":"https:\/\/www.deberes.net\/tesis\/wp-json\/wp\/v2\/types\/post"}],"author":[{"embeddable":true,"href":"https:\/\/www.deberes.net\/tesis\/wp-json\/wp\/v2\/users\/1"}],"replies":[{"embeddable":true,"href":"https:\/\/www.deberes.net\/tesis\/wp-json\/wp\/v2\/comments?post=109914"}],"version-history":[{"count":0,"href":"https:\/\/www.deberes.net\/tesis\/wp-json\/wp\/v2\/posts\/109914\/revisions"}],"wp:attachment":[{"href":"https:\/\/www.deberes.net\/tesis\/wp-json\/wp\/v2\/media?parent=109914"}],"wp:term":[{"taxonomy":"category","embeddable":true,"href":"https:\/\/www.deberes.net\/tesis\/wp-json\/wp\/v2\/categories?post=109914"},{"taxonomy":"post_tag","embeddable":true,"href":"https:\/\/www.deberes.net\/tesis\/wp-json\/wp\/v2\/tags?post=109914"}],"curies":[{"name":"wp","href":"https:\/\/api.w.org\/{rel}","templated":true}]}}