{"id":109926,"date":"2011-07-07T00:00:00","date_gmt":"2011-07-07T00:00:00","guid":{"rendered":"https:\/\/www.deberes.net\/tesis\/sin-categoria\/paisajes-energeticos-y-culturales-para-un-futuro-de-los-territorios-marginales-el-paisaje-potencial-de-los-valles-del-leno\/"},"modified":"2011-07-07T00:00:00","modified_gmt":"2011-07-07T00:00:00","slug":"paisajes-energeticos-y-culturales-para-un-futuro-de-los-territorios-marginales-el-paisaje-potencial-de-los-valles-del-leno","status":"publish","type":"post","link":"https:\/\/www.deberes.net\/tesis\/urbanismo\/paisajes-energeticos-y-culturales-para-un-futuro-de-los-territorios-marginales-el-paisaje-potencial-de-los-valles-del-leno\/","title":{"rendered":"Paisajes energ\u00e9ticos y culturales para un futuro de los territorios marginales: el paisaje potencial de los valles del leno."},"content":{"rendered":"<h2>Tesis doctoral de <strong> Marco Malossini <\/strong><\/h2>\n<p>Hoy en d\u00eda nos enfrentamos al intento de interacci\u00f3n sobre las visiones del paisaje; el paisaje cultural (o antr\u00f3pico) y el paisaje natural son las que m\u00e1s interactuar\u00e1n con la instituci\u00f3n de la convenci\u00f3n europea del paisaje del 2001. A la vez, hoy hace falta explicar buenas pr\u00e1cticas equilibradas en la creaci\u00f3n de infraestructuras para las energ\u00edas renovables, y es importante remarcar que zonas marginales y\/o de monta\u00f1a tienen la capacidad de ser una reserva de recursos a gestionar, abriendo a una nueva habitabilidad y entonces a paisajes potenciales. La lectura de estas potencialidades o posibilidades se forman con nuevas herramientas de investigaci\u00f3n reconocidas gracias a otras disciplinas: ecolog\u00eda, econom\u00eda o antropolog\u00eda, etc. La tesis quiere constituir una fusi\u00f3n entre dos visiones del paisaje (natural y cultural) y el paradigma de la sostenibilidad apostando para un proyecto territorial y regional renovado por los valles del leno y el sur del trentino. en el intento de uni\u00f3n entre medioambiente y econ\u00f3mica junto a urbanismo y paisajismo de un \u00e1mbito rural marginal, se va estructurando en la tesis un \u00abpaisaje energ\u00e9tico\u00bb que tiene cuenta la relaci\u00f3n entre energ\u00eda, flujos de materiales y patrimonio cultural hasta entonces depositado en el territorio.  los instrumentos de investigaci\u00f3n en el caso de estudio, han sido alimentados por algunos descriptores. Un descriptor es una palabra clave que define el contenido de un documento; es un instrumento que hoy se usa para sintetizar las cuestiones. Por un lado, el \u00e1real y el relacional (o paisajes areales y relacionales), esbozan un nueva estructura del paisaje a partir de las herencias hist\u00f3rico-territoriales. Por el otro, las transformaciones del cluster productivo y del ecotono, (dos dispositivos espaciales de la econom\u00eda ecol\u00f3gica o de la ecolog\u00eda humana), subrayan los procesos de mutaci\u00f3n y dinamismo en la gesti\u00f3n y en la econom\u00eda del territorio. con la intenci\u00f3n de alimentar una lectura del paisaje entre participaci\u00f3n y instituci\u00f3n, se han escuchado las voces del territorio a trav\u00e9s de entrevistas que averiguasen la elasticidad a la transformaci\u00f3n, explicitado con el descriptor del paisaje participado. Para ver si la instituci\u00f3n recoge de alguna manera las inquietudes de los entrevistados, se ha explicado la planificaci\u00f3n regional del trentino, comprendiendo la fuerza de nuevas herramientas y las oportunidades creadas por las recientes reformas del ordenamiento local (plan urban\u00edstico provincial 2008). As\u00ed, surgi\u00f3 un nuevo descriptor: el paisaje progresivo que mejora progresivamente el aparato publico y la contribuci\u00f3n del mismo a la creaci\u00f3n de paisajes. Este descriptor est\u00e1 sujeto a una tensi\u00f3n dada por una importante herencia de la planificaci\u00f3n democr\u00e1tica del pasado (desde el 1968 con el primer plan urban\u00edstico provincial del trentino), ahora impulsada por una necesidad de emancipaci\u00f3n de la comunidad que se autoorganiza y mejora su h\u00e1bitat a escala de comunidad de valle (como se exige en la convenci\u00f3n a trav\u00e9s de objetivos de mejora de la percepci\u00f3n del paisaje). el paisaje progresivo y el paisaje participado alimentan la idea que existe una estructuraci\u00f3n posible del paisaje que peri\u00f3dicamente, a trav\u00e9s de unidades y percepci\u00f3n del paisaje relacional, produce una mejora del contexto. los descriptores determinan el paisaje potencial de proyecto. Los territorios marginales de los valles de leno, sistema territorial vinculado con el valle principal del adige, aportar\u00e1n energ\u00eda para la habitabilidad del trentino, generando habitabilidad a su interior. Este valle, marginal y despoblado desde el 1800, tiene hoy mucho inter\u00e9s por todo el trentino y es un lugar del debate como otros. El \u00e1mbito de los valles del leno fue relegado en un segundo orden porque era un \u00e1rea muy inclinada, \u00e1spera, poco atractiva y marginal. Recursos renovables (viento, agricultura de calidad o silvicultura sostenible) reequilibrar\u00e1n intereses entre territorios.<\/p>\n<p>&nbsp;<\/p>\n<h3>Datos acad\u00e9micos de la tesis doctoral \u00ab<strong>Paisajes energ\u00e9ticos y culturales para un futuro de los territorios marginales: el paisaje potencial de los valles del leno.<\/strong>\u00ab<\/h3>\n<ul>\n<li><strong>T\u00edtulo de la tesis:<\/strong>\u00a0 Paisajes energ\u00e9ticos y culturales para un futuro de los territorios marginales: el paisaje potencial de los valles del leno. <\/li>\n<li><strong>Autor:<\/strong>\u00a0 Marco Malossini <\/li>\n<li><strong>Universidad:<\/strong>\u00a0 Polit\u00e9cnica de catalunya<\/li>\n<li><strong>Fecha de lectura de la tesis:<\/strong>\u00a0 07\/07\/2011<\/li>\n<\/ul>\n<p>&nbsp;<\/p>\n<h3>Direcci\u00f3n y tribunal<\/h3>\n<ul>\n<li><strong>Director de la tesis<\/strong>\n<ul>\n<li>Carles Llop Torn\u00e9<\/li>\n<\/ul>\n<\/li>\n<li><strong>Tribunal<\/strong>\n<ul>\n<li>Presidente del tribunal: Jos\u00e9 Luis Oy\u00f3n ba\u00f1ales <\/li>\n<li>mos\u00e9 Ricci (vocal)<\/li>\n<li>geremia Gios (vocal)<\/li>\n<li>Manuel de Torres capell (vocal)<\/li>\n<\/ul>\n<\/li>\n<\/ul>\n<p>&nbsp;<\/p>\n","protected":false},"excerpt":{"rendered":"<p>Tesis doctoral de Marco Malossini Hoy en d\u00eda nos enfrentamos al intento de interacci\u00f3n sobre las visiones del paisaje; el [&hellip;]<\/p>\n","protected":false},"author":1,"featured_media":0,"comment_status":"open","ping_status":"open","sticky":false,"template":"","format":"standard","meta":{"site-sidebar-layout":"default","site-content-layout":"","ast-site-content-layout":"","site-content-style":"default","site-sidebar-style":"default","ast-global-header-display":"","ast-banner-title-visibility":"","ast-main-header-display":"","ast-hfb-above-header-display":"","ast-hfb-below-header-display":"","ast-hfb-mobile-header-display":"","site-post-title":"","ast-breadcrumbs-content":"","ast-featured-img":"","footer-sml-layout":"","theme-transparent-header-meta":"","adv-header-id-meta":"","stick-header-meta":"","header-above-stick-meta":"","header-main-stick-meta":"","header-below-stick-meta":"","astra-migrate-meta-layouts":"default","ast-page-background-enabled":"default","ast-page-background-meta":{"desktop":{"background-color":"var(--ast-global-color-4)","background-image":"","background-repeat":"repeat","background-position":"center center","background-size":"auto","background-attachment":"scroll","background-type":"","background-media":"","overlay-type":"","overlay-color":"","overlay-gradient":""},"tablet":{"background-color":"","background-image":"","background-repeat":"repeat","background-position":"center center","background-size":"auto","background-attachment":"scroll","background-type":"","background-media":"","overlay-type":"","overlay-color":"","overlay-gradient":""},"mobile":{"background-color":"","background-image":"","background-repeat":"repeat","background-position":"center center","background-size":"auto","background-attachment":"scroll","background-type":"","background-media":"","overlay-type":"","overlay-color":"","overlay-gradient":""}},"ast-content-background-meta":{"desktop":{"background-color":"var(--ast-global-color-5)","background-image":"","background-repeat":"repeat","background-position":"center center","background-size":"auto","background-attachment":"scroll","background-type":"","background-media":"","overlay-type":"","overlay-color":"","overlay-gradient":""},"tablet":{"background-color":"var(--ast-global-color-5)","background-image":"","background-repeat":"repeat","background-position":"center center","background-size":"auto","background-attachment":"scroll","background-type":"","background-media":"","overlay-type":"","overlay-color":"","overlay-gradient":""},"mobile":{"background-color":"var(--ast-global-color-5)","background-image":"","background-repeat":"repeat","background-position":"center center","background-size":"auto","background-attachment":"scroll","background-type":"","background-media":"","overlay-type":"","overlay-color":"","overlay-gradient":""}},"footnotes":""},"categories":[33289,11756,15596,5371],"tags":[186165,219661,21726,109721,219659,219660],"class_list":["post-109926","post","type-post","status-publish","format-standard","hentry","category-geografia-cultural","category-geografia-del-desarrollo-regional","category-politecnica-de-catalunya","category-urbanismo","tag-carles-llop-torne","tag-geremia-gios","tag-jose-luis-oyon-banales","tag-manuel-de-torres-capell","tag-marco-malossini","tag-mose-ricci"],"_links":{"self":[{"href":"https:\/\/www.deberes.net\/tesis\/wp-json\/wp\/v2\/posts\/109926","targetHints":{"allow":["GET"]}}],"collection":[{"href":"https:\/\/www.deberes.net\/tesis\/wp-json\/wp\/v2\/posts"}],"about":[{"href":"https:\/\/www.deberes.net\/tesis\/wp-json\/wp\/v2\/types\/post"}],"author":[{"embeddable":true,"href":"https:\/\/www.deberes.net\/tesis\/wp-json\/wp\/v2\/users\/1"}],"replies":[{"embeddable":true,"href":"https:\/\/www.deberes.net\/tesis\/wp-json\/wp\/v2\/comments?post=109926"}],"version-history":[{"count":0,"href":"https:\/\/www.deberes.net\/tesis\/wp-json\/wp\/v2\/posts\/109926\/revisions"}],"wp:attachment":[{"href":"https:\/\/www.deberes.net\/tesis\/wp-json\/wp\/v2\/media?parent=109926"}],"wp:term":[{"taxonomy":"category","embeddable":true,"href":"https:\/\/www.deberes.net\/tesis\/wp-json\/wp\/v2\/categories?post=109926"},{"taxonomy":"post_tag","embeddable":true,"href":"https:\/\/www.deberes.net\/tesis\/wp-json\/wp\/v2\/tags?post=109926"}],"curies":[{"name":"wp","href":"https:\/\/api.w.org\/{rel}","templated":true}]}}