{"id":109964,"date":"2011-07-07T00:00:00","date_gmt":"2011-07-07T00:00:00","guid":{"rendered":"https:\/\/www.deberes.net\/tesis\/sin-categoria\/sociologia-de-la-diversidad-funcional-auditiva-la-sordera-subita\/"},"modified":"2011-07-07T00:00:00","modified_gmt":"2011-07-07T00:00:00","slug":"sociologia-de-la-diversidad-funcional-auditiva-la-sordera-subita","status":"publish","type":"post","link":"https:\/\/www.deberes.net\/tesis\/nacional-de-educacion-a-distancia\/sociologia-de-la-diversidad-funcional-auditiva-la-sordera-subita\/","title":{"rendered":"Sociolog\u00eda de la diversidad funcional auditiva: la sordera subita"},"content":{"rendered":"<h2>Tesis doctoral de <strong> Georgina Cherta Laquente <\/strong><\/h2>\n<p>En esta tesis se muestra  la complejidad de la diversidad funcional auditiva y las consecuencia sociales que conlleva. El objetivo de la investigaci\u00f3n es tanto socavar las creencias e im\u00e1genes estereotipadas que existen en la sociedad sobre las personas sordas como mostrar un panorama hol\u00edstico de la diversidad funcional auditiva  en general y un an\u00e1lisis detallado de las consecuencias sociales que un diagn\u00f3stico biom\u00e9dico, la sordera s\u00fabita, tiene tanto para los individuos que la padecen como para los grupos sociales y culturales con los que se interrelaciona. Se concluye que la diversidad funcional auditiva en general y la sordera s\u00fabita en particular son construcciones sociales que legitiman una enfermedad\/discapacidad estigmatizada.<\/p>\n<p>&nbsp;<\/p>\n<h3>Datos acad\u00e9micos de la tesis doctoral \u00ab<strong>Sociolog\u00eda de la diversidad funcional auditiva: la sordera subita<\/strong>\u00ab<\/h3>\n<ul>\n<li><strong>T\u00edtulo de la tesis:<\/strong>\u00a0 Sociolog\u00eda de la diversidad funcional auditiva: la sordera subita <\/li>\n<li><strong>Autor:<\/strong>\u00a0 Georgina Cherta Laquente <\/li>\n<li><strong>Universidad:<\/strong>\u00a0 Nacional de educaci\u00f3n a distancia<\/li>\n<li><strong>Fecha de lectura de la tesis:<\/strong>\u00a0 07\/07\/2011<\/li>\n<\/ul>\n<p>&nbsp;<\/p>\n<h3>Direcci\u00f3n y tribunal<\/h3>\n<ul>\n<li><strong>Director de la tesis<\/strong>\n<ul>\n<li>Jos\u00e9 Antonio Nieto Pi\u00f1eroba<\/li>\n<\/ul>\n<\/li>\n<li><strong>Tribunal<\/strong>\n<ul>\n<li>Presidente del tribunal: jos\u00e9 Almaraz pestana <\/li>\n<li>Miguel angel Lopez gonzalez (vocal)<\/li>\n<li>Luis enrique Alonso benito (vocal)<\/li>\n<li>cristobal Loriente zamora (vocal)<\/li>\n<\/ul>\n<\/li>\n<\/ul>\n<p>&nbsp;<\/p>\n","protected":false},"excerpt":{"rendered":"<p>Tesis doctoral de Georgina Cherta Laquente En esta tesis se muestra la complejidad de la diversidad funcional auditiva y las [&hellip;]<\/p>\n","protected":false},"author":1,"featured_media":0,"comment_status":"open","ping_status":"open","sticky":false,"template":"","format":"standard","meta":{"site-sidebar-layout":"default","site-content-layout":"","ast-site-content-layout":"","site-content-style":"default","site-sidebar-style":"default","ast-global-header-display":"","ast-banner-title-visibility":"","ast-main-header-display":"","ast-hfb-above-header-display":"","ast-hfb-below-header-display":"","ast-hfb-mobile-header-display":"","site-post-title":"","ast-breadcrumbs-content":"","ast-featured-img":"","footer-sml-layout":"","theme-transparent-header-meta":"","adv-header-id-meta":"","stick-header-meta":"","header-above-stick-meta":"","header-main-stick-meta":"","header-below-stick-meta":"","astra-migrate-meta-layouts":"default","ast-page-background-enabled":"default","ast-page-background-meta":{"desktop":{"background-color":"var(--ast-global-color-4)","background-image":"","background-repeat":"repeat","background-position":"center center","background-size":"auto","background-attachment":"scroll","background-type":"","background-media":"","overlay-type":"","overlay-color":"","overlay-gradient":""},"tablet":{"background-color":"","background-image":"","background-repeat":"repeat","background-position":"center center","background-size":"auto","background-attachment":"scroll","background-type":"","background-media":"","overlay-type":"","overlay-color":"","overlay-gradient":""},"mobile":{"background-color":"","background-image":"","background-repeat":"repeat","background-position":"center center","background-size":"auto","background-attachment":"scroll","background-type":"","background-media":"","overlay-type":"","overlay-color":"","overlay-gradient":""}},"ast-content-background-meta":{"desktop":{"background-color":"var(--ast-global-color-5)","background-image":"","background-repeat":"repeat","background-position":"center center","background-size":"auto","background-attachment":"scroll","background-type":"","background-media":"","overlay-type":"","overlay-color":"","overlay-gradient":""},"tablet":{"background-color":"var(--ast-global-color-5)","background-image":"","background-repeat":"repeat","background-position":"center center","background-size":"auto","background-attachment":"scroll","background-type":"","background-media":"","overlay-type":"","overlay-color":"","overlay-gradient":""},"mobile":{"background-color":"var(--ast-global-color-5)","background-image":"","background-repeat":"repeat","background-position":"center center","background-size":"auto","background-attachment":"scroll","background-type":"","background-media":"","overlay-type":"","overlay-color":"","overlay-gradient":""}},"footnotes":""},"categories":[33865,110260,17070],"tags":[118617,219713,7402,90565,4645,219714],"class_list":["post-109964","post","type-post","status-publish","format-standard","hentry","category-enfermedad","category-inadaptacion","category-nacional-de-educacion-a-distancia","tag-cristobal-loriente-zamora","tag-georgina-cherta-laquente","tag-jose-almaraz-pestana","tag-jose-antonio-nieto-pineroba","tag-luis-enrique-alonso-benito","tag-miguel-angel-lopez-gonzalez"],"_links":{"self":[{"href":"https:\/\/www.deberes.net\/tesis\/wp-json\/wp\/v2\/posts\/109964","targetHints":{"allow":["GET"]}}],"collection":[{"href":"https:\/\/www.deberes.net\/tesis\/wp-json\/wp\/v2\/posts"}],"about":[{"href":"https:\/\/www.deberes.net\/tesis\/wp-json\/wp\/v2\/types\/post"}],"author":[{"embeddable":true,"href":"https:\/\/www.deberes.net\/tesis\/wp-json\/wp\/v2\/users\/1"}],"replies":[{"embeddable":true,"href":"https:\/\/www.deberes.net\/tesis\/wp-json\/wp\/v2\/comments?post=109964"}],"version-history":[{"count":0,"href":"https:\/\/www.deberes.net\/tesis\/wp-json\/wp\/v2\/posts\/109964\/revisions"}],"wp:attachment":[{"href":"https:\/\/www.deberes.net\/tesis\/wp-json\/wp\/v2\/media?parent=109964"}],"wp:term":[{"taxonomy":"category","embeddable":true,"href":"https:\/\/www.deberes.net\/tesis\/wp-json\/wp\/v2\/categories?post=109964"},{"taxonomy":"post_tag","embeddable":true,"href":"https:\/\/www.deberes.net\/tesis\/wp-json\/wp\/v2\/tags?post=109964"}],"curies":[{"name":"wp","href":"https:\/\/api.w.org\/{rel}","templated":true}]}}