{"id":110031,"date":"2011-08-07T00:00:00","date_gmt":"2011-08-07T00:00:00","guid":{"rendered":"https:\/\/www.deberes.net\/tesis\/sin-categoria\/juan-larrea-y-gerardo-diego-poesa%c2%ada-en-traduccion\/"},"modified":"2011-08-07T00:00:00","modified_gmt":"2011-08-07T00:00:00","slug":"juan-larrea-y-gerardo-diego-poesa%c2%ada-en-traduccion","status":"publish","type":"post","link":"https:\/\/www.deberes.net\/tesis\/lengua-y-literatura\/juan-larrea-y-gerardo-diego-poesa%c2%ada-en-traduccion\/","title":{"rendered":"Juan larrea y gerardo diego: poes\u00edaen traducci\u00f3n"},"content":{"rendered":"<h2>Tesis doctoral de <strong> Mar\u00eda Rodr\u00edguez Cerezales <\/strong><\/h2>\n<p>En esta tesis se estudian los aspectos de la poes\u00eda de juan larrea (1895-1980) relacionados con la traducci\u00f3n. Se presenta un corpus exhaustivo de las traducciones de gerardo diego (1896-1987) de poemas de juan larrea constituido a partir de textos publicados y textos conservados en el archivo personal de diego. Se analizan los mecanismos de la escritura francesa de larrea intervenidos por la doble presencia del franc\u00e9s y el espa\u00f1ol y los aspectos de la misma que representan una especial dificultad en traducci\u00f3n, y se ofrece asimismo un an\u00e1lisis de las traducciones de gerardo diego y una aproximaci\u00f3n a los presupuestos de la teor\u00eda creacionista vinculados con la traducci\u00f3n po\u00e9tica. Se dedica un estudio al ultra\u00edsmo con el objetivo de contextualizar los comienzos po\u00e9ticos de juan larrea y gerardo diego en la poes\u00eda de vanguardia y reconocer la naturaleza renovadora de esta en el panorama po\u00e9tico espa\u00f1ol de los a\u00f1os veinte. Igualmente, se ofrece un estudio sobre la experiencia universitaria de juan larrea en c\u00f3rdoba (argentina) como parte del an\u00e1lisis de su poes\u00eda.<\/p>\n<p>&nbsp;<\/p>\n<h3>Datos acad\u00e9micos de la tesis doctoral \u00ab<strong>Juan larrea y gerardo diego: poes\u00edaen traducci\u00f3n<\/strong>\u00ab<\/h3>\n<ul>\n<li><strong>T\u00edtulo de la tesis:<\/strong>\u00a0 Juan larrea y gerardo diego: poes\u00edaen traducci\u00f3n <\/li>\n<li><strong>Autor:<\/strong>\u00a0 Mar\u00eda Rodr\u00edguez Cerezales <\/li>\n<li><strong>Universidad:<\/strong>\u00a0 Pompeu fabra<\/li>\n<li><strong>Fecha de lectura de la tesis:<\/strong>\u00a0 08\/07\/2011<\/li>\n<\/ul>\n<p>&nbsp;<\/p>\n<h3>Direcci\u00f3n y tribunal<\/h3>\n<ul>\n<li><strong>Director de la tesis<\/strong>\n<ul>\n<li>Jos\u00e9 Francisco Ruiz Casanova<\/li>\n<\/ul>\n<\/li>\n<li><strong>Tribunal<\/strong>\n<ul>\n<li>Presidente del tribunal: jenaro Talens carmona <\/li>\n<li>Francisco Javier Letr\u00e1n caballero (vocal)<\/li>\n<li>fran\u00ed\u00a7oise Morcillo (vocal)<\/li>\n<li>nuria Rodr\u00edguez l\u00e1zaro (vocal)<\/li>\n<\/ul>\n<\/li>\n<\/ul>\n<p>&nbsp;<\/p>\n","protected":false},"excerpt":{"rendered":"<p>Tesis doctoral de Mar\u00eda Rodr\u00edguez Cerezales En esta tesis se estudian los aspectos de la poes\u00eda de juan larrea (1895-1980) [&hellip;]<\/p>\n","protected":false},"author":1,"featured_media":0,"comment_status":"open","ping_status":"open","sticky":false,"template":"","format":"standard","meta":{"site-sidebar-layout":"default","site-content-layout":"","ast-site-content-layout":"","site-content-style":"default","site-sidebar-style":"default","ast-global-header-display":"","ast-banner-title-visibility":"","ast-main-header-display":"","ast-hfb-above-header-display":"","ast-hfb-below-header-display":"","ast-hfb-mobile-header-display":"","site-post-title":"","ast-breadcrumbs-content":"","ast-featured-img":"","footer-sml-layout":"","theme-transparent-header-meta":"","adv-header-id-meta":"","stick-header-meta":"","header-above-stick-meta":"","header-main-stick-meta":"","header-below-stick-meta":"","astra-migrate-meta-layouts":"default","ast-page-background-enabled":"default","ast-page-background-meta":{"desktop":{"background-color":"var(--ast-global-color-4)","background-image":"","background-repeat":"repeat","background-position":"center center","background-size":"auto","background-attachment":"scroll","background-type":"","background-media":"","overlay-type":"","overlay-color":"","overlay-gradient":""},"tablet":{"background-color":"","background-image":"","background-repeat":"repeat","background-position":"center center","background-size":"auto","background-attachment":"scroll","background-type":"","background-media":"","overlay-type":"","overlay-color":"","overlay-gradient":""},"mobile":{"background-color":"","background-image":"","background-repeat":"repeat","background-position":"center center","background-size":"auto","background-attachment":"scroll","background-type":"","background-media":"","overlay-type":"","overlay-color":"","overlay-gradient":""}},"ast-content-background-meta":{"desktop":{"background-color":"var(--ast-global-color-5)","background-image":"","background-repeat":"repeat","background-position":"center center","background-size":"auto","background-attachment":"scroll","background-type":"","background-media":"","overlay-type":"","overlay-color":"","overlay-gradient":""},"tablet":{"background-color":"var(--ast-global-color-5)","background-image":"","background-repeat":"repeat","background-position":"center center","background-size":"auto","background-attachment":"scroll","background-type":"","background-media":"","overlay-type":"","overlay-color":"","overlay-gradient":""},"mobile":{"background-color":"var(--ast-global-color-5)","background-image":"","background-repeat":"repeat","background-position":"center center","background-size":"auto","background-attachment":"scroll","background-type":"","background-media":"","overlay-type":"","overlay-color":"","overlay-gradient":""}},"footnotes":""},"categories":[1867,636,18712],"tags":[219818,219819,4740,219817,219816,219820],"class_list":["post-110031","post","type-post","status-publish","format-standard","hentry","category-historia-de-la-literatura-espanola","category-lengua-y-literatura","category-pompeu-fabra","tag-francisco-javier-letran-caballero","tag-franioise-morcillo","tag-jenaro-talens-carmona","tag-jose-francisco-ruiz-casanova","tag-maria-rodriguez-cerezales","tag-nuria-rodriguez-lazaro"],"_links":{"self":[{"href":"https:\/\/www.deberes.net\/tesis\/wp-json\/wp\/v2\/posts\/110031","targetHints":{"allow":["GET"]}}],"collection":[{"href":"https:\/\/www.deberes.net\/tesis\/wp-json\/wp\/v2\/posts"}],"about":[{"href":"https:\/\/www.deberes.net\/tesis\/wp-json\/wp\/v2\/types\/post"}],"author":[{"embeddable":true,"href":"https:\/\/www.deberes.net\/tesis\/wp-json\/wp\/v2\/users\/1"}],"replies":[{"embeddable":true,"href":"https:\/\/www.deberes.net\/tesis\/wp-json\/wp\/v2\/comments?post=110031"}],"version-history":[{"count":0,"href":"https:\/\/www.deberes.net\/tesis\/wp-json\/wp\/v2\/posts\/110031\/revisions"}],"wp:attachment":[{"href":"https:\/\/www.deberes.net\/tesis\/wp-json\/wp\/v2\/media?parent=110031"}],"wp:term":[{"taxonomy":"category","embeddable":true,"href":"https:\/\/www.deberes.net\/tesis\/wp-json\/wp\/v2\/categories?post=110031"},{"taxonomy":"post_tag","embeddable":true,"href":"https:\/\/www.deberes.net\/tesis\/wp-json\/wp\/v2\/tags?post=110031"}],"curies":[{"name":"wp","href":"https:\/\/api.w.org\/{rel}","templated":true}]}}