{"id":110049,"date":"2011-08-07T00:00:00","date_gmt":"2011-08-07T00:00:00","guid":{"rendered":"https:\/\/www.deberes.net\/tesis\/sin-categoria\/representaa%c2%a7a%c2%b5es-sociais-das-alteraa%c2%a7a%c2%b5es-climaticas-um-estudo-sobre-a-relaa%c2%a7ao-entre-formaa%c2%a7ao-cienta%c2%adfica-e-cultura-comum-em-portugal\/"},"modified":"2011-08-07T00:00:00","modified_gmt":"2011-08-07T00:00:00","slug":"representaa%c2%a7a%c2%b5es-sociais-das-alteraa%c2%a7a%c2%b5es-climaticas-um-estudo-sobre-a-relaa%c2%a7ao-entre-formaa%c2%a7ao-cienta%c2%adfica-e-cultura-comum-em-portugal","status":"publish","type":"post","link":"https:\/\/www.deberes.net\/tesis\/santiago-de-compostela\/representaa%c2%a7a%c2%b5es-sociais-das-alteraa%c2%a7a%c2%b5es-climaticas-um-estudo-sobre-a-relaa%c2%a7ao-entre-formaa%c2%a7ao-cienta%c2%adfica-e-cultura-comum-em-portugal\/","title":{"rendered":"Representa\u00c1\u00a7\u00c1\u00b5es sociais das altera\u00c1\u00a7\u00c1\u00b5es clim\u00e1ticas: um estudo sobre a rela\u00c1\u00a7\u00c1\u00a3o entre forma\u00c1\u00a7\u00c1\u00a3o cient\u00edfica e cultura comum em portugal"},"content":{"rendered":"<h2>Tesis doctoral de <strong> Ana Paula Ventura Viterbo Fernandes Das Neves <\/strong><\/h2>\n<p>Nos \u00faltimos anos as altera\u00ed\u00a7\u00ed\u00b5es clim\u00e1ticas ganharam relevo e s\u00ed\u00a3o uma prioridade global e de urg\u00ed\u00aancia de ac\u00ed\u00a7\u00ed\u00b5es pol\u00edticas internacionais. Desde um ponto de vista s\u00f3cio-cultural e educativo, a transla\u00ed\u00a7\u00ed\u00a3o desta problem\u00e1tica \u00ed\u00a0 opini\u00ed\u00a3o p\u00fablica oferece uma oportunidade \u00fanica para analisar as complexas rela\u00ed\u00a7\u00ed\u00b5es que se produzem entre a cultura cient\u00edfica e a cultura comum, explorando as deriva\u00ed\u00a7\u00ed\u00b5es educativas, principalmente na forma\u00ed\u00a7\u00ed\u00a3o de professores, da sua hibrida\u00ed\u00a7\u00ed\u00a3o. neste estudo o campo da an\u00e1lise emp\u00edrica foi restringido no espa\u00ed\u00a7o social aos profissionais de ensino, seleccionando professores do ensino secund\u00e1rio em lecciona\u00ed\u00a7\u00ed\u00a3o e estudantes universit\u00e1rios, com probabilidade de ensinar num futuro pr\u00f3ximo. a finalidade principal deste estudo foi compreender qual a influ\u00ed\u00aancia da forma\u00ed\u00a7\u00ed\u00a3o cientifica e cultural dos professores e dos estudantes universit\u00e1rios nas representa\u00ed\u00a7\u00ed\u00b5es das altera\u00ed\u00a7\u00ed\u00b5es clim\u00e1ticas e como essa representa\u00ed\u00a7\u00ed\u00a3o, condiciona as valoriza\u00ed\u00a7\u00ed\u00b5es, as atitudes e os comportamentos, bem como as ac\u00ed\u00a7\u00ed\u00b5es no futuro e ainda, se essa percep\u00ed\u00a7\u00ed\u00a3o condiciona a conceptualiza\u00ed\u00a7\u00ed\u00a3o do processo ensino-aprendizagem na compreens\u00ed\u00a3o e comunica\u00ed\u00a7\u00ed\u00a3o do fen\u00f3meno.  o estudo revelou que a identifica\u00ed\u00a7\u00ed\u00a3o do problema \u00e9 correcta, apresentando os participantes responsabilidade social. A rela\u00ed\u00a7\u00ed\u00a3o entre a forma\u00ed\u00a7\u00ed\u00a3o cientifica e a cultura comum na representa\u00ed\u00a7\u00ed\u00a3o do fen\u00f3meno apresentou-se sobretudo baseada na cultura comum.<\/p>\n<p>&nbsp;<\/p>\n<h3>Datos acad\u00e9micos de la tesis doctoral \u00ab<strong>Representa\u00c1\u00a7\u00c1\u00b5es sociais das altera\u00c1\u00a7\u00c1\u00b5es clim\u00e1ticas: um estudo sobre a rela\u00c1\u00a7\u00c1\u00a3o entre forma\u00c1\u00a7\u00c1\u00a3o cient\u00edfica e cultura comum em portugal<\/strong>\u00ab<\/h3>\n<ul>\n<li><strong>T\u00edtulo de la tesis:<\/strong>\u00a0 Representa\u00c1\u00a7\u00c1\u00b5es sociais das altera\u00c1\u00a7\u00c1\u00b5es clim\u00e1ticas: um estudo sobre a rela\u00c1\u00a7\u00c1\u00a3o entre forma\u00c1\u00a7\u00c1\u00a3o cient\u00edfica e cultura comum em portugal <\/li>\n<li><strong>Autor:<\/strong>\u00a0 Ana Paula Ventura Viterbo Fernandes Das Neves <\/li>\n<li><strong>Universidad:<\/strong>\u00a0 Santiago de compostela<\/li>\n<li><strong>Fecha de lectura de la tesis:<\/strong>\u00a0 08\/07\/2011<\/li>\n<\/ul>\n<p>&nbsp;<\/p>\n<h3>Direcci\u00f3n y tribunal<\/h3>\n<ul>\n<li><strong>Director de la tesis<\/strong>\n<ul>\n<li>Pablo Meira Cart\u00e9a<\/li>\n<\/ul>\n<\/li>\n<li><strong>Tribunal<\/strong>\n<ul>\n<li>Presidente del tribunal: Jos\u00e9 Antonio Caride gomez <\/li>\n<li>Javier Benayas del \u00e1lamo (vocal)<\/li>\n<li>Jos\u00e9 Guti\u00e9rrez p\u00e9rez (vocal)<\/li>\n<li>Mar\u00eda  clara Barroso jerez (vocal)<\/li>\n<\/ul>\n<\/li>\n<\/ul>\n<p>&nbsp;<\/p>\n","protected":false},"excerpt":{"rendered":"<p>Tesis doctoral de Ana Paula Ventura Viterbo Fernandes Das Neves Nos \u00faltimos anos as altera\u00ed\u00a7\u00ed\u00b5es clim\u00e1ticas ganharam relevo e s\u00ed\u00a3o [&hellip;]<\/p>\n","protected":false},"author":1,"featured_media":0,"comment_status":"open","ping_status":"open","sticky":false,"template":"","format":"standard","meta":{"site-sidebar-layout":"default","site-content-layout":"","ast-site-content-layout":"","site-content-style":"default","site-sidebar-style":"default","ast-global-header-display":"","ast-banner-title-visibility":"","ast-main-header-display":"","ast-hfb-above-header-display":"","ast-hfb-below-header-display":"","ast-hfb-mobile-header-display":"","site-post-title":"","ast-breadcrumbs-content":"","ast-featured-img":"","footer-sml-layout":"","theme-transparent-header-meta":"","adv-header-id-meta":"","stick-header-meta":"","header-above-stick-meta":"","header-main-stick-meta":"","header-below-stick-meta":"","astra-migrate-meta-layouts":"default","ast-page-background-enabled":"default","ast-page-background-meta":{"desktop":{"background-color":"var(--ast-global-color-4)","background-image":"","background-repeat":"repeat","background-position":"center center","background-size":"auto","background-attachment":"scroll","background-type":"","background-media":"","overlay-type":"","overlay-color":"","overlay-gradient":""},"tablet":{"background-color":"","background-image":"","background-repeat":"repeat","background-position":"center center","background-size":"auto","background-attachment":"scroll","background-type":"","background-media":"","overlay-type":"","overlay-color":"","overlay-gradient":""},"mobile":{"background-color":"","background-image":"","background-repeat":"repeat","background-position":"center center","background-size":"auto","background-attachment":"scroll","background-type":"","background-media":"","overlay-type":"","overlay-color":"","overlay-gradient":""}},"ast-content-background-meta":{"desktop":{"background-color":"var(--ast-global-color-5)","background-image":"","background-repeat":"repeat","background-position":"center center","background-size":"auto","background-attachment":"scroll","background-type":"","background-media":"","overlay-type":"","overlay-color":"","overlay-gradient":""},"tablet":{"background-color":"var(--ast-global-color-5)","background-image":"","background-repeat":"repeat","background-position":"center center","background-size":"auto","background-attachment":"scroll","background-type":"","background-media":"","overlay-type":"","overlay-color":"","overlay-gradient":""},"mobile":{"background-color":"var(--ast-global-color-5)","background-image":"","background-repeat":"repeat","background-position":"center center","background-size":"auto","background-attachment":"scroll","background-type":"","background-media":"","overlay-type":"","overlay-color":"","overlay-gradient":""}},"footnotes":""},"categories":[977,11958],"tags":[219848,144974,2625,37033,122917,41158],"class_list":["post-110049","post","type-post","status-publish","format-standard","hentry","category-santiago-de-compostela","category-teorias-educativas","tag-ana-paula-ventura-viterbo-fernandes-das-neves","tag-javier-benayas-del-alamo","tag-jose-antonio-caride-gomez","tag-jose-gutierrez-perez","tag-maria-clara-barroso-jerez","tag-pablo-meira-cartea"],"_links":{"self":[{"href":"https:\/\/www.deberes.net\/tesis\/wp-json\/wp\/v2\/posts\/110049","targetHints":{"allow":["GET"]}}],"collection":[{"href":"https:\/\/www.deberes.net\/tesis\/wp-json\/wp\/v2\/posts"}],"about":[{"href":"https:\/\/www.deberes.net\/tesis\/wp-json\/wp\/v2\/types\/post"}],"author":[{"embeddable":true,"href":"https:\/\/www.deberes.net\/tesis\/wp-json\/wp\/v2\/users\/1"}],"replies":[{"embeddable":true,"href":"https:\/\/www.deberes.net\/tesis\/wp-json\/wp\/v2\/comments?post=110049"}],"version-history":[{"count":0,"href":"https:\/\/www.deberes.net\/tesis\/wp-json\/wp\/v2\/posts\/110049\/revisions"}],"wp:attachment":[{"href":"https:\/\/www.deberes.net\/tesis\/wp-json\/wp\/v2\/media?parent=110049"}],"wp:term":[{"taxonomy":"category","embeddable":true,"href":"https:\/\/www.deberes.net\/tesis\/wp-json\/wp\/v2\/categories?post=110049"},{"taxonomy":"post_tag","embeddable":true,"href":"https:\/\/www.deberes.net\/tesis\/wp-json\/wp\/v2\/tags?post=110049"}],"curies":[{"name":"wp","href":"https:\/\/api.w.org\/{rel}","templated":true}]}}