{"id":110062,"date":"2011-08-07T00:00:00","date_gmt":"2011-08-07T00:00:00","guid":{"rendered":"https:\/\/www.deberes.net\/tesis\/sin-categoria\/environmental-governance-from-a-gender-perspective-theoretical-reflections-and-case-studies\/"},"modified":"2011-08-07T00:00:00","modified_gmt":"2011-08-07T00:00:00","slug":"environmental-governance-from-a-gender-perspective-theoretical-reflections-and-case-studies","status":"publish","type":"post","link":"https:\/\/www.deberes.net\/tesis\/girona\/environmental-governance-from-a-gender-perspective-theoretical-reflections-and-case-studies\/","title":{"rendered":"Environmental governance from a gender perspective. theoretical reflections and case studies"},"content":{"rendered":"<h2>Tesis doctoral de <strong> Mercedes Aguera Cabo <\/strong><\/h2>\n<p>Durante la segunda mitad del siglo xx hemos asistido a la escalada del debat ambiental hasta convertirse en uno de los retos m\u00e1s complejos que tienen que afrontar las autoridades tanto a nivell internacional, nacional, regional como municipal. la complejidad intr\u00ednseca de los problemas ambientales, los cuales presentan interconexiones entre las dimensiones econ\u00f3mica, sociocultural y ecol\u00f3gica del territorio, se incrementa a\u00fan m\u00e1s a causa de los diferents enfoques que participan en el debate: social, cient\u00edfico y pol\u00edtico, y sus interdependencias.  en el marco de la governabilidad, el assessoramiento cient\u00edfico i t\u00e9cnico continua siendo esencial, pero dejan de ser la \u00fanica fuente posible para legitimar la toma de decisi\u00f3n pol\u00edtica respecto a la gesti\u00f3 del medio. La discussi\u00f3n se abre a la consideraci\u00f3n de las distintas perspectivas (cient\u00edficas, sociales y pol\u00edticas) que existeixen en relaci\u00f3n a nuestro entorno. este giro fundamental que han vivido los procesos de decisi\u00f3n de la mano de la governabilidad, son tambi\u00e9n un marco esperanzador para la introducci\u00f3n de la perspectiva de g\u00e9nero y feminista en lo que se refiere al medio ambiente. Y viceversa: en el marco de la governabilidad la perspectiva de g\u00e9nere y feminista aportan reflexiones te\u00f3ricas innovadoras respecto al medio ambiente, que no ten\u00edan posibilidad de intervenci\u00f3n en la orientaci\u00f3n t\u00e9cnica con la que tradicionalmente se hab\u00eda tractado la gesti\u00f3n ambiental. Adem\u00e1s, los estudios de g\u00e9nero y feministas tambi\u00e9n aportan una mirada espec\u00edfica en relaci\u00f3n a la inclusi\u00f3n de la ciudadan\u00eda en els procesos de participaci\u00f3n que se han generalizado a ra\u00edz de la aplicaci\u00f3n de los principios de la governabilidad. el principal objectivo de este estudio es explorar en profundidad y sistematitzar las perspectivas que aportan los estudios de g\u00e9nero y feministas a la governabilidad del medio ambiente. Cual es la especificidad de una mirada de g\u00e9nere y feminista? En qu\u00e9 sentido aportan una nueva luz a los procesos de la governabilidad ambiental? estas cuestions son exploradas emp\u00edrica i te\u00f3ricamente. La parte emp\u00edrica del estudio incluye el an\u00e1lisis bibliogr\u00e1fico, el estudio desde la perspectiva del g\u00e9nero de la agenda 21 de catalu\u00f1a, y el an\u00e1lisi de g\u00e9nero de tres casos de mobilizaciones ambientales ocurridas en el norte de catalu\u00f1a. los contenidos de la tesi se presentan en tres partes que se pueden resumir como: puntos de partida conceptuales y te\u00f3ricos (parte i. G\u00e9nero y governabilidad ambiental. Teor\u00eda y pr\u00e1ctica: la situaci\u00f3n actual); investigaci\u00f3n emp\u00edrica (parte ii: emplorando la teor\u00eda sobre el terreno: g\u00e9nero, preocupaciones ambientales, y activismo de las mujeres); y reflexiones te\u00f3ricas (parte iii: del trabajo de campo a la teor\u00eda: reflexiones feministas sobre los valores, la ciencia y la legitimdad). finalmente, el cap\u00edtulo de conclusiones sistematiza las aportaciones emp\u00edricas y te\u00f3ricas de la investigaci\u00f3n y desarrolla una propuesta pr\u00e1ctica para introducir transversalmente la perspectiva de g\u00e9nero en la governabilidad del medio ambiente.<\/p>\n<p>&nbsp;<\/p>\n<h3>Datos acad\u00e9micos de la tesis doctoral \u00ab<strong>Environmental governance from a gender perspective. theoretical reflections and case studies<\/strong>\u00ab<\/h3>\n<ul>\n<li><strong>T\u00edtulo de la tesis:<\/strong>\u00a0 Environmental governance from a gender perspective. theoretical reflections and case studies <\/li>\n<li><strong>Autor:<\/strong>\u00a0 Mercedes Aguera Cabo <\/li>\n<li><strong>Universidad:<\/strong>\u00a0 Girona<\/li>\n<li><strong>Fecha de lectura de la tesis:<\/strong>\u00a0 08\/07\/2011<\/li>\n<\/ul>\n<p>&nbsp;<\/p>\n<h3>Direcci\u00f3n y tribunal<\/h3>\n<ul>\n<li><strong>Director de la tesis<\/strong>\n<ul>\n<li>Josepa Bru Bistuer<\/li>\n<\/ul>\n<\/li>\n<li><strong>Tribunal<\/strong>\n<ul>\n<li>Presidente del tribunal: Mar\u00eda  dolores Garc\u00eda ram\u00f3n <\/li>\n<li>joan Verges  gifra (vocal)<\/li>\n<li>roger Strand (vocal)<\/li>\n<li>alicia helda Puleo garcia (vocal)<\/li>\n<\/ul>\n<\/li>\n<\/ul>\n<p>&nbsp;<\/p>\n","protected":false},"excerpt":{"rendered":"<p>Tesis doctoral de Mercedes Aguera Cabo Durante la segunda mitad del siglo xx hemos asistido a la escalada del debat [&hellip;]<\/p>\n","protected":false},"author":1,"featured_media":0,"comment_status":"open","ping_status":"open","sticky":false,"template":"","format":"standard","meta":{"site-sidebar-layout":"default","site-content-layout":"","ast-site-content-layout":"","site-content-style":"default","site-sidebar-style":"default","ast-global-header-display":"","ast-banner-title-visibility":"","ast-main-header-display":"","ast-hfb-above-header-display":"","ast-hfb-below-header-display":"","ast-hfb-mobile-header-display":"","site-post-title":"","ast-breadcrumbs-content":"","ast-featured-img":"","footer-sml-layout":"","theme-transparent-header-meta":"","adv-header-id-meta":"","stick-header-meta":"","header-above-stick-meta":"","header-main-stick-meta":"","header-below-stick-meta":"","astra-migrate-meta-layouts":"default","ast-page-background-enabled":"default","ast-page-background-meta":{"desktop":{"background-color":"var(--ast-global-color-4)","background-image":"","background-repeat":"repeat","background-position":"center center","background-size":"auto","background-attachment":"scroll","background-type":"","background-media":"","overlay-type":"","overlay-color":"","overlay-gradient":""},"tablet":{"background-color":"","background-image":"","background-repeat":"repeat","background-position":"center center","background-size":"auto","background-attachment":"scroll","background-type":"","background-media":"","overlay-type":"","overlay-color":"","overlay-gradient":""},"mobile":{"background-color":"","background-image":"","background-repeat":"repeat","background-position":"center center","background-size":"auto","background-attachment":"scroll","background-type":"","background-media":"","overlay-type":"","overlay-color":"","overlay-gradient":""}},"ast-content-background-meta":{"desktop":{"background-color":"var(--ast-global-color-5)","background-image":"","background-repeat":"repeat","background-position":"center center","background-size":"auto","background-attachment":"scroll","background-type":"","background-media":"","overlay-type":"","overlay-color":"","overlay-gradient":""},"tablet":{"background-color":"var(--ast-global-color-5)","background-image":"","background-repeat":"repeat","background-position":"center center","background-size":"auto","background-attachment":"scroll","background-type":"","background-media":"","overlay-type":"","overlay-color":"","overlay-gradient":""},"mobile":{"background-color":"var(--ast-global-color-5)","background-image":"","background-repeat":"repeat","background-position":"center center","background-size":"auto","background-attachment":"scroll","background-type":"","background-media":"","overlay-type":"","overlay-color":"","overlay-gradient":""}},"footnotes":""},"categories":[18809,37684],"tags":[209100,78676,65895,148899,219871,190600],"class_list":["post-110062","post","type-post","status-publish","format-standard","hentry","category-girona","category-politica-del-medio-ambiente","tag-alicia-helda-puleo-garcia","tag-joan-verges-gifra","tag-josepa-bru-bistuer","tag-maria-dolores-garcia-ramon","tag-mercedes-agaera-cabo","tag-roger-strand"],"_links":{"self":[{"href":"https:\/\/www.deberes.net\/tesis\/wp-json\/wp\/v2\/posts\/110062","targetHints":{"allow":["GET"]}}],"collection":[{"href":"https:\/\/www.deberes.net\/tesis\/wp-json\/wp\/v2\/posts"}],"about":[{"href":"https:\/\/www.deberes.net\/tesis\/wp-json\/wp\/v2\/types\/post"}],"author":[{"embeddable":true,"href":"https:\/\/www.deberes.net\/tesis\/wp-json\/wp\/v2\/users\/1"}],"replies":[{"embeddable":true,"href":"https:\/\/www.deberes.net\/tesis\/wp-json\/wp\/v2\/comments?post=110062"}],"version-history":[{"count":0,"href":"https:\/\/www.deberes.net\/tesis\/wp-json\/wp\/v2\/posts\/110062\/revisions"}],"wp:attachment":[{"href":"https:\/\/www.deberes.net\/tesis\/wp-json\/wp\/v2\/media?parent=110062"}],"wp:term":[{"taxonomy":"category","embeddable":true,"href":"https:\/\/www.deberes.net\/tesis\/wp-json\/wp\/v2\/categories?post=110062"},{"taxonomy":"post_tag","embeddable":true,"href":"https:\/\/www.deberes.net\/tesis\/wp-json\/wp\/v2\/tags?post=110062"}],"curies":[{"name":"wp","href":"https:\/\/api.w.org\/{rel}","templated":true}]}}