{"id":110155,"date":"2011-12-07T00:00:00","date_gmt":"2011-12-07T00:00:00","guid":{"rendered":"https:\/\/www.deberes.net\/tesis\/sin-categoria\/estilos-de-aprendizaje-y-medios-didacticos-en-contextos-virtuales\/"},"modified":"2011-12-07T00:00:00","modified_gmt":"2011-12-07T00:00:00","slug":"estilos-de-aprendizaje-y-medios-didacticos-en-contextos-virtuales","status":"publish","type":"post","link":"https:\/\/www.deberes.net\/tesis\/metodos-pedagogicos\/estilos-de-aprendizaje-y-medios-didacticos-en-contextos-virtuales\/","title":{"rendered":"Estilos de aprendizaje y medios didacticos en contextos virtuales"},"content":{"rendered":"<h2>Tesis doctoral de <strong> Daniela Melare Vieira Barros <\/strong><\/h2>\n<p>La investigaci\u00f3n tuvo por objeto proporcionar directrices para el uso del espacio virtual como espacio educativo, teniendo como referencia los elementos que constituyen los estilos de uso del espacio virtual para aprender. Considerando esta afirmaci\u00f3n, la investigaci\u00f3n determin\u00f3 c\u00f3mo se aprende en el espacio virtual, cu\u00e1les son los elementos clave para el aprendizaje en el espacio virtual y c\u00f3mo las personas, seg\u00fan los diversos estilos de aprendizaje, utilizan el espacio virtual. La metodolog\u00eda de investigaci\u00f3n fue la descriptiva, desarroll\u00e1ndose a trav\u00e9s de la investigaci\u00f3n documental, bibliogr\u00e1fica y de campo. La investigaci\u00f3n de campo fue llev\u00f3 a cabo con personas del \u00e1rea universitaria y que utilizaban el ordenador. El an\u00e1lisis de los resultados hizo posible la elaboraci\u00f3n de un perfil de usuario y de las caracter\u00edsticas que los definen, ayudando a entender c\u00f3mo se puede aprender mejor en el espacio virtual.  palabras-clave: estilo de uso del espacio virtual. Educaci\u00f3n y aprendizaje. Virtual. Estilos de aprendizaje.<\/p>\n<p>&nbsp;<\/p>\n<h3>Datos acad\u00e9micos de la tesis doctoral \u00ab<strong>Estilos de aprendizaje y medios didacticos en contextos virtuales<\/strong>\u00ab<\/h3>\n<ul>\n<li><strong>T\u00edtulo de la tesis:<\/strong>\u00a0 Estilos de aprendizaje y medios didacticos en contextos virtuales <\/li>\n<li><strong>Autor:<\/strong>\u00a0 Daniela Melare Vieira Barros <\/li>\n<li><strong>Universidad:<\/strong>\u00a0 Nacional de educaci\u00f3n a distancia<\/li>\n<li><strong>Fecha de lectura de la tesis:<\/strong>\u00a0 12\/07\/2011<\/li>\n<\/ul>\n<p>&nbsp;<\/p>\n<h3>Direcci\u00f3n y tribunal<\/h3>\n<ul>\n<li><strong>Director de la tesis<\/strong>\n<ul>\n<li>Catalina Mar\u00eda Alonso Garc\u00eda<\/li>\n<\/ul>\n<\/li>\n<li><strong>Tribunal<\/strong>\n<ul>\n<li>Presidente del tribunal: domingo jos\u00e9 Gallego gil <\/li>\n<li>Mar\u00eda no Guti\u00e9rrez tapias (vocal)<\/li>\n<li>Antonio Nevot luna (vocal)<\/li>\n<li>Jos\u00e9 Manuel Mansilla morales (vocal)<\/li>\n<\/ul>\n<\/li>\n<\/ul>\n<p>&nbsp;<\/p>\n","protected":false},"excerpt":{"rendered":"<p>Tesis doctoral de Daniela Melare Vieira Barros La investigaci\u00f3n tuvo por objeto proporcionar directrices para el uso del espacio virtual [&hellip;]<\/p>\n","protected":false},"author":1,"featured_media":0,"comment_status":"open","ping_status":"open","sticky":false,"template":"","format":"standard","meta":{"site-sidebar-layout":"default","site-content-layout":"","ast-site-content-layout":"","site-content-style":"default","site-sidebar-style":"default","ast-global-header-display":"","ast-banner-title-visibility":"","ast-main-header-display":"","ast-hfb-above-header-display":"","ast-hfb-below-header-display":"","ast-hfb-mobile-header-display":"","site-post-title":"","ast-breadcrumbs-content":"","ast-featured-img":"","footer-sml-layout":"","theme-transparent-header-meta":"","adv-header-id-meta":"","stick-header-meta":"","header-above-stick-meta":"","header-main-stick-meta":"","header-below-stick-meta":"","astra-migrate-meta-layouts":"default","ast-page-background-enabled":"default","ast-page-background-meta":{"desktop":{"background-color":"var(--ast-global-color-4)","background-image":"","background-repeat":"repeat","background-position":"center center","background-size":"auto","background-attachment":"scroll","background-type":"","background-media":"","overlay-type":"","overlay-color":"","overlay-gradient":""},"tablet":{"background-color":"","background-image":"","background-repeat":"repeat","background-position":"center center","background-size":"auto","background-attachment":"scroll","background-type":"","background-media":"","overlay-type":"","overlay-color":"","overlay-gradient":""},"mobile":{"background-color":"","background-image":"","background-repeat":"repeat","background-position":"center center","background-size":"auto","background-attachment":"scroll","background-type":"","background-media":"","overlay-type":"","overlay-color":"","overlay-gradient":""}},"ast-content-background-meta":{"desktop":{"background-color":"var(--ast-global-color-5)","background-image":"","background-repeat":"repeat","background-position":"center center","background-size":"auto","background-attachment":"scroll","background-type":"","background-media":"","overlay-type":"","overlay-color":"","overlay-gradient":""},"tablet":{"background-color":"var(--ast-global-color-5)","background-image":"","background-repeat":"repeat","background-position":"center center","background-size":"auto","background-attachment":"scroll","background-type":"","background-media":"","overlay-type":"","overlay-color":"","overlay-gradient":""},"mobile":{"background-color":"var(--ast-global-color-5)","background-image":"","background-repeat":"repeat","background-position":"center center","background-size":"auto","background-attachment":"scroll","background-type":"","background-media":"","overlay-type":"","overlay-color":"","overlay-gradient":""}},"footnotes":""},"categories":[2233,17070],"tags":[49791,23673,220034,17106,208401,45965],"class_list":["post-110155","post","type-post","status-publish","format-standard","hentry","category-metodos-pedagogicos","category-nacional-de-educacion-a-distancia","tag-antonio-nevot-luna","tag-catalina-maria-alonso-garcia","tag-daniela-melare-vieira-barros","tag-domingo-jose-gallego-gil","tag-jose-manuel-mansilla-morales","tag-maria-no-gutierrez-tapias"],"_links":{"self":[{"href":"https:\/\/www.deberes.net\/tesis\/wp-json\/wp\/v2\/posts\/110155","targetHints":{"allow":["GET"]}}],"collection":[{"href":"https:\/\/www.deberes.net\/tesis\/wp-json\/wp\/v2\/posts"}],"about":[{"href":"https:\/\/www.deberes.net\/tesis\/wp-json\/wp\/v2\/types\/post"}],"author":[{"embeddable":true,"href":"https:\/\/www.deberes.net\/tesis\/wp-json\/wp\/v2\/users\/1"}],"replies":[{"embeddable":true,"href":"https:\/\/www.deberes.net\/tesis\/wp-json\/wp\/v2\/comments?post=110155"}],"version-history":[{"count":0,"href":"https:\/\/www.deberes.net\/tesis\/wp-json\/wp\/v2\/posts\/110155\/revisions"}],"wp:attachment":[{"href":"https:\/\/www.deberes.net\/tesis\/wp-json\/wp\/v2\/media?parent=110155"}],"wp:term":[{"taxonomy":"category","embeddable":true,"href":"https:\/\/www.deberes.net\/tesis\/wp-json\/wp\/v2\/categories?post=110155"},{"taxonomy":"post_tag","embeddable":true,"href":"https:\/\/www.deberes.net\/tesis\/wp-json\/wp\/v2\/tags?post=110155"}],"curies":[{"name":"wp","href":"https:\/\/api.w.org\/{rel}","templated":true}]}}